{"id":2722,"date":"2010-03-11T09:34:56","date_gmt":"2010-03-11T09:34:56","guid":{"rendered":"http:\/\/wp.leiklist.is\/?p=2722"},"modified":"2010-03-11T09:34:56","modified_gmt":"2010-03-11T09:34:56","slug":"sieustu-syningar-a-ufsagrylum","status":"publish","type":"post","link":"https:\/\/leiklist.is\/en\/sieustu-syningar-a-ufsagrylum\/","title":{"rendered":"S\u00ed\u00f0ustu s\u00fdningar \u00e1 Ufsagr\u00fdlum"},"content":{"rendered":"<p>N\u00fa eru a\u00f0eins tv\u00e6r s\u00fdningar eftir \u00e1 Ufsagr\u00fdlum eftir Sj\u00f3n \u00ed leikstj\u00f3rn R\u00fanars Gu\u00f0brandssonar. \u00dea\u00f0 er Lab Loki \u00ed samvinnu vi\u00f0 Hafnarfjar\u00f0arleikh\u00fasi\u00f0 sem setur verki\u00f0 upp \u00ed Hafnarfjar\u00f0arleikh\u00fasinu. S\u00ed\u00f0ustu tv\u00e6r s\u00fdningarnar ver\u00f0a laugardaginn 13. mars. og fimmtudaginn 18. mars. kl. 20.00.<br \/>  <!--more-->  <br \/>\u00cd Ufsagr\u00fdlum er teki\u00f0 \u00e1 m\u00e1lefnum l\u00ed\u00f0andi sundar me\u00f0 a\u00f0fer\u00f0um gr\u00f3teskunnar og karnivalsins: \u201cG\u00f3\u00f0u dagarnir sundru\u00f0u s\u00e1linni, afskr\u00e6mdu l\u00edkamann, \u00feurrku\u00f0u \u00fat m\u00f6rkin milli manna og dr\u00fdsla. \u00c1 leynilegri sj\u00fakrastofnun hefst endurh\u00e6fingin, leitin a\u00f0 n\u00fdrri manneskju me\u00f0 heilbrig\u00f0a s\u00e1l \u00ed hraustum l\u00edkama. En \u00fea\u00f0 getur veri\u00f0 erfitt a\u00f0 venja sig af gull\u00e1ti og saurugum hugsunum, og ekki er v\u00edst a\u00f0 alltaf b\u00fai flag\u00f0 undir f\u00f6gru skinni \u2013 e\u00f0a \u00f6fugt\u201d.<\/p>\n<p>Vinsamlega panti\u00f0 mi\u00f0a \u00ed s\u00edma: 555 2222 e\u00f0a \u00e1 theater@vortex.is<br \/>Lab Loki hefur starfa\u00f0 s\u00ed\u00f0an 1992 b\u00e6\u00f0i h\u00e9rlendis og erlendis og hloti\u00f0 \u00fdmsar vi\u00f0urkenningar gegnum t\u00ed\u00f0ina. Skemmst er a\u00f0 minnast s\u00ed\u00f0ustu s\u00fdningar h\u00f3psins Steinar \u00ed dj\u00fapinu sem s\u00fdnd var \u00ed Hafnarfjar\u00f0arleikh\u00fasinu s.l. vetur og hlaut einr\u00f3ma lof \u00e1horfenda og gagnr\u00fdnenda. R\u00fanar Gu\u00f0brandsson h\u00f6fundur og leikstj\u00f3ri s\u00fdningarinnar var tilnefndur til Menningarver\u00f0launa DV og s\u00fdningin hlaut t\u00f3lf tilnefningar til \u00edslensku svi\u00f0slistaver\u00f0launanna Gr\u00edmunnar, en \u00ferj\u00e1r Gr\u00edmur f\u00e9llu henni \u00ed skaut.<\/p>\n<p>Verki\u00f0 er samstarfsverkefni Lab Loka og Hafnarfjar\u00f0arleikh\u00fassins og er sett upp me\u00f0 styrk fr\u00e1 Menntam\u00e1lar\u00e1\u00f0uneytinu og Fer\u00f0a- og menningarm\u00e1lanefnd Reykjav\u00edkurborgar.<\/p>\n<p>{mos_fb_discuss:2}<\/p>","protected":false},"excerpt":{"rendered":"<p>N\u00fa eru a\u00f0eins tv\u00e6r s\u00fdningar eftir \u00e1 Ufsagr\u00fdlum eftir Sj\u00f3n \u00ed leikstj\u00f3rn R\u00fanars Gu\u00f0brandssonar. \u00dea\u00f0 er Lab Loki \u00ed samvinnu vi\u00f0 Hafnarfjar\u00f0arleikh\u00fasi\u00f0 sem setur verki\u00f0 upp \u00ed Hafnarfjar\u00f0arleikh\u00fasinu. S\u00ed\u00f0ustu tv\u00e6r s\u00fdningarnar ver\u00f0a laugardaginn 13. mars. og fimmtudaginn 18. mars. kl. 20.00.<\/p>","protected":false},"author":3,"featured_media":2662,"comment_status":"open","ping_status":"open","sticky":false,"template":"","format":"standard","meta":{"_et_pb_use_builder":"","_et_pb_old_content":"","_et_gb_content_width":"","footnotes":""},"categories":[187],"tags":[],"class_list":["post-2722","post","type-post","status-publish","format-standard","has-post-thumbnail","hentry","category-allar-frir","et-has-post-format-content","et_post_format-et-post-format-standard"],"_links":{"self":[{"href":"https:\/\/leiklist.is\/en\/wp-json\/wp\/v2\/posts\/2722","targetHints":{"allow":["GET"]}}],"collection":[{"href":"https:\/\/leiklist.is\/en\/wp-json\/wp\/v2\/posts"}],"about":[{"href":"https:\/\/leiklist.is\/en\/wp-json\/wp\/v2\/types\/post"}],"author":[{"embeddable":true,"href":"https:\/\/leiklist.is\/en\/wp-json\/wp\/v2\/users\/3"}],"replies":[{"embeddable":true,"href":"https:\/\/leiklist.is\/en\/wp-json\/wp\/v2\/comments?post=2722"}],"version-history":[{"count":0,"href":"https:\/\/leiklist.is\/en\/wp-json\/wp\/v2\/posts\/2722\/revisions"}],"wp:featuredmedia":[{"embeddable":true,"href":"https:\/\/leiklist.is\/en\/wp-json\/"}],"wp:attachment":[{"href":"https:\/\/leiklist.is\/en\/wp-json\/wp\/v2\/media?parent=2722"}],"wp:term":[{"taxonomy":"category","embeddable":true,"href":"https:\/\/leiklist.is\/en\/wp-json\/wp\/v2\/categories?post=2722"},{"taxonomy":"post_tag","embeddable":true,"href":"https:\/\/leiklist.is\/en\/wp-json\/wp\/v2\/tags?post=2722"}],"curies":[{"name":"wp","href":"https:\/\/api.w.org\/{rel}","templated":true}]}}