{"id":2670,"date":"2010-02-09T12:42:34","date_gmt":"2010-02-09T12:42:34","guid":{"rendered":"http:\/\/wp.leiklist.is\/?p=2670"},"modified":"2010-02-09T12:42:34","modified_gmt":"2010-02-09T12:42:34","slug":"freyvangsleikhusie-frumsynir-dyrin-i-halsaskogi","status":"publish","type":"post","link":"https:\/\/leiklist.is\/en\/freyvangsleikhusie-frumsynir-dyrin-i-halsaskogi\/","title":{"rendered":"Freyvangsleikh\u00fasi\u00f0 frums\u00fdnir D\u00fdrin \u00ed H\u00e1lsask\u00f3gi"},"content":{"rendered":"<p>Laugardaginn 13. febr\u00faar frums\u00fdnir Freyvangsleikh\u00fasi\u00f0 \u00ed Eyjafjar\u00f0arsveit hi\u00f0 st\u00f3rskemmtilega og s\u00edgilda verk, D\u00fdrin \u00ed H\u00e1lsask\u00f3gi og ver\u00f0ur \u00fea\u00f0 \u00e1 fj\u00f6lum Freyvangsleikh\u00fassins fram \u00e1 vordaga. Gert er r\u00e1\u00f0 fyrir a\u00f0 s\u00fdningar standi fram \u00e1 sau\u00f0bur\u00f0, \u00fev\u00ed nokkrum d\u00f6gum fyrir frums\u00fdningu er fullb\u00f3ka\u00f0 \u00e1 fyrstu \u00ferj\u00e1r s\u00fdningarnar og talsvert fari\u00f0 a\u00f0 b\u00f3kast \u00e1 n\u00e6stu s\u00fdningar. \u00dea\u00f0 er a\u00f0 vanda st\u00f3r h\u00f3pur sem kemur a\u00f0 uppsetningu \u00e1 leikverkinu en leikstj\u00f3ri er Ingunn Jensd\u00f3ttir. St\u00f3r h\u00f3pur barna tekur \u00fe\u00e1tt \u00ed s\u00fdningunni og taka \u00feau m.a. \u00fe\u00e1tt \u00ed t\u00f3nlistarflutningi \u00e1 svi\u00f0inu.  <br \/>   <!--more-->  <br \/>Einn af leikurunum \u00ed \u00feessari uppf\u00e6rslu Freyvangsleikh\u00fassins er a\u00f0 leika \u00ed D\u00fdrunum \u00ed H\u00e1lsask\u00f3gi \u00ed fj\u00f3r\u00f0a skipti\u00f0. \u00dea\u00f0 er sj\u00e1lfur Bangsapabbi, leikinn af J\u00f3nsteini A\u00f0alsteinssyni sem l\u00e9k s\u00ed\u00f0ast \u00ed D\u00fdrunum \u00ed H\u00e1lsask\u00f3gi hj\u00e1 Leikf\u00e9lagi Akureyri fyrir um fimmt\u00e1n \u00e1rum s\u00ed\u00f0an. \u00de\u00e1 l\u00e9k hann H\u00e9ra\u00f0sstubb bakara. J\u00f3nsteinn er enginn n\u00fdgr\u00e6\u00f0ingur \u00e1 leiksvi\u00f0inu, \u00ed \u00e1r \u00e1 hann 40 \u00e1ra leikafm\u00e6li en hann byrja\u00f0i 1970 hj\u00e1 Leikf\u00e9lagi Akureyrar.<\/p>\n<p>Freyvangsleikh\u00fasi\u00f0 er \u00e1hugaleikh\u00fas \u00fear sem g\u00f3\u00f0ur h\u00f3pur f\u00f3lks vinnur sj\u00e1lfbo\u00f0astarf \u00ed \u00fe\u00e1gu leiklistarinnar. \u00dea\u00f0 er mikill kraftur og uppgangur hj\u00e1 f\u00e9laginu en \u00ed fyrra setti f\u00e9lagi\u00f0 upp Rokks\u00f6ngleikinn V\u00ednland eftir Helga \u00de\u00f3rsson. \u00dear var \u00e1 fer\u00f0inni Disney \u00fatg\u00e1fa a\u00f0 \u00cdslendingas\u00f6gunum, mikil s\u00fdning sem var valin athyglisver\u00f0asta \u00e1hugaleiks\u00fdningin 2009. \u00cd kj\u00f6lfari\u00f0 var s\u00fdningin flutt su\u00f0ur yfir hei\u00f0ar og sett \u00e1 svi\u00f0 \u00ed \u00dej\u00f3\u00f0leikh\u00fasinu.  <\/p>\n<p>\u00cd haust var s\u00fa n\u00fdbreytni a\u00f0 setja upp s\u00fdningu fyrir \u00e1ram\u00f3t og var \u00fe\u00e1 f\u00e9lagi\u00f0 komi\u00f0 me\u00f0 tv\u00e6r s\u00fdningar \u00e1 leik\u00e1rinu og Kabarett a\u00f0 auki. \u00dea\u00f0 er l\u00edf og fj\u00f6r \u00ed Freyvangi og n\u00fa dansa d\u00fdrin fyrir leikh\u00fasgesti \u00ed Eyjafir\u00f0i n\u00e6stu vikurnar.<\/p>\n<p>www.freyvangur.net<\/p>\n<p>{mos_fb_discuss:2}<\/p>","protected":false},"excerpt":{"rendered":"<p>Laugardaginn 13. febr\u00faar frums\u00fdnir Freyvangsleikh\u00fasi\u00f0 \u00ed Eyjafjar\u00f0arsveit hi\u00f0 st\u00f3rskemmtilega og s\u00edgilda verk, D\u00fdrin \u00ed H\u00e1lsask\u00f3gi og ver\u00f0ur \u00fea\u00f0 \u00e1 fj\u00f6lum Freyvangsleikh\u00fassins fram \u00e1 vordaga. Gert er r\u00e1\u00f0 fyrir a\u00f0 s\u00fdningar standi fram \u00e1 sau\u00f0bur\u00f0, \u00fev\u00ed nokkrum d\u00f6gum fyrir frums\u00fdningu er fullb\u00f3ka\u00f0 \u00e1 fyrstu \u00ferj\u00e1r s\u00fdningarnar og talsvert fari\u00f0 a\u00f0 b\u00f3kast \u00e1 n\u00e6stu s\u00fdningar. \u00dea\u00f0 er [&hellip;]<\/p>\n","protected":false},"author":3,"featured_media":2669,"comment_status":"open","ping_status":"open","sticky":false,"template":"","format":"standard","meta":{"_et_pb_use_builder":"","_et_pb_old_content":"","_et_gb_content_width":"","footnotes":""},"categories":[187],"tags":[],"class_list":["post-2670","post","type-post","status-publish","format-standard","has-post-thumbnail","hentry","category-allar-frir","et-has-post-format-content","et_post_format-et-post-format-standard"],"_links":{"self":[{"href":"https:\/\/leiklist.is\/en\/wp-json\/wp\/v2\/posts\/2670","targetHints":{"allow":["GET"]}}],"collection":[{"href":"https:\/\/leiklist.is\/en\/wp-json\/wp\/v2\/posts"}],"about":[{"href":"https:\/\/leiklist.is\/en\/wp-json\/wp\/v2\/types\/post"}],"author":[{"embeddable":true,"href":"https:\/\/leiklist.is\/en\/wp-json\/wp\/v2\/users\/3"}],"replies":[{"embeddable":true,"href":"https:\/\/leiklist.is\/en\/wp-json\/wp\/v2\/comments?post=2670"}],"version-history":[{"count":0,"href":"https:\/\/leiklist.is\/en\/wp-json\/wp\/v2\/posts\/2670\/revisions"}],"wp:featuredmedia":[{"embeddable":true,"href":"https:\/\/leiklist.is\/en\/wp-json\/"}],"wp:attachment":[{"href":"https:\/\/leiklist.is\/en\/wp-json\/wp\/v2\/media?parent=2670"}],"wp:term":[{"taxonomy":"category","embeddable":true,"href":"https:\/\/leiklist.is\/en\/wp-json\/wp\/v2\/categories?post=2670"},{"taxonomy":"post_tag","embeddable":true,"href":"https:\/\/leiklist.is\/en\/wp-json\/wp\/v2\/tags?post=2670"}],"curies":[{"name":"wp","href":"https:\/\/api.w.org\/{rel}","templated":true}]}}