{"id":2652,"date":"2010-01-29T10:12:04","date_gmt":"2010-01-29T10:12:04","guid":{"rendered":"http:\/\/wp.leiklist.is\/?p=2652"},"modified":"2010-01-29T10:12:04","modified_gmt":"2010-01-29T10:12:04","slug":"nytt-leikskald-hja-leikfelagi-reykjavikur","status":"publish","type":"post","link":"https:\/\/leiklist.is\/en\/nytt-leikskald-hja-leikfelagi-reykjavikur\/","title":{"rendered":"N\u00fdtt leiksk\u00e1ld hj\u00e1 Leikf\u00e9lagi Reykjav\u00edkur"},"content":{"rendered":"<p>Leikritunarsj\u00f3\u00f0ur LR eflir fj\u00f6lbreytni og n\u00fdsk\u00f6pun \u00ed \u00edslenskri leikritun.<\/p>\n<p \/>J\u00f3n Gnarr leikari, sk\u00e1ld og \u00fe\u00fasund\u00fejalasmi\u00f0ur, hefur veri\u00f0 valinn leiksk\u00e1ld Borgarleikh\u00fassins \u00e1ri\u00f0 2010 \u00far st\u00f3rum h\u00f3pi ums\u00e6kjanda. J\u00f3n mun starfa \u00ed Borgarleikh\u00fasinu n\u00e6sta \u00e1r \u00fear sem hann mun sinna ritst\u00f6rfum.<br \/>  <!--more-->  <\/p>\n<p>Markmi\u00f0 me\u00f0 r\u00e1\u00f0ningu leiksk\u00e1lds \u00e1 vegum Leikritunarsj\u00f3\u00f0sins er a\u00f0 la\u00f0a h\u00e6fileikar\u00edkt f\u00f3lk a\u00f0 leikh\u00fasinu, kynna \u00fev\u00ed leikh\u00fasformi\u00f0 og efla \u00feannig \u00edslenska leikritun. Stefnt er a\u00f0 \u00fev\u00ed a\u00f0 J\u00f3n riti leikverk, eitt e\u00f0a fleiri, \u00e1 t\u00edmabilinu me\u00f0 uppsetningu \u00ed Borgarleikh\u00fasinu \u00ed huga. Hann ver\u00f0ur hluti af starfsli\u00f0i h\u00fassins allt t\u00edmabili\u00f0 og f\u00e6r a\u00f0gang a\u00f0 allri starfsemi leikh\u00fassins.<\/p>\n<p>Leikritunarsj\u00f3\u00f0ur Leikf\u00e9lags Reykjav\u00edkur r\u00e9\u00f0 fyrsta leiksk\u00e1ldi\u00f0, Au\u00f0i J\u00f3nsd\u00f3ttur rith\u00f6fund, \u00ed upphafi \u00e1rsins 2009 og er h\u00fan \u00fev\u00ed a\u00f0 lj\u00faka s\u00ednum \u00e1rssamningi. Stefnt er a\u00f0 uppsetningu \u00e1 n\u00fdju leikriti Au\u00f0ar \u00e1 n\u00e6sta leik\u00e1ri.<\/p>","protected":false},"excerpt":{"rendered":"<p>Leikritunarsj\u00f3\u00f0ur LR eflir fj\u00f6lbreytni og n\u00fdsk\u00f6pun \u00ed \u00edslenskri leikritun. J\u00f3n Gnarr leikari, sk\u00e1ld og \u00fe\u00fasund\u00fejalasmi\u00f0ur, hefur veri\u00f0 valinn leiksk\u00e1ld Borgarleikh\u00fassins \u00e1ri\u00f0 2010 \u00far st\u00f3rum h\u00f3pi ums\u00e6kjanda. J\u00f3n mun starfa \u00ed Borgarleikh\u00fasinu n\u00e6sta \u00e1r \u00fear sem hann mun sinna ritst\u00f6rfum.<\/p>","protected":false},"author":3,"featured_media":2651,"comment_status":"open","ping_status":"open","sticky":false,"template":"","format":"standard","meta":{"_et_pb_use_builder":"","_et_pb_old_content":"","_et_gb_content_width":"","footnotes":""},"categories":[187],"tags":[],"class_list":["post-2652","post","type-post","status-publish","format-standard","has-post-thumbnail","hentry","category-allar-frir","et-has-post-format-content","et_post_format-et-post-format-standard"],"_links":{"self":[{"href":"https:\/\/leiklist.is\/en\/wp-json\/wp\/v2\/posts\/2652","targetHints":{"allow":["GET"]}}],"collection":[{"href":"https:\/\/leiklist.is\/en\/wp-json\/wp\/v2\/posts"}],"about":[{"href":"https:\/\/leiklist.is\/en\/wp-json\/wp\/v2\/types\/post"}],"author":[{"embeddable":true,"href":"https:\/\/leiklist.is\/en\/wp-json\/wp\/v2\/users\/3"}],"replies":[{"embeddable":true,"href":"https:\/\/leiklist.is\/en\/wp-json\/wp\/v2\/comments?post=2652"}],"version-history":[{"count":0,"href":"https:\/\/leiklist.is\/en\/wp-json\/wp\/v2\/posts\/2652\/revisions"}],"wp:featuredmedia":[{"embeddable":true,"href":"https:\/\/leiklist.is\/en\/wp-json\/"}],"wp:attachment":[{"href":"https:\/\/leiklist.is\/en\/wp-json\/wp\/v2\/media?parent=2652"}],"wp:term":[{"taxonomy":"category","embeddable":true,"href":"https:\/\/leiklist.is\/en\/wp-json\/wp\/v2\/categories?post=2652"},{"taxonomy":"post_tag","embeddable":true,"href":"https:\/\/leiklist.is\/en\/wp-json\/wp\/v2\/tags?post=2652"}],"curies":[{"name":"wp","href":"https:\/\/api.w.org\/{rel}","templated":true}]}}