{"id":2643,"date":"2010-01-22T10:23:29","date_gmt":"2010-01-22T10:23:29","guid":{"rendered":"http:\/\/wp.leiklist.is\/?p=2643"},"modified":"2010-01-22T10:23:29","modified_gmt":"2010-01-22T10:23:29","slug":"sindra-silfurfiski-boeie-a-bibu-barnaleikhushatieina","status":"publish","type":"post","link":"https:\/\/leiklist.is\/en\/sindra-silfurfiski-boeie-a-bibu-barnaleikhushatieina\/","title":{"rendered":"Sindra silfurfiski bo\u00f0i\u00f0 \u00e1 Bibu barnaleikh\u00fash\u00e1t\u00ed\u00f0ina"},"content":{"rendered":"<p>\u00dej\u00f3\u00f0leikh\u00fasi\u00f0 hefur fengi\u00f0 bo\u00f0 um a\u00f0 s\u00fdna barnaleikriti\u00f0 Sindra silfurfisk eftir \u00c1slaugu J\u00f3nsd\u00f3ttur \u00e1 barnaleikh\u00fash\u00e1t\u00ed\u00f0inni Bibu, sem haldinn ver\u00f0ur \u00ed Lundi \u00ed Sv\u00ed\u00fej\u00f3\u00f0 dagana 5.\u20138. ma\u00ed \u00ed vor.<\/p>\n<p>H\u00e1t\u00ed\u00f0in er haldin anna\u00f0 hvert \u00e1r og \u00fearna kemur saman barnaleikh\u00fasf\u00f3lk v\u00ed\u00f0a a\u00f0 \u00far ver\u00f6ldinni til \u00feess a\u00f0 sj\u00e1 \u00fea\u00f0 besta sem hi\u00f0 fj\u00f6lbreytta s\u00e6nska barnaleikh\u00fas hefur veri\u00f0 a\u00f0 s\u00fdna s\u00ed\u00f0ustu tv\u00f6 \u00e1rin. Einnig hefur veri\u00f0 bo\u00f0i\u00f0 til h\u00e1t\u00ed\u00f0arinnar athyglisver\u00f0um s\u00fdningum fr\u00e1 \u00f6\u00f0rum l\u00f6ndum.<br \/>  <!--more-->  <\/p>\n<p>\u00cd \u00e1r var \u00e1kve\u00f0i\u00f0 a\u00f0 bj\u00f3\u00f0a einni s\u00fdningu fr\u00e1 hverju Nor\u00f0urlandanna \u00e1 h\u00e1t\u00ed\u00f0ina. S\u00e9rst\u00f6k d\u00f3mnefnd h\u00e1t\u00ed\u00f0arinnar hefur veri\u00f0 a\u00f0 st\u00f6rfum \u00ed allan vetur til \u00feess a\u00f0 velja \u00far \u00feeim fj\u00f6lda tillagna sem b\u00e1rust og hefur n\u00fa komist a\u00f0 ni\u00f0urst\u00f6\u00f0u. Fr\u00e1 \u00cdslandi fer s\u00fdningin Sindri silfurfiskur sem s\u00fdnd hefur veri\u00f0 \u00ed K\u00falunni, barnaleikh\u00fasi \u00dej\u00f3\u00f0leikh\u00fassins \u00ed allan vetur.<\/p>\n<p>Leikstj\u00f3ri Sindra er \u00de\u00f3rhallur Sigur\u00f0sson en \u00feetta er \u00ed anna\u00f0 sinn sem hann og h\u00f6fundurinn \u00c1slaug J\u00f3nsd\u00f3ttir vinna saman a\u00f0 n\u00fdju leikriti \u00ed K\u00falunni. Leikriti\u00f0 Gott kv\u00f6ld hlaut Gr\u00edmuver\u00f0laun sem barnas\u00fdning \u00e1rsins 2008, en \u00fea\u00f0 var n\u00fdlega tilnefnt til norr\u00e6nu leiksk\u00e1ldaver\u00f0launanna sem ver\u00f0a einmitt afhent \u00e1 h\u00e1t\u00ed\u00f0inni \u00ed Lundi \u00ed ma\u00ed.<\/p>\n<p>S\u00fdningum \u00e1 Sindra silfurfiski l\u00fdkur n\u00fa \u00ed jan\u00faar \u00ed K\u00falunni, og \u00fea\u00f0 eru \u00fev\u00ed s\u00ed\u00f0ustu forv\u00f6\u00f0 a\u00f0 sj\u00e1 \u00feessa fallegu s\u00fdningu sem heilla\u00f0 hefur yngstu \u00e1horfendurna sem og \u00fe\u00e1 eldri \u00ed vetur.<\/p>","protected":false},"excerpt":{"rendered":"<p>\u00dej\u00f3\u00f0leikh\u00fasi\u00f0 hefur fengi\u00f0 bo\u00f0 um a\u00f0 s\u00fdna barnaleikriti\u00f0 Sindra silfurfisk eftir \u00c1slaugu J\u00f3nsd\u00f3ttur \u00e1 barnaleikh\u00fash\u00e1t\u00ed\u00f0inni Bibu, sem haldinn ver\u00f0ur \u00ed Lundi \u00ed Sv\u00ed\u00fej\u00f3\u00f0 dagana 5.\u20138. ma\u00ed \u00ed vor. H\u00e1t\u00ed\u00f0in er haldin anna\u00f0 hvert \u00e1r og \u00fearna kemur saman barnaleikh\u00fasf\u00f3lk v\u00ed\u00f0a a\u00f0 \u00far ver\u00f6ldinni til \u00feess a\u00f0 sj\u00e1 \u00fea\u00f0 besta sem hi\u00f0 fj\u00f6lbreytta s\u00e6nska barnaleikh\u00fas hefur [&hellip;]<\/p>\n","protected":false},"author":3,"featured_media":2532,"comment_status":"open","ping_status":"open","sticky":false,"template":"","format":"standard","meta":{"_et_pb_use_builder":"","_et_pb_old_content":"","_et_gb_content_width":"","footnotes":""},"categories":[187],"tags":[],"class_list":["post-2643","post","type-post","status-publish","format-standard","has-post-thumbnail","hentry","category-allar-frir","et-has-post-format-content","et_post_format-et-post-format-standard"],"_links":{"self":[{"href":"https:\/\/leiklist.is\/en\/wp-json\/wp\/v2\/posts\/2643","targetHints":{"allow":["GET"]}}],"collection":[{"href":"https:\/\/leiklist.is\/en\/wp-json\/wp\/v2\/posts"}],"about":[{"href":"https:\/\/leiklist.is\/en\/wp-json\/wp\/v2\/types\/post"}],"author":[{"embeddable":true,"href":"https:\/\/leiklist.is\/en\/wp-json\/wp\/v2\/users\/3"}],"replies":[{"embeddable":true,"href":"https:\/\/leiklist.is\/en\/wp-json\/wp\/v2\/comments?post=2643"}],"version-history":[{"count":0,"href":"https:\/\/leiklist.is\/en\/wp-json\/wp\/v2\/posts\/2643\/revisions"}],"wp:featuredmedia":[{"embeddable":true,"href":"https:\/\/leiklist.is\/en\/wp-json\/wp\/v2\/media\/2532"}],"wp:attachment":[{"href":"https:\/\/leiklist.is\/en\/wp-json\/wp\/v2\/media?parent=2643"}],"wp:term":[{"taxonomy":"category","embeddable":true,"href":"https:\/\/leiklist.is\/en\/wp-json\/wp\/v2\/categories?post=2643"},{"taxonomy":"post_tag","embeddable":true,"href":"https:\/\/leiklist.is\/en\/wp-json\/wp\/v2\/tags?post=2643"}],"curies":[{"name":"wp","href":"https:\/\/api.w.org\/{rel}","templated":true}]}}