{"id":2630,"date":"2010-01-18T10:32:31","date_gmt":"2010-01-18T10:32:31","guid":{"rendered":"http:\/\/wp.leiklist.is\/?p=2630"},"modified":"2010-01-18T10:32:31","modified_gmt":"2010-01-18T10:32:31","slug":"nemendaleikhus-lhi-frumsynir-braeum-hata-eg-tig","status":"publish","type":"post","link":"https:\/\/leiklist.is\/en\/nemendaleikhus-lhi-frumsynir-braeum-hata-eg-tig\/","title":{"rendered":"Nemendaleikh\u00fas LH\u00cd frums\u00fdnir Br\u00e1\u00f0um hata \u00e9g \u00feig"},"content":{"rendered":"<p>Nemendaleikh\u00fas Listah\u00e1sk\u00f3la \u00cdslands frums\u00fdnir n\u00fdtt \u00edslenskt verk, Br\u00e1\u00f0um hata \u00e9g \u00feig, eftir Sigtrygg Magnason \u00feann 21. jan\u00faar n.k. \u00ed Smi\u00f0junni, S\u00f6lvh\u00f3lsg\u00f6tu. Leikstj\u00f3ri er Una \u00deorleifsd\u00f3ttir. Br\u00e1\u00f0um hata \u00e9g \u00feig er anna\u00f0 verkefni vetrarins en fyrsta s\u00fdning Nemendaleikh\u00fassins, Eftirlitsma\u00f0urinn eftir Gogol, var s\u00fdnd fyrir fullu h\u00fasi \u00ed haust en uppselt var \u00e1 allar s\u00fdningar.<br \/>   <!--more-->  <br \/>\u00c1 b\u00e6 vi\u00f0 Koluglj\u00fafur \u00ed V\u00ed\u00f0idal hittast fj\u00f3rar systur vi\u00f0 jar\u00f0arf\u00f6r m\u00f3\u00f0ur sinnar, sem be\u00f0i\u00f0 haf\u00f0i dau\u00f0ans \u00ed h\u00e1lfan annan \u00e1ratug. Halla hefur ekki haft samband \u00ed \u00ferj\u00fa \u00e1r, Sn\u00e6fr\u00ed\u00f0ur hefur ekki tala\u00f0 vi\u00f0 neinn jafn lengi. Steinunn \u00fer\u00e1ir a\u00f0 vera snert og Anna vill komast burt. Halla kemur me\u00f0 gest, sem setur \u00fe\u00f6gult sorglegt jafnv\u00e6gi\u00f0 \u00ed uppn\u00e1m. Koluglj\u00fafur. Fallegur sta\u00f0ur. J\u00e1. Fallegur sta\u00f0ur.<\/p>\n<p>Nemendaleikh\u00fasi\u00f0 \u00ed vetur skipa: Anna Gunnd\u00eds Gu\u00f0mundsd\u00f3ttir, Hilmar Gu\u00f0j\u00f3nsson, Hilmir Jensson, L\u00e1ra J\u00f3hanna J\u00f3nsd\u00f3ttir, Svand\u00eds D\u00f3ra Einarsd\u00f3ttir, \u00de\u00f3runn Arna Kristj\u00e1nsd\u00f3ttir og \u00c6var \u00de\u00f3r Benediktsson.<\/p>\n<p>B\u00faninga-og svi\u00f0smyndah\u00f6ndum er \u00ed h\u00f6ndum Axels Hallkels J\u00f3hannessonar, Egill Ingibergsson s\u00e9r um lj\u00f3sah\u00f6nnun og t\u00e6knistj\u00f3rn og Brynja Bj\u00f6rnsd\u00f3ttir a\u00f0sto\u00f0ar vi\u00f0 leikmynd og t\u00e6knivinnu. Um hlj\u00f3\u00f0mynd s\u00e9r H\u00f6gni Egilsson, t\u00f3nsm\u00ed\u00f0anemi \u00ed t\u00f3nlistardeild LH\u00cd.<\/p>\n<p>Mi\u00f0apantanir fara \u00ed gegnum leiklist@lhi.is e\u00f0a \u00ed s\u00edma 895 6994 og vi\u00f0 minnum f\u00f3lk \u00e1 a\u00f0 panta me\u00f0 fyrirvara.<\/p>\n<div style=\"text-align: right;\">{mos_fb_discuss:2}<\/div>","protected":false},"excerpt":{"rendered":"<p>Nemendaleikh\u00fas Listah\u00e1sk\u00f3la \u00cdslands frums\u00fdnir n\u00fdtt \u00edslenskt verk, Br\u00e1\u00f0um hata \u00e9g \u00feig, eftir Sigtrygg Magnason \u00feann 21. jan\u00faar n.k. \u00ed Smi\u00f0junni, S\u00f6lvh\u00f3lsg\u00f6tu. Leikstj\u00f3ri er Una \u00deorleifsd\u00f3ttir. Br\u00e1\u00f0um hata \u00e9g \u00feig er anna\u00f0 verkefni vetrarins en fyrsta s\u00fdning Nemendaleikh\u00fassins, Eftirlitsma\u00f0urinn eftir Gogol, var s\u00fdnd fyrir fullu h\u00fasi \u00ed haust en uppselt var \u00e1 allar s\u00fdningar.<\/p>","protected":false},"author":3,"featured_media":2629,"comment_status":"open","ping_status":"open","sticky":false,"template":"","format":"standard","meta":{"_et_pb_use_builder":"","_et_pb_old_content":"","_et_gb_content_width":"","footnotes":""},"categories":[187],"tags":[],"class_list":["post-2630","post","type-post","status-publish","format-standard","has-post-thumbnail","hentry","category-allar-frir","et-has-post-format-content","et_post_format-et-post-format-standard"],"_links":{"self":[{"href":"https:\/\/leiklist.is\/en\/wp-json\/wp\/v2\/posts\/2630","targetHints":{"allow":["GET"]}}],"collection":[{"href":"https:\/\/leiklist.is\/en\/wp-json\/wp\/v2\/posts"}],"about":[{"href":"https:\/\/leiklist.is\/en\/wp-json\/wp\/v2\/types\/post"}],"author":[{"embeddable":true,"href":"https:\/\/leiklist.is\/en\/wp-json\/wp\/v2\/users\/3"}],"replies":[{"embeddable":true,"href":"https:\/\/leiklist.is\/en\/wp-json\/wp\/v2\/comments?post=2630"}],"version-history":[{"count":0,"href":"https:\/\/leiklist.is\/en\/wp-json\/wp\/v2\/posts\/2630\/revisions"}],"wp:featuredmedia":[{"embeddable":true,"href":"https:\/\/leiklist.is\/en\/wp-json\/"}],"wp:attachment":[{"href":"https:\/\/leiklist.is\/en\/wp-json\/wp\/v2\/media?parent=2630"}],"wp:term":[{"taxonomy":"category","embeddable":true,"href":"https:\/\/leiklist.is\/en\/wp-json\/wp\/v2\/categories?post=2630"},{"taxonomy":"post_tag","embeddable":true,"href":"https:\/\/leiklist.is\/en\/wp-json\/wp\/v2\/tags?post=2630"}],"curies":[{"name":"wp","href":"https:\/\/api.w.org\/{rel}","templated":true}]}}