{"id":2546,"date":"2009-11-06T13:58:06","date_gmt":"2009-11-06T13:58:06","guid":{"rendered":"http:\/\/wp.leiklist.is\/?p=2546"},"modified":"2009-11-06T13:58:06","modified_gmt":"2009-11-06T13:58:06","slug":"ut-i-koett-dans-og-soengleikur-fyrir-boern-2","status":"publish","type":"post","link":"https:\/\/leiklist.is\/en\/ut-i-koett-dans-og-soengleikur-fyrir-boern-2\/","title":{"rendered":"\u00dat \u00ed k\u00f6tt! &#8211; Dans og s\u00f6ngleikur fyrir b\u00f6rn"},"content":{"rendered":"<p>L\u00fd\u00f0veldisleikh\u00fasi\u00f0 s\u00fdnir um \u00feessar mundir n\u00fdtt \u00edslenskt leikverk fyrir b\u00f6rn. \u00deetta er dans og s\u00f6ngleikur sem ber nafni\u00f0 \u00dat \u00ed k\u00f6tt! og fjallar um tvo krakka og fer\u00f0alag \u00feeirra um t\u00f6lvu og \u00e6vint\u00fdraheima. \u00deessi \u00e6vint\u00fdraleikur er fyrir b\u00f6rn \u00e1 \u00f6llum aldri og fullor\u00f0nir \u00e6ttu l\u00edka a\u00f0 hafa gaman a\u00f0 \u00feessu fj\u00f6ruga verki. <br \/>  <!--more-->  <br \/>Tveir t\u00f3lf \u00e1ra krakkar fara me\u00f0 hlutverk \u00ed verkinu, \u00feau Fannar Gu\u00f0ni Gu\u00f0mundsson og S\u00f3ley Anna Ben\u00f3n\u00fdsd\u00f3ttir, Ragnhei\u00f0ur \u00c1rnad\u00f3ttir s\u00f6ngkona fer me\u00f0 hlutverk s\u00f6gumanns, og leikararnir Finnbogi \u00deorkell J\u00f3nsson og \u00d3l\u00f6f Hugr\u00fan Valdimarsd\u00f3ttir fara me\u00f0 hlutverk geimskr\u00edmsla og \u00fdmsra \u00e6vint\u00fdrapers\u00f3na t. d. \u00ed \u00fatg\u00e1fum Roald Dahl af Rau\u00f0hettu, \u00d6skubusku og Gr\u00edsunum \u00feremur. Ben\u00f3n\u00fd \u00c6gisson er h\u00f6fundur handrits, semur t\u00f3nlistina og \u00fe\u00fd\u00f0ir kv\u00e6\u00f0i Roald Dahl, Kolbr\u00fan Anna Bj\u00f6rnsd\u00f3ttir er leikstj\u00f3ri Sigr\u00ed\u00f0ur \u00c1sta \u00c1rnad\u00f3ttir gerir b\u00faningana en Kristr\u00fan Eyj\u00f3lfsd\u00f3ttir leikmyndina .<\/p>\n<p>N\u00e1nari uppl\u00fdsingar eru \u00e1 vef L\u00fd\u00f0veldisleikh\u00fassins \u00e1 sl\u00f3\u00f0inni http:\/\/www.this.is\/great\/utikott <\/p>\n<p>S\u00fdnt \u00ed Menningarmi\u00f0st\u00f6\u00f0inni Ger\u00f0ubergi<br \/>Sunnudaginn 8. n\u00f3v. kl. 14<br \/>Laugardaginn 14. n\u00f3v. kl. 14<\/p>\n<p>Mi\u00f0apantanir \u00e1 lydveldisleikhusid@gmail.com <\/p>\n<div style=\"text-align: right;\">{mos_fb_discuss:2}<\/div>","protected":false},"excerpt":{"rendered":"<p>L\u00fd\u00f0veldisleikh\u00fasi\u00f0 s\u00fdnir um \u00feessar mundir n\u00fdtt \u00edslenskt leikverk fyrir b\u00f6rn. \u00deetta er dans og s\u00f6ngleikur sem ber nafni\u00f0 \u00dat \u00ed k\u00f6tt! og fjallar um tvo krakka og fer\u00f0alag \u00feeirra um t\u00f6lvu og \u00e6vint\u00fdraheima. \u00deessi \u00e6vint\u00fdraleikur er fyrir b\u00f6rn \u00e1 \u00f6llum aldri og fullor\u00f0nir \u00e6ttu l\u00edka a\u00f0 hafa gaman a\u00f0 \u00feessu fj\u00f6ruga verki.<\/p>","protected":false},"author":3,"featured_media":2467,"comment_status":"open","ping_status":"open","sticky":false,"template":"","format":"standard","meta":{"_et_pb_use_builder":"","_et_pb_old_content":"","_et_gb_content_width":"","footnotes":""},"categories":[187],"tags":[],"class_list":["post-2546","post","type-post","status-publish","format-standard","has-post-thumbnail","hentry","category-allar-frir","et-has-post-format-content","et_post_format-et-post-format-standard"],"_links":{"self":[{"href":"https:\/\/leiklist.is\/en\/wp-json\/wp\/v2\/posts\/2546","targetHints":{"allow":["GET"]}}],"collection":[{"href":"https:\/\/leiklist.is\/en\/wp-json\/wp\/v2\/posts"}],"about":[{"href":"https:\/\/leiklist.is\/en\/wp-json\/wp\/v2\/types\/post"}],"author":[{"embeddable":true,"href":"https:\/\/leiklist.is\/en\/wp-json\/wp\/v2\/users\/3"}],"replies":[{"embeddable":true,"href":"https:\/\/leiklist.is\/en\/wp-json\/wp\/v2\/comments?post=2546"}],"version-history":[{"count":0,"href":"https:\/\/leiklist.is\/en\/wp-json\/wp\/v2\/posts\/2546\/revisions"}],"wp:featuredmedia":[{"embeddable":true,"href":"https:\/\/leiklist.is\/en\/wp-json\/"}],"wp:attachment":[{"href":"https:\/\/leiklist.is\/en\/wp-json\/wp\/v2\/media?parent=2546"}],"wp:term":[{"taxonomy":"category","embeddable":true,"href":"https:\/\/leiklist.is\/en\/wp-json\/wp\/v2\/categories?post=2546"},{"taxonomy":"post_tag","embeddable":true,"href":"https:\/\/leiklist.is\/en\/wp-json\/wp\/v2\/tags?post=2546"}],"curies":[{"name":"wp","href":"https:\/\/api.w.org\/{rel}","templated":true}]}}