{"id":2528,"date":"2009-10-23T10:03:46","date_gmt":"2009-10-23T10:03:46","guid":{"rendered":"http:\/\/wp.leiklist.is\/?p=2528"},"modified":"2009-10-23T10:03:46","modified_gmt":"2009-10-23T10:03:46","slug":"haustfundur-bandalagsins-2009","status":"publish","type":"post","link":"https:\/\/leiklist.is\/en\/haustfundur-bandalagsins-2009\/","title":{"rendered":"Haustfundur Bandalagsins 2009"},"content":{"rendered":"<p>Bandalag \u00edslenskra leikf\u00e9laga bo\u00f0ar til haustfundar a\u00f0 \u00d6ngulsst\u00f6\u00f0um \u00ed Eyjafir\u00f0i helgina 13. til 15. n\u00f3vember 2009. \u00c1st\u00e6\u00f0a er til a\u00f0 hvetja a\u00f0ildarf\u00e9l\u00f6gin til a\u00f0 senda fulltr\u00faa \u00e1 fundinn en umfj\u00f6llunarefni hans eiga br\u00fdnt erindi vi\u00f0 ykkur \u00f6ll.<\/p>\n<p \/>Tilkynni\u00f0 \u00fe\u00e1ttt\u00f6ku fyrir m\u00e1nudaginn 2. n\u00f3vember \u00ed netfangi\u00f0 info@leiklist.is e\u00f0a \u00ed s\u00edma 5516974.<span style=\"font-family: HelveticaIS;\" \/>   <!--more-->  <\/span><\/p>\n<p>Dagskr\u00e1:<\/p>\n<p>F\u00f6studagur 13. n\u00f3vember:<\/p>\n<p>Kv\u00f6ldver\u00f0ur kl. 19.30\u201320.30<br \/>Fundur settur kl. 21.00 og ver\u00f0ur kv\u00f6ldi\u00f0 helga\u00f0 vinnu leikstj\u00f3rans en gestur fundarins ver\u00f0ur Steinunn Kn\u00fatsd\u00f3ttir, forma\u00f0ur F\u00e9lags leikstj\u00f3ra \u00e1 \u00cdslandi<\/p>\n<p>Laugardagur 14. n\u00f3vember:<\/p>\n<p>Dagurinn fer \u00ed a\u00f0 r\u00e6\u00f0a st\u00f3ru m\u00e1lin tv\u00f6:<br \/>L\u00e6kku\u00f0 framl\u00f6g r\u00edkisins til \u00e1hugaleiklistar 2010 og Leiklistarh\u00e1t\u00ed\u00f0 NEATA \u00e1 Akureyri 2010<\/p>\n<p>H\u00e1t\u00ed\u00f0arkv\u00f6ldver\u00f0ur og samvera um kv\u00f6ldi\u00f0<\/p>\n<p>Sunnudagur 15. n\u00f3vember:<\/p>\n<p>\u00d6nnur m\u00e1l og fundarslit um h\u00e1degisbil<br \/>H\u00e1degisver\u00f0ur fyrir heimfer\u00f0<\/p>\n<p>\u00de\u00e1ttt\u00f6kugjald er kr. 22.000 og grei\u00f0ist \u00fea\u00f0 vi\u00f0 skr\u00e1ningu inn \u00e1 reikning 334-26-5463, kt. 440169-0239, l\u00e1ti\u00f0 senda kvittun \u00e1 netfangi\u00f0 info@leiklist.is<\/p>\n<p>\u00c1n gistingar en me\u00f0 \u00f6llum mat nema morgunver\u00f0i er gjaldi\u00f0 kr. 12.000<\/p>\n<p><span style=\"font-family: HelveticaIS;\"><br \/><\/span><\/p>","protected":false},"excerpt":{"rendered":"<p>Bandalag \u00edslenskra leikf\u00e9laga bo\u00f0ar til haustfundar a\u00f0 \u00d6ngulsst\u00f6\u00f0um \u00ed Eyjafir\u00f0i helgina 13. til 15. n\u00f3vember 2009. \u00c1st\u00e6\u00f0a er til a\u00f0 hvetja a\u00f0ildarf\u00e9l\u00f6gin til a\u00f0 senda fulltr\u00faa \u00e1 fundinn en umfj\u00f6llunarefni hans eiga br\u00fdnt erindi vi\u00f0 ykkur \u00f6ll. Tilkynni\u00f0 \u00fe\u00e1ttt\u00f6ku fyrir m\u00e1nudaginn 2. n\u00f3vember \u00ed netfangi\u00f0 info@leiklist.is e\u00f0a \u00ed s\u00edma 5516974.<\/p>","protected":false},"author":3,"featured_media":2527,"comment_status":"open","ping_status":"open","sticky":false,"template":"","format":"standard","meta":{"_et_pb_use_builder":"","_et_pb_old_content":"","_et_gb_content_width":"","footnotes":""},"categories":[187],"tags":[],"class_list":["post-2528","post","type-post","status-publish","format-standard","has-post-thumbnail","hentry","category-allar-frir","et-has-post-format-content","et_post_format-et-post-format-standard"],"_links":{"self":[{"href":"https:\/\/leiklist.is\/en\/wp-json\/wp\/v2\/posts\/2528","targetHints":{"allow":["GET"]}}],"collection":[{"href":"https:\/\/leiklist.is\/en\/wp-json\/wp\/v2\/posts"}],"about":[{"href":"https:\/\/leiklist.is\/en\/wp-json\/wp\/v2\/types\/post"}],"author":[{"embeddable":true,"href":"https:\/\/leiklist.is\/en\/wp-json\/wp\/v2\/users\/3"}],"replies":[{"embeddable":true,"href":"https:\/\/leiklist.is\/en\/wp-json\/wp\/v2\/comments?post=2528"}],"version-history":[{"count":0,"href":"https:\/\/leiklist.is\/en\/wp-json\/wp\/v2\/posts\/2528\/revisions"}],"wp:featuredmedia":[{"embeddable":true,"href":"https:\/\/leiklist.is\/en\/wp-json\/wp\/v2\/media\/2527"}],"wp:attachment":[{"href":"https:\/\/leiklist.is\/en\/wp-json\/wp\/v2\/media?parent=2528"}],"wp:term":[{"taxonomy":"category","embeddable":true,"href":"https:\/\/leiklist.is\/en\/wp-json\/wp\/v2\/categories?post=2528"},{"taxonomy":"post_tag","embeddable":true,"href":"https:\/\/leiklist.is\/en\/wp-json\/wp\/v2\/tags?post=2528"}],"curies":[{"name":"wp","href":"https:\/\/api.w.org\/{rel}","templated":true}]}}