{"id":2506,"date":"2009-10-20T09:30:34","date_gmt":"2009-10-20T09:30:34","guid":{"rendered":"http:\/\/wp.leiklist.is\/?p=2506"},"modified":"2009-10-20T09:30:34","modified_gmt":"2009-10-20T09:30:34","slug":"leiklistarnamskeie-a-selfossi","status":"publish","type":"post","link":"https:\/\/leiklist.is\/en\/leiklistarnamskeie-a-selfossi\/","title":{"rendered":"Leiklistarn\u00e1mskei\u00f0 \u00e1 Selfossi"},"content":{"rendered":"<p>Dagana 24. og 25. okt\u00f3ber ( laugardag og sunnudag), fr\u00e1 klukkan 13.00 &#8211; 17.00 b\u00ed\u00f0ur Leikf\u00e9lag Selfoss\u00a0 upp \u00e1 leiklistarn\u00e1mskei\u00f0 undir stj\u00f3rn \u00c1rna P\u00e9turs Gu\u00f0j\u00f3nssonar.\u00a0 N\u00e1mskei\u00f0i\u00f0 er hugsa\u00f0 sem nokkurs konar masterclass n\u00e1mskei\u00f0 fyrir \u00fe\u00e1 sem hafa einhverja reynslu af leiklist. \u00c1 n\u00e1mskei\u00f0inu ver\u00f0ur fari\u00f0 textavinnu, unni\u00f0 me\u00f0 senur og stutta m\u00f3n\u00f3l\u00f3ga. N\u00e1mskei\u00f0i\u00f0 er krefjandi og fari\u00f0 ver\u00f0ur me\u00f0 \u00fe\u00e1tttakendur \u00e1 n\u00fdjar sl\u00f3\u00f0ir \u00ed textavinnunni.<br \/>   <!--more-->  <br \/>Allir f\u00e1 sendan texta sem \u00feeir eru be\u00f0nir um a\u00f0 kunna utanb\u00f3kar \u00feegar n\u00e1mskei\u00f0i\u00f0 hefst. \u00de\u00e1tttakendur eru be\u00f0nir um a\u00f0 koma \u00ed l\u00e9ttum og \u00fe\u00e6gilegum kl\u00e6\u00f0na\u00f0i. Vi\u00f0 hvetjum sem flesta a\u00f0 l\u00e1ta \u00feetta fr\u00e1b\u00e6ra n\u00e1mskei\u00f0 ekki framhj\u00e1 s\u00e9r fara og gr\u00edpa t\u00e6kif\u00e6ri\u00f0 \u00e1 flottu n\u00e1mskei\u00f0i me\u00f0 fr\u00e1b\u00e6rum lei\u00f0beinanda. \u00de\u00e1ttt\u00f6kugjald er 5.000 kr\u00f3nur \u00e1\u00a0n\u00e1mskei\u00f0i\u00f0. Aldurstakmark er 18 \u00e1ra. Skr\u00e1ning og n\u00e1nari uppl\u00fdsingar fer fram \u00ed vikunni \u00e1\u00a0leikfelagselfoss@gmail.com\u00a0og\u00a0\u00ed s\u00edma 894 2415 (\u00cdris)<\/p>\n<div style=\"text-align: right;\">{mos_fb_discuss:3}<\/div>","protected":false},"excerpt":{"rendered":"<p>Dagana 24. og 25. okt\u00f3ber ( laugardag og sunnudag), fr\u00e1 klukkan 13.00 &#8211; 17.00 b\u00ed\u00f0ur Leikf\u00e9lag Selfoss\u00a0 upp \u00e1 leiklistarn\u00e1mskei\u00f0 undir stj\u00f3rn \u00c1rna P\u00e9turs Gu\u00f0j\u00f3nssonar.\u00a0 N\u00e1mskei\u00f0i\u00f0 er hugsa\u00f0 sem nokkurs konar masterclass n\u00e1mskei\u00f0 fyrir \u00fe\u00e1 sem hafa einhverja reynslu af leiklist. \u00c1 n\u00e1mskei\u00f0inu ver\u00f0ur fari\u00f0 textavinnu, unni\u00f0 me\u00f0 senur og stutta m\u00f3n\u00f3l\u00f3ga. N\u00e1mskei\u00f0i\u00f0 er krefjandi [&hellip;]<\/p>\n","protected":false},"author":3,"featured_media":2505,"comment_status":"open","ping_status":"open","sticky":false,"template":"","format":"standard","meta":{"_et_pb_use_builder":"","_et_pb_old_content":"","_et_gb_content_width":"","footnotes":""},"categories":[187],"tags":[],"class_list":["post-2506","post","type-post","status-publish","format-standard","has-post-thumbnail","hentry","category-allar-frir","et-has-post-format-content","et_post_format-et-post-format-standard"],"_links":{"self":[{"href":"https:\/\/leiklist.is\/en\/wp-json\/wp\/v2\/posts\/2506","targetHints":{"allow":["GET"]}}],"collection":[{"href":"https:\/\/leiklist.is\/en\/wp-json\/wp\/v2\/posts"}],"about":[{"href":"https:\/\/leiklist.is\/en\/wp-json\/wp\/v2\/types\/post"}],"author":[{"embeddable":true,"href":"https:\/\/leiklist.is\/en\/wp-json\/wp\/v2\/users\/3"}],"replies":[{"embeddable":true,"href":"https:\/\/leiklist.is\/en\/wp-json\/wp\/v2\/comments?post=2506"}],"version-history":[{"count":0,"href":"https:\/\/leiklist.is\/en\/wp-json\/wp\/v2\/posts\/2506\/revisions"}],"wp:featuredmedia":[{"embeddable":true,"href":"https:\/\/leiklist.is\/en\/wp-json\/"}],"wp:attachment":[{"href":"https:\/\/leiklist.is\/en\/wp-json\/wp\/v2\/media?parent=2506"}],"wp:term":[{"taxonomy":"category","embeddable":true,"href":"https:\/\/leiklist.is\/en\/wp-json\/wp\/v2\/categories?post=2506"},{"taxonomy":"post_tag","embeddable":true,"href":"https:\/\/leiklist.is\/en\/wp-json\/wp\/v2\/tags?post=2506"}],"curies":[{"name":"wp","href":"https:\/\/api.w.org\/{rel}","templated":true}]}}