{"id":2490,"date":"2009-10-09T13:09:55","date_gmt":"2009-10-09T13:09:55","guid":{"rendered":"http:\/\/wp.leiklist.is\/?p=2490"},"modified":"2020-03-02T10:14:25","modified_gmt":"2020-03-02T10:14:25","slug":"stuttverkahatiein-margt-smatt-2009","status":"publish","type":"post","link":"https:\/\/leiklist.is\/en\/stuttverkahatiein-margt-smatt-2009\/","title":{"rendered":"Stuttverkah\u00e1t\u00ed\u00f0in Margt sm\u00e1tt 2009"},"content":{"rendered":"<p>\u00de\u00e1 er loksins komi\u00f0 a\u00f0 \u00fev\u00ed Margt sm\u00e1tt, stuttverkah\u00e1t\u00ed\u00f0 Bandalags \u00edslenskra leikf\u00e9laga, ver\u00f0i haldin \u00ed fimmta skipti og \u00ed \u00feetta sinn \u00ed F\u00e9lagsheimilinu \u00e1 Seltjarnarnesi. Eins og fram hefur komi\u00f0 eru n\u00fa \u00ed fyrsta skipti erlendar gestas\u00fdningar, fimm n\u00fd, f\u00e6reysk stuttverk ver\u00f0a s\u00fdnd \u00e1 vegum Meginfelags \u00e1hugaleikara F\u00f8roya. Dagskr\u00e1in hefur n\u00fa teki\u00f0 \u00e1 sig endanlega mynd (ef ve\u00f0ur lofar) og hana m\u00e1 sj\u00e1 me\u00f0 \u00fev\u00ed a\u00f0 smella \u00e1 tengilinn h\u00e9r a\u00f0 ne\u00f0an.<br \/>   <!--more-->  <br \/><strong>12.00<\/strong><br \/>Setning h\u00e1t\u00ed\u00f0arinnar<\/p>\n<p><strong>12.30<\/strong><br \/>1. M\u00c1F &#8211; Fer\u00f0 m\u00edn til J\u00f3rsala<br \/>2. Hugleikur &#8211; \u00c1r og \u00f6ld<br \/>3. Leikf\u00e9lag Hafnarfjar\u00f0ar &#8211; \u00dea\u00f0 er g\u00f3\u00f0a ve\u00f0ri\u00f0<br \/>4. Leikf\u00e9lag Selfoss &#8211; G\u00f3\u00f0ar stundir<br \/>5. Leikf\u00e9lag Mosfellssveitar &#8211; \u00c1stin er hverful<br \/>6. M\u00c1F &#8211; Avbj\u00f3\u00f0ningin<\/p>\n<p><em>Hl\u00e9<\/em><\/p>\n<p><strong>13.50<\/strong><br \/>7. Hugleikur &#8211; Bara b\u00ed\u00f0a<br \/>8. Leikf\u00e9lag K\u00f3pavogs &#8211; Spott<br \/>9. M\u00c1F &#8211; Gesturin<br \/>10. Hugleikur &#8211; Englar \u00ed snj\u00f3num<br \/>11. Hugleikur &#8211; Notaleg kv\u00f6ldstund<br \/>12. Leikf\u00e9lag Hafnarfjar\u00f0ar &#8211; Svefn\u00feula<\/p>\n<p><em>Hl\u00e9<\/em><\/p>\n<p><strong>15.15<\/strong><br \/>13. Hugleikur &#8211; \u00c1ri s\u00ed\u00f0ar<br \/>14. M\u00c1F &#8211; Fanin heldur<br \/>15. Leikf\u00e9lag Hafnarfjar\u00f0ar &#8211; Broskallinn<br \/>16. Hugleikur &#8211; Sigurvegari<br \/>17. M\u00c1F &#8211; Auto<br \/>18. Halaleikh\u00f3purinn &#8211; H\u00e6rra minn gu\u00f0 til \u00fe\u00edn e\u00f0a Pr\u00edvathagsmunir eiga ekki vi\u00f0 h\u00e9r<\/p>\n<p><em>Hl\u00e9<\/em><\/p>\n<p><strong>16.30<\/strong><br \/>Umfj\u00f6llun um s\u00fdningar h\u00e1t\u00ed\u00f0arinnar &#8211; Sigr\u00fan Valbergsd\u00f3ttir<\/p>\n<p><em>Langt hl\u00e9<\/em><\/p>\n<p><strong>20.00<\/strong><br \/>Matur og samvera \u00ed F\u00e9lagsheimili Seltjarnarness<\/p>\n<p>\u00d6llum er velkomi\u00f0 a\u00f0 s\u00e6kja h\u00e1t\u00ed\u00f0ina. Mi\u00f0aver\u00f0 \u00e1 h\u00e1t\u00ed\u00f0ina er 1.500 kr. og 1.000 kr \u00ed matinn um kv\u00f6ldi\u00f0.<\/p>\n<div style=\"text-align: right;\">{mos_fb_discuss:3}<\/div>","protected":false},"excerpt":{"rendered":"<p>\u00de\u00e1 er loksins komi\u00f0 a\u00f0 \u00fev\u00ed Margt sm\u00e1tt, stuttverkah\u00e1t\u00ed\u00f0 Bandalags \u00edslenskra leikf\u00e9laga, ver\u00f0i haldin \u00ed fimmta skipti og \u00ed \u00feetta sinn \u00ed F\u00e9lagsheimilinu \u00e1 Seltjarnarnesi. Eins og fram hefur komi\u00f0 eru n\u00fa \u00ed fyrsta skipti erlendar gestas\u00fdningar, fimm n\u00fd, f\u00e6reysk stuttverk ver\u00f0a s\u00fdnd \u00e1 vegum Meginfelags \u00e1hugaleikara F\u00f8roya. Dagskr\u00e1in hefur n\u00fa teki\u00f0 \u00e1 sig endanlega [&hellip;]<\/p>\n","protected":false},"author":3,"featured_media":2440,"comment_status":"open","ping_status":"open","sticky":false,"template":"","format":"standard","meta":{"_et_pb_use_builder":"","_et_pb_old_content":"","_et_gb_content_width":"","footnotes":""},"categories":[200],"tags":[],"class_list":["post-2490","post","type-post","status-publish","format-standard","has-post-thumbnail","hentry","category-markvert","et-has-post-format-content","et_post_format-et-post-format-standard"],"_links":{"self":[{"href":"https:\/\/leiklist.is\/en\/wp-json\/wp\/v2\/posts\/2490","targetHints":{"allow":["GET"]}}],"collection":[{"href":"https:\/\/leiklist.is\/en\/wp-json\/wp\/v2\/posts"}],"about":[{"href":"https:\/\/leiklist.is\/en\/wp-json\/wp\/v2\/types\/post"}],"author":[{"embeddable":true,"href":"https:\/\/leiklist.is\/en\/wp-json\/wp\/v2\/users\/3"}],"replies":[{"embeddable":true,"href":"https:\/\/leiklist.is\/en\/wp-json\/wp\/v2\/comments?post=2490"}],"version-history":[{"count":0,"href":"https:\/\/leiklist.is\/en\/wp-json\/wp\/v2\/posts\/2490\/revisions"}],"wp:featuredmedia":[{"embeddable":true,"href":"https:\/\/leiklist.is\/en\/wp-json\/"}],"wp:attachment":[{"href":"https:\/\/leiklist.is\/en\/wp-json\/wp\/v2\/media?parent=2490"}],"wp:term":[{"taxonomy":"category","embeddable":true,"href":"https:\/\/leiklist.is\/en\/wp-json\/wp\/v2\/categories?post=2490"},{"taxonomy":"post_tag","embeddable":true,"href":"https:\/\/leiklist.is\/en\/wp-json\/wp\/v2\/tags?post=2490"}],"curies":[{"name":"wp","href":"https:\/\/api.w.org\/{rel}","templated":true}]}}