{"id":2485,"date":"2009-10-06T09:54:58","date_gmt":"2009-10-06T09:54:58","guid":{"rendered":"http:\/\/wp.leiklist.is\/?p=2485"},"modified":"2009-10-06T09:54:58","modified_gmt":"2009-10-06T09:54:58","slug":"memento-mori-i-freyvangsleikhusinu","status":"publish","type":"post","link":"https:\/\/leiklist.is\/en\/memento-mori-i-freyvangsleikhusinu\/","title":{"rendered":"Memento mori \u00ed Freyvangsleikh\u00fasinu"},"content":{"rendered":"<p>F\u00f6studaginn 2. n\u00f3vember frums\u00fdndi Freyvangsleikh\u00fasi\u00f0 leikriti\u00f0 Memento mori eftir Hrefnu Fri\u00f0riksd\u00f3ttur \u00ed minni sal Freyvangs. Leikstj\u00f3ri er Dan\u00edel Freyr J\u00f3nsson. Vi\u00f0t\u00f6kur \u00e1 verkinu voru g\u00f3\u00f0ar og voru \u00fea\u00f0 brosandi og jafnframt hugsandi leikh\u00fasgestir sem f\u00f3ru fr\u00e1 Freyvangi. <br \/>  <!--more-->  <br \/>\u00cd Memento mori er skyggnst inn \u00ed heim f\u00f3lks sem n\u00fdtur \u00feeirrar blessunar \u2013 e\u00f0a er \u00fea\u00f0 b\u00f6lvun? \u2013 a\u00f0 geta ekki d\u00e1i\u00f0. \u00deessar \u00f3dau\u00f0legu verur velta fyrir s\u00e9r l\u00edfinu, dau\u00f0anum og \u00f3dau\u00f0leikanum, og brug\u00f0i\u00f0 er upp svipmyndum af fort\u00ed\u00f0 \u00feeirra. \u00deegar \u00e1 l\u00ed\u00f0ur koma tengsl \u00feeirra betur \u00ed lj\u00f3s og \u00fear kemur a\u00f0 \u00fe\u00e6r hlj\u00f3ta a\u00f0 taka afst\u00f6\u00f0u til fort\u00ed\u00f0arinnar og \u00f3dau\u00f0leikans. Leikriti\u00f0 er fram\u00farstefnuleg blanda af drama og h\u00famor, heimspekilegum huglei\u00f0ingum, r\u00f3mant\u00edk og f\u00e1r\u00e1nleika.<\/p>\n<p>Einungis ver\u00f0ur s\u00fdnt \u00ed okt\u00f3ber \u00fear sem stefnt er a\u00f0 \u00fev\u00ed a\u00f0 s\u00fdna Kabarett 2009 fyrstu helgina \u00ed n\u00f3vember og \u00fev\u00ed um a\u00f0 gera a\u00f0 tryggja s\u00e9r mi\u00f0a \u00ed t\u00edma. H\u00e6gt er a\u00f0 panta mi\u00f0a \u00ed s\u00edma 857 5598 og eru \u00feeir einnig seldir \u00ed Pennanum-Eymundsson. Mi\u00f0aver\u00f0 er einungis 1.500 kr.<\/p>\n<div style=\"text-align: right;\">{mos_fb_discuss:2}<\/div>","protected":false},"excerpt":{"rendered":"<p>F\u00f6studaginn 2. n\u00f3vember frums\u00fdndi Freyvangsleikh\u00fasi\u00f0 leikriti\u00f0 Memento mori eftir Hrefnu Fri\u00f0riksd\u00f3ttur \u00ed minni sal Freyvangs. Leikstj\u00f3ri er Dan\u00edel Freyr J\u00f3nsson. Vi\u00f0t\u00f6kur \u00e1 verkinu voru g\u00f3\u00f0ar og voru \u00fea\u00f0 brosandi og jafnframt hugsandi leikh\u00fasgestir sem f\u00f3ru fr\u00e1 Freyvangi.<\/p>","protected":false},"author":3,"featured_media":2484,"comment_status":"open","ping_status":"open","sticky":false,"template":"","format":"standard","meta":{"_et_pb_use_builder":"","_et_pb_old_content":"","_et_gb_content_width":"","footnotes":""},"categories":[187],"tags":[],"class_list":["post-2485","post","type-post","status-publish","format-standard","has-post-thumbnail","hentry","category-allar-frir","et-has-post-format-content","et_post_format-et-post-format-standard"],"_links":{"self":[{"href":"https:\/\/leiklist.is\/en\/wp-json\/wp\/v2\/posts\/2485","targetHints":{"allow":["GET"]}}],"collection":[{"href":"https:\/\/leiklist.is\/en\/wp-json\/wp\/v2\/posts"}],"about":[{"href":"https:\/\/leiklist.is\/en\/wp-json\/wp\/v2\/types\/post"}],"author":[{"embeddable":true,"href":"https:\/\/leiklist.is\/en\/wp-json\/wp\/v2\/users\/3"}],"replies":[{"embeddable":true,"href":"https:\/\/leiklist.is\/en\/wp-json\/wp\/v2\/comments?post=2485"}],"version-history":[{"count":0,"href":"https:\/\/leiklist.is\/en\/wp-json\/wp\/v2\/posts\/2485\/revisions"}],"wp:featuredmedia":[{"embeddable":true,"href":"https:\/\/leiklist.is\/en\/wp-json\/"}],"wp:attachment":[{"href":"https:\/\/leiklist.is\/en\/wp-json\/wp\/v2\/media?parent=2485"}],"wp:term":[{"taxonomy":"category","embeddable":true,"href":"https:\/\/leiklist.is\/en\/wp-json\/wp\/v2\/categories?post=2485"},{"taxonomy":"post_tag","embeddable":true,"href":"https:\/\/leiklist.is\/en\/wp-json\/wp\/v2\/tags?post=2485"}],"curies":[{"name":"wp","href":"https:\/\/api.w.org\/{rel}","templated":true}]}}