{"id":2427,"date":"2009-08-18T12:46:00","date_gmt":"2009-08-18T12:46:00","guid":{"rendered":"http:\/\/wp.leiklist.is\/?p=2427"},"modified":"2009-08-18T12:46:00","modified_gmt":"2009-08-18T12:46:00","slug":"vandae-bergmal-i-hafnarfireinum","status":"publish","type":"post","link":"https:\/\/leiklist.is\/en\/vandae-bergmal-i-hafnarfireinum\/","title":{"rendered":"Vanda\u00f0 Bergm\u00e1l \u00ed Hafnarfir\u00f0inum"},"content":{"rendered":"<p>H\u00f6r\u00f0ur S. Dan\u00edelsson f\u00f3r \u00e1 frums\u00fdningu hj\u00e1 Leikf\u00e9lagi Hafnarfjar\u00f0ar sl. f\u00f6studag og s\u00e1 Bergm\u00e1l, verk eftir N. Richard Nash. Leikarar eru Gu\u00f0r\u00fan S\u00f3ley Sigur\u00f0ard\u00f3ttir og Ald\u00eds Dav\u00ed\u00f0sd\u00f3ttir, en \u00fe\u00e6r s\u00e1u einnig um leikstj\u00f3rn, b\u00faninga, leikmynd, lj\u00f3s og allt anna\u00f0 sem vi\u00f0kemur s\u00fdningunni. Einnig kom Halld\u00f3r Magn\u00fasson vi\u00f0 s\u00f6gu \u00ed litlu \u00fe\u00f6gulu hlutverki.<br \/>  <!--more-->  <br \/>Leikriti\u00f0 sj\u00e1lft er mj\u00f6g gott. Gerist \u00e1 ge\u00f0veikrarh\u00e6li og fjallar um tv\u00e6r konur sem eru b\u00fanar a\u00f0 skapa sinn eigin platheim saman. Verki\u00f0 kafar \u00ed \u00fea\u00f0 hva\u00f0 er raunverulegt \u00ed huga okkar og reynt a\u00f0 svara \u00fdmsum spurningum var\u00f0andi \u00fea\u00f0. \u00c9g var heilla\u00f0ur af textanum, hv\u00f6rfunum og d\u00fdptinni. Svo var hann s\u00farreal\u00edskur stundum sem \u00e1 vel vi\u00f0 mig.<\/p>\n<p>Leikmyndin var skemmtileg. Seti\u00f0 var beggja vegna svi\u00f0sins sem opna\u00f0i r\u00fdmi\u00f0, svo var spegillinn t\u00e1kna\u00f0ur me\u00f0 t\u00f3mu sv\u00f6rtu r\u00fdmi, mj\u00f6g \u00e1hrifar\u00edkt og flott. Lj\u00f3si\u00f0 \u00ed s\u00fdningunni var partur af leikmyndinni, r\u00fassneskar perur \u00e1 stangli, en vel sta\u00f0sett, \u00fev\u00ed l\u00fdsing ger\u00f0i sitt gagn. Allir leikmunir virtust l\u00edka hafa tilgang, hvort sem \u00fea\u00f0 voru heyrnat\u00f3l e\u00f0a uppbl\u00e1sin barnasundlaug.<\/p>\n<p><img loading=\"lazy\" decoding=\"async\" class=\"alignleft size-full wp-image-2426\" style=\"margin: 12px; float: left;\" alt=\"bergmal3\" src=\"https:\/\/leiklist.is\/wp-content\/uploads\/2009\/08\/Adildarfelog_Sudvestur_Leikfelag_Hafnarfjardar_09_10_bergmal3.jpg\" height=\"150\" width=\"200\" \/>Leikarar voru me\u00f0 \u00e1setning alveg \u00e1 hreinu, \u00f6ll or\u00f0in h\u00f6f\u00f0u tilgang og sagan komst til skila. En \u00fea\u00f0 hef\u00f0i m\u00e1tt fara lengra me\u00f0 \u00fea\u00f0. S\u00fdna manni meira \u00fea\u00f0 sem bj\u00f3 \u00e1 bakvi\u00f0 or\u00f0in, \u00fev\u00ed \u00e9g \u00e1tti erfitt me\u00f0 a\u00f0 tengja mig vi\u00f0 karakterana. Kannski \u00fea\u00f0 hafi veri\u00f0 af \u00fev\u00ed a\u00f0 leikarar voru a\u00f0 fl\u00fdta s\u00e9r me\u00f0 or\u00f0in, \u00fe\u00e9ttleiki og a\u00f0 tala hratt er ekki endilega sami hluturinn. Einnig var hlaupi\u00f0 yfir senur sem hef\u00f0u \u00feurft a\u00f0 m\u00ednu mati meiri hv\u00edld. \u00dev\u00ed \u00fea\u00f0 er miki\u00f0 drama \u00ed verkinu, og margir sta\u00f0ir \u00fear sem \u00e1horfandi \u00fearf sm\u00e1 stund til a\u00f0 \u00e1tta sig. Einnig \u00e1ttu leikarar til a\u00f0 hreyfa sig a\u00f0 \u00f3\u00fe\u00f6rfu stundum sem ger\u00f0i leikinn \u00f6rl\u00edti\u00f0 \u00f3hreinni.<\/p>\n<p>Einnig er vert a\u00f0 benda \u00e1 stutta inkomu Halld\u00f3rs \u00e1 svi\u00f0i\u00f0. H\u00fan var l\u00e1tlaus en \u00e1hrifar\u00edk.<\/p>\n<p>En \u00e1 heildina liti\u00f0 er \u00feetta \u00e1g\u00e6tis s\u00fdning, litast gagnr\u00fdnin m\u00edn \u00e1 leik Gu\u00f0r\u00fanar og Ald\u00edsar af \u00fev\u00ed sem \u00fea\u00f0 hef\u00f0i geta\u00f0 or\u00f0i\u00f0. Fannst m\u00e9r \u00feetta vera me\u00f0 skemmtilegri \u00e1hugaleiks\u00fdningum sem \u00e9g hef s\u00e9\u00f0 \u00ed gegnum t\u00ed\u00f0ina.<\/p>\n<div style=\"text-align: right;\"><em>H\u00f6r\u00f0ur S. Dan.<\/em><\/div>\n<p> <\/p>\n<div style=\"text-align: right;\">{mos_fb_discuss:2}<\/div>\n<p><\/p>","protected":false},"excerpt":{"rendered":"<p>H\u00f6r\u00f0ur S. Dan\u00edelsson f\u00f3r \u00e1 frums\u00fdningu hj\u00e1 Leikf\u00e9lagi Hafnarfjar\u00f0ar sl. f\u00f6studag og s\u00e1 Bergm\u00e1l, verk eftir N. Richard Nash. Leikarar eru Gu\u00f0r\u00fan S\u00f3ley Sigur\u00f0ard\u00f3ttir og Ald\u00eds Dav\u00ed\u00f0sd\u00f3ttir, en \u00fe\u00e6r s\u00e1u einnig um leikstj\u00f3rn, b\u00faninga, leikmynd, lj\u00f3s og allt anna\u00f0 sem vi\u00f0kemur s\u00fdningunni. Einnig kom Halld\u00f3r Magn\u00fasson vi\u00f0 s\u00f6gu \u00ed litlu \u00fe\u00f6gulu hlutverki.<\/p>","protected":false},"author":3,"featured_media":2425,"comment_status":"open","ping_status":"open","sticky":false,"template":"","format":"standard","meta":{"_et_pb_use_builder":"","_et_pb_old_content":"","_et_gb_content_width":"","footnotes":""},"categories":[186],"tags":[],"class_list":["post-2427","post","type-post","status-publish","format-standard","has-post-thumbnail","hentry","category-gagnrdinn","et-has-post-format-content","et_post_format-et-post-format-standard"],"_links":{"self":[{"href":"https:\/\/leiklist.is\/en\/wp-json\/wp\/v2\/posts\/2427","targetHints":{"allow":["GET"]}}],"collection":[{"href":"https:\/\/leiklist.is\/en\/wp-json\/wp\/v2\/posts"}],"about":[{"href":"https:\/\/leiklist.is\/en\/wp-json\/wp\/v2\/types\/post"}],"author":[{"embeddable":true,"href":"https:\/\/leiklist.is\/en\/wp-json\/wp\/v2\/users\/3"}],"replies":[{"embeddable":true,"href":"https:\/\/leiklist.is\/en\/wp-json\/wp\/v2\/comments?post=2427"}],"version-history":[{"count":0,"href":"https:\/\/leiklist.is\/en\/wp-json\/wp\/v2\/posts\/2427\/revisions"}],"wp:featuredmedia":[{"embeddable":true,"href":"https:\/\/leiklist.is\/en\/wp-json\/"}],"wp:attachment":[{"href":"https:\/\/leiklist.is\/en\/wp-json\/wp\/v2\/media?parent=2427"}],"wp:term":[{"taxonomy":"category","embeddable":true,"href":"https:\/\/leiklist.is\/en\/wp-json\/wp\/v2\/categories?post=2427"},{"taxonomy":"post_tag","embeddable":true,"href":"https:\/\/leiklist.is\/en\/wp-json\/wp\/v2\/tags?post=2427"}],"curies":[{"name":"wp","href":"https:\/\/api.w.org\/{rel}","templated":true}]}}