{"id":2391,"date":"2009-06-15T09:19:02","date_gmt":"2009-06-15T09:19:02","guid":{"rendered":"http:\/\/wp.leiklist.is\/?p=2391"},"modified":"2009-06-15T09:19:02","modified_gmt":"2009-06-15T09:19:02","slug":"ungan-leikara-vantar-a-akureyri","status":"publish","type":"post","link":"https:\/\/leiklist.is\/en\/ungan-leikara-vantar-a-akureyri\/","title":{"rendered":"Ungan leikara vantar \u00e1 Akureyri"},"content":{"rendered":"<p>Leikf\u00e9lagi Akureyrar leitar a\u00f0 12-15 \u00e1ra str\u00e1k sem hefur \u00e1huga \u00e1 \u00fev\u00ed a\u00f0 taka a\u00f0 s\u00e9r st\u00f3rt og krefjandi hlutverk n\u00e6sta vetur. R\u00e9tt er a\u00f0 taka fram a\u00f0 vi\u00f0komandi \u00fearf ekki a\u00f0 syngja. Leikriti\u00f0 sem um r\u00e6\u00f0ir ver\u00f0ur frums\u00fdnt um mi\u00f0jan okt\u00f3ber og munu \u00e6fingar hefjast \u00ed \u00e1g\u00fast. Teki\u00f0 ver\u00f0ur \u00e1 m\u00f3ti \u00e1hugas\u00f6mum \u00ed Samkomuh\u00fasinu m\u00e1nudaginn 15. j\u00fan\u00ed milli klukkan 14 og 16.<\/p>","protected":false},"excerpt":{"rendered":"<p>Leikf\u00e9lagi Akureyrar leitar a\u00f0 12-15 \u00e1ra str\u00e1k sem hefur \u00e1huga \u00e1 \u00fev\u00ed a\u00f0 taka a\u00f0 s\u00e9r st\u00f3rt og krefjandi hlutverk n\u00e6sta vetur. R\u00e9tt er a\u00f0 taka fram a\u00f0 vi\u00f0komandi \u00fearf ekki a\u00f0 syngja. Leikriti\u00f0 sem um r\u00e6\u00f0ir ver\u00f0ur frums\u00fdnt um mi\u00f0jan okt\u00f3ber og munu \u00e6fingar hefjast \u00ed \u00e1g\u00fast. Teki\u00f0 ver\u00f0ur \u00e1 m\u00f3ti \u00e1hugas\u00f6mum \u00ed Samkomuh\u00fasinu [&hellip;]<\/p>\n","protected":false},"author":3,"featured_media":2390,"comment_status":"open","ping_status":"open","sticky":false,"template":"","format":"standard","meta":{"_et_pb_use_builder":"","_et_pb_old_content":"","_et_gb_content_width":"","footnotes":""},"categories":[187],"tags":[],"class_list":["post-2391","post","type-post","status-publish","format-standard","has-post-thumbnail","hentry","category-allar-frir","et-has-post-format-content","et_post_format-et-post-format-standard"],"_links":{"self":[{"href":"https:\/\/leiklist.is\/en\/wp-json\/wp\/v2\/posts\/2391","targetHints":{"allow":["GET"]}}],"collection":[{"href":"https:\/\/leiklist.is\/en\/wp-json\/wp\/v2\/posts"}],"about":[{"href":"https:\/\/leiklist.is\/en\/wp-json\/wp\/v2\/types\/post"}],"author":[{"embeddable":true,"href":"https:\/\/leiklist.is\/en\/wp-json\/wp\/v2\/users\/3"}],"replies":[{"embeddable":true,"href":"https:\/\/leiklist.is\/en\/wp-json\/wp\/v2\/comments?post=2391"}],"version-history":[{"count":0,"href":"https:\/\/leiklist.is\/en\/wp-json\/wp\/v2\/posts\/2391\/revisions"}],"wp:featuredmedia":[{"embeddable":true,"href":"https:\/\/leiklist.is\/en\/wp-json\/"}],"wp:attachment":[{"href":"https:\/\/leiklist.is\/en\/wp-json\/wp\/v2\/media?parent=2391"}],"wp:term":[{"taxonomy":"category","embeddable":true,"href":"https:\/\/leiklist.is\/en\/wp-json\/wp\/v2\/categories?post=2391"},{"taxonomy":"post_tag","embeddable":true,"href":"https:\/\/leiklist.is\/en\/wp-json\/wp\/v2\/tags?post=2391"}],"curies":[{"name":"wp","href":"https:\/\/api.w.org\/{rel}","templated":true}]}}