{"id":2389,"date":"2009-06-11T10:14:03","date_gmt":"2009-06-11T10:14:03","guid":{"rendered":"http:\/\/wp.leiklist.is\/?p=2389"},"modified":"2009-06-11T10:14:03","modified_gmt":"2009-06-11T10:14:03","slug":"leikhopurinn-lotta-a-vesturlandi","status":"publish","type":"post","link":"https:\/\/leiklist.is\/en\/leikhopurinn-lotta-a-vesturlandi\/","title":{"rendered":"Leikh\u00f3purinn Lotta \u00e1 Vesturlandi"},"content":{"rendered":"<p>Dagana 9. &#8211; 13. j\u00fan\u00ed mun Leikh\u00f3purinn Lotta fer\u00f0ast me\u00f0 s\u00fdninguna s\u00edna, Rau\u00f0hettu, um Vesturland. Fer\u00f0in hefst \u00ed Borgarnesi en \u00fear er s\u00fdnt \u00ed Skallagr\u00edmsgar\u00f0i, fimmtudaginn 11. j\u00fan\u00ed klukkan 18:00. Um helgina ver\u00f0ur fari\u00f0 \u00e1 Sn\u00e6fellsnesi\u00f0, fyrst til \u00d3lafsv\u00edkur \u00e1 f\u00f6studeginum en \u00fear er s\u00fdnt \u00ed S\u00e1inu klukkan 18:00 og \u00e1 laugardeginum er s\u00fdnt annars vegar \u00ed Grundarfir\u00f0i klukkan 11:00 og \u00ed Stykkish\u00f3lmi \u00ed Kvennf\u00e9lagsgar\u00f0inum klukkan 15:00. Fr\u00e1 Vesturlandi heldur h\u00f3purinn til Vestfjar\u00f0a og \u00fea\u00f0an nor\u00f0ur \u00ed land.<br \/>  <!--more-->  <\/p>\n<p>S\u00fdnt er utandyra og er \u00fev\u00ed um a\u00f0 gera a\u00f0 kl\u00e6\u00f0a sig eftir ve\u00f0ri og taka me\u00f0 s\u00e9r teppi til a\u00f0 sitja \u00e1 og hl\u00fdja s\u00e9r ef kalt er \u00ed ve\u00f0ri.<\/p>\n<p>Verki\u00f0 skirfa\u00f0i Sn\u00e6bj\u00f6rn Ragnarsson og er \u00fea\u00f0 byggt \u00e1 klass\u00edsku \u00e6vint\u00fdrunum um Rau\u00f0hettu og \u00falfinn, Hans og Gr\u00e9tu og Gr\u00edsina \u00ferj\u00e1. S\u00f6gurnar eru fl\u00e9tta\u00f0ar saman \u00e1 n\u00fdst\u00e1rlegan og skemmtilegan h\u00e1tt svo \u00far ver\u00f0ur st\u00e6r\u00f0arinnar \u00e6vint\u00fdr. Sn\u00e6bj\u00f6rn hefur einnig sami\u00f0 l\u00f6g fyrir verki\u00f0 \u00e1samt br\u00f3\u00f0ur s\u00ednum Baldri og Gunnari Ben.<\/p>\n<p> \u00deetta er \u00feri\u00f0ja sumari\u00f0 sem Leikh\u00f3purinn Lotta tekur sig til og setur upp barnas\u00fdningu. Sumari\u00f0 2007 var hi\u00f0 s\u00edvins\u00e6la verk Torbj\u00f6rns Egners, D\u00fdrin \u00ed H\u00e1lsask\u00f3gi, sett \u00e1 svi\u00f0 og \u00ed fyrra var \u00fea\u00f0 Galdrakarlinn \u00ed Oz \u00ed n\u00fdrri leikger\u00f0 \u00c1rmanns Gu\u00f0mundssonar.<\/p>\n<p> Mi\u00f0aver\u00f0 er \u00f3breytt fr\u00e1 fyrri \u00e1rum en mi\u00f0inn kostar 1.500 kr\u00f3nur fyrir fullor\u00f0na og 1.000 kr\u00f3nur fyrir b\u00f6rn. \u00deetta er \u00fev\u00ed \u00f3d\u00fdr fj\u00f6lskylduskemmtun sem enginn m\u00e1 l\u00e1ta framhj\u00e1 s\u00e9r fara.<\/p>\n<p> Leikh\u00f3purinn mun halda \u00e1fram a\u00f0 s\u00fdna \u00ed Elli\u00f0a\u00e1rdalnum \u00ed sumar og er \u00e1\u00e6tla\u00f0 a\u00f0 s\u00fdna \u00fear alla mi\u00f0vikudaga \u00ed sumar klukkan 18:00. \u00de\u00e1 fer\u00f0ast h\u00f3purinn um landi\u00f0 me\u00f0 s\u00fdninguna og er \u00e1\u00e6tla\u00f0 a\u00f0 s\u00fdna \u00e1 yfir 50 st\u00f6\u00f0um um allt land. N\u00e1nari uppl\u00fdsingar um s\u00fdningarplan m\u00e1 finna \u00e1 heimas\u00ed\u00f0u h\u00f3psins www.leikhopurinnlotta.is.<\/p>","protected":false},"excerpt":{"rendered":"<p>Dagana 9. &#8211; 13. j\u00fan\u00ed mun Leikh\u00f3purinn Lotta fer\u00f0ast me\u00f0 s\u00fdninguna s\u00edna, Rau\u00f0hettu, um Vesturland. Fer\u00f0in hefst \u00ed Borgarnesi en \u00fear er s\u00fdnt \u00ed Skallagr\u00edmsgar\u00f0i, fimmtudaginn 11. j\u00fan\u00ed klukkan 18:00. Um helgina ver\u00f0ur fari\u00f0 \u00e1 Sn\u00e6fellsnesi\u00f0, fyrst til \u00d3lafsv\u00edkur \u00e1 f\u00f6studeginum en \u00fear er s\u00fdnt \u00ed S\u00e1inu klukkan 18:00 og \u00e1 laugardeginum er s\u00fdnt annars [&hellip;]<\/p>\n","protected":false},"author":3,"featured_media":2388,"comment_status":"open","ping_status":"open","sticky":false,"template":"","format":"standard","meta":{"_et_pb_use_builder":"","_et_pb_old_content":"","_et_gb_content_width":"","footnotes":""},"categories":[187],"tags":[],"class_list":["post-2389","post","type-post","status-publish","format-standard","has-post-thumbnail","hentry","category-allar-frir","et-has-post-format-content","et_post_format-et-post-format-standard"],"_links":{"self":[{"href":"https:\/\/leiklist.is\/en\/wp-json\/wp\/v2\/posts\/2389","targetHints":{"allow":["GET"]}}],"collection":[{"href":"https:\/\/leiklist.is\/en\/wp-json\/wp\/v2\/posts"}],"about":[{"href":"https:\/\/leiklist.is\/en\/wp-json\/wp\/v2\/types\/post"}],"author":[{"embeddable":true,"href":"https:\/\/leiklist.is\/en\/wp-json\/wp\/v2\/users\/3"}],"replies":[{"embeddable":true,"href":"https:\/\/leiklist.is\/en\/wp-json\/wp\/v2\/comments?post=2389"}],"version-history":[{"count":0,"href":"https:\/\/leiklist.is\/en\/wp-json\/wp\/v2\/posts\/2389\/revisions"}],"wp:featuredmedia":[{"embeddable":true,"href":"https:\/\/leiklist.is\/en\/wp-json\/"}],"wp:attachment":[{"href":"https:\/\/leiklist.is\/en\/wp-json\/wp\/v2\/media?parent=2389"}],"wp:term":[{"taxonomy":"category","embeddable":true,"href":"https:\/\/leiklist.is\/en\/wp-json\/wp\/v2\/categories?post=2389"},{"taxonomy":"post_tag","embeddable":true,"href":"https:\/\/leiklist.is\/en\/wp-json\/wp\/v2\/tags?post=2389"}],"curies":[{"name":"wp","href":"https:\/\/api.w.org\/{rel}","templated":true}]}}