{"id":2379,"date":"2009-06-03T13:13:18","date_gmt":"2009-06-03T13:13:18","guid":{"rendered":"http:\/\/wp.leiklist.is\/?p=2379"},"modified":"2009-06-03T13:13:18","modified_gmt":"2009-06-03T13:13:18","slug":"uppdeitaeir-vikingar-taka-tjoeleikhusie","status":"publish","type":"post","link":"https:\/\/leiklist.is\/en\/uppdeitaeir-vikingar-taka-tjoeleikhusie\/","title":{"rendered":"Uppdeita\u00f0ir v\u00edkingar taka \u00dej\u00f3\u00f0leikh\u00fasi\u00f0"},"content":{"rendered":"<p>\u00dea\u00f0 brutust \u00fat fagna\u00f0arl\u00e6ti nor\u00f0ur \u00ed landi \u00feegar \u00fea\u00f0 fr\u00e9ttist a\u00f0 Rokks\u00f6ngleikurinn V\u00ednland haf\u00f0i veri\u00f0 valinn til s\u00fdningar \u00ed \u00dej\u00f3\u00f0leikh\u00fasinu.\u00a0 Menn \u00fdmist ur\u00f0u or\u00f0lausir e\u00f0a brustu \u00ed gr\u00e1t eins og \u00d3skarinn v\u00e6ri loksins \u00ed h\u00f6fn. Af sj\u00e1lfs\u00f6g\u00f0u var umsvifalaust slegi\u00f0 upp fagna\u00f0arpart\u00edi og gla\u00f0st fram undir morgun eins og leikh\u00f3purinn gerir stundum. En n\u00fana nokkrum d\u00f6gum seinna blasir alvaran vi\u00f0. \u00dea\u00f0 \u00fearf a\u00f0 \u00e6fa \u00feetta upp\u00e1 n\u00fdtt og pakka ni\u00f0ur nokkrum tonnum af leikmynd og kalla saman 30 leikara og a\u00f0sto\u00f0arf\u00f3lk, sem hafa leiklist a\u00f0 \u00e1hugam\u00e1li og eiga \u00fea\u00f0 allir sameiginlegt a\u00f0 hafa margt anna\u00f0 a\u00f0 gera en a\u00f0 \u00e6fa og s\u00fdna leikrit um h\u00e1bjargr\u00e6\u00f0ist\u00edmann.<br \/>  <!--more-->  <br \/>T\u00f3nlistin \u00ed verkinu er eftir Helga og hlj\u00f3\u00f0f\u00e6raleikarana. \u00dea\u00f0 var \u00e1kve\u00f0i\u00f0 alveg fr\u00e1 upphafi a\u00f0 undirleikur \u00e1 s\u00fdningum v\u00e6ri \u00e1 bandi og \u00feannig var \u00fea\u00f0 allt til loka s\u00fdningart\u00edmans \u00feegar \u00fea\u00f0 var \u00e1kve\u00f0i\u00f0 a\u00f0 hafa s\u00e9rstaka stj\u00f6rnus\u00fdningu me\u00f0 \u00fe\u00e1ttt\u00f6ku hlj\u00f3msveitarinnar. Eftir \u00fea\u00f0 var ekki aftur sn\u00fai\u00f0, svo hlj\u00f3msveitin mun \u00ed eigin pers\u00f3nu sj\u00e1 um a\u00f0 halda uppi trukkinu \u00e1 s\u00fdningum \u00fea\u00f0 sem eftir er. V\u00ednlandi\u00f0 var s\u00fdnt 18 sinnum \u00ed Freyvangi \u00ed Eyjafjar\u00f0arsveit og s\u00ed\u00f0ustu s\u00fdningar voru \u00ed apr\u00edl. Verki\u00f0 hlaut g\u00f3\u00f0a d\u00f3ma nema hj\u00e1 gamalli konu sem sat me\u00f0 puttana \u00ed eyrunum alla s\u00fdninguna. H\u00fan kunni ekki a\u00f0 meta t\u00f3nlistina. <\/p>\n<p>Sem sagt V\u00ednland var vali\u00f0 athyglisver\u00f0asta \u00e1hugleiks\u00fdning \u00e1rsins af valnefnd \u00dej\u00f3\u00f0leikh\u00fassins. \u00cd ums\u00f6gn nefndarinnar segir me\u00f0al annars a\u00f0 \u00fea\u00f0 s\u00e9 hreint fr\u00e1b\u00e6r hugmynd hj\u00e1 Helga \u00de\u00f3rssyni\u00a0 og Freyvangsleikh\u00fasinu a\u00f0 setja \u00e1 svi\u00f0 rokks\u00f6ngleik bygg\u00f0an \u00e1 v\u00edkinga-arflei\u00f0 okkar \u00cdslendinga&#8230; svo hetjur v\u00edkingat\u00edmans birtast okkur sem \u00fe\u00fasund \u00e1ra gamlar rokkstj\u00f6rnur.<\/p>\n<p>S\u00fdnt ver\u00f0ur \u00ed \u00fej\u00f3\u00f0leikh\u00fasinu \u00feann 12. j\u00fan\u00ed og \u00e1kve\u00f0i\u00f0 hefur veri\u00f0 a\u00f0 hafa aukas\u00fdningar \u00ed Freyvangi 4. og 5. j\u00fan\u00ed.\u00a0\u00a0\u00a0 <\/p>\n<div style=\"text-align: right;\">{mos_fb_discuss:2}<\/div>","protected":false},"excerpt":{"rendered":"<p>\u00dea\u00f0 brutust \u00fat fagna\u00f0arl\u00e6ti nor\u00f0ur \u00ed landi \u00feegar \u00fea\u00f0 fr\u00e9ttist a\u00f0 Rokks\u00f6ngleikurinn V\u00ednland haf\u00f0i veri\u00f0 valinn til s\u00fdningar \u00ed \u00dej\u00f3\u00f0leikh\u00fasinu.\u00a0 Menn \u00fdmist ur\u00f0u or\u00f0lausir e\u00f0a brustu \u00ed gr\u00e1t eins og \u00d3skarinn v\u00e6ri loksins \u00ed h\u00f6fn. Af sj\u00e1lfs\u00f6g\u00f0u var umsvifalaust slegi\u00f0 upp fagna\u00f0arpart\u00edi og gla\u00f0st fram undir morgun eins og leikh\u00f3purinn gerir stundum. En n\u00fana nokkrum [&hellip;]<\/p>\n","protected":false},"author":3,"featured_media":2378,"comment_status":"open","ping_status":"open","sticky":false,"template":"","format":"standard","meta":{"_et_pb_use_builder":"","_et_pb_old_content":"","_et_gb_content_width":"","footnotes":""},"categories":[187],"tags":[],"class_list":["post-2379","post","type-post","status-publish","format-standard","has-post-thumbnail","hentry","category-allar-frir","et-has-post-format-content","et_post_format-et-post-format-standard"],"_links":{"self":[{"href":"https:\/\/leiklist.is\/en\/wp-json\/wp\/v2\/posts\/2379","targetHints":{"allow":["GET"]}}],"collection":[{"href":"https:\/\/leiklist.is\/en\/wp-json\/wp\/v2\/posts"}],"about":[{"href":"https:\/\/leiklist.is\/en\/wp-json\/wp\/v2\/types\/post"}],"author":[{"embeddable":true,"href":"https:\/\/leiklist.is\/en\/wp-json\/wp\/v2\/users\/3"}],"replies":[{"embeddable":true,"href":"https:\/\/leiklist.is\/en\/wp-json\/wp\/v2\/comments?post=2379"}],"version-history":[{"count":0,"href":"https:\/\/leiklist.is\/en\/wp-json\/wp\/v2\/posts\/2379\/revisions"}],"wp:featuredmedia":[{"embeddable":true,"href":"https:\/\/leiklist.is\/en\/wp-json\/"}],"wp:attachment":[{"href":"https:\/\/leiklist.is\/en\/wp-json\/wp\/v2\/media?parent=2379"}],"wp:term":[{"taxonomy":"category","embeddable":true,"href":"https:\/\/leiklist.is\/en\/wp-json\/wp\/v2\/categories?post=2379"},{"taxonomy":"post_tag","embeddable":true,"href":"https:\/\/leiklist.is\/en\/wp-json\/wp\/v2\/tags?post=2379"}],"curies":[{"name":"wp","href":"https:\/\/api.w.org\/{rel}","templated":true}]}}