{"id":2371,"date":"2009-05-29T12:38:19","date_gmt":"2009-05-29T12:38:19","guid":{"rendered":"http:\/\/wp.leiklist.is\/?p=2371"},"modified":"2009-05-29T12:38:19","modified_gmt":"2009-05-29T12:38:19","slug":"o-tu-enn-og-aftur-aukasyningar-hja-hugleik","status":"publish","type":"post","link":"https:\/\/leiklist.is\/en\/o-tu-enn-og-aftur-aukasyningar-hja-hugleik\/","title":{"rendered":"\u00d3, \u00fe\u00fa enn og aftur &#8211; Aukas\u00fdningar hj\u00e1 Hugleik"},"content":{"rendered":"<p>Hugleikur hefur b\u00e6tt vi\u00f0 aukas\u00fdningum \u00e1 sveital\u00edfsleiknum \u00d3, \u00fe\u00fa aftur? vegna mikillar a\u00f0s\u00f3knar.\u00a0Allra s\u00ed\u00f0ustu forv\u00f6\u00f0 til a\u00f0 fylgjast me\u00f0 afdrifum saklausa sveitaf\u00f3lksins \u00ed h\u00f6fu\u00f0borgarsollinum ver\u00f0a \u00e1 Sm\u00ed\u00f0averkst\u00e6\u00f0i \u00dej\u00f3\u00f0leikh\u00fassins \u00feri\u00f0judaginn 2. og mi\u00f0vikudaginn 3. j\u00fan\u00ed. <br \/>   <!--more-->  <br \/>Verki\u00f0 er eftir \u00fe\u00e6r Ingibj\u00f6rgu Hjartard\u00f3ttur, Sigr\u00fanu \u00d3skarsd\u00f3ttur og Unni Guttormsd\u00f3ttur og er frj\u00e1lslega byggt \u00e1 Pilti og St\u00falku J\u00f3ns Thoroddsen. Hugleikskur galgopah\u00e1ttur \u00ed bland vi\u00f0 l\u00famska \u00fej\u00f3\u00f0f\u00e9lags\u00e1deilu, krydda\u00f0 me\u00f0 t\u00f3nlist \u00far smi\u00f0ju Lj\u00f3tu h\u00e1lfvitanna Eggerts Hilmarssonar, \u00deorgeirs Tryggvasonar, S\u00e6vars Sigurgeirssonar og Odds Bjarna \u00deorkelssonar sem einnig leikst\u00fdrir.<\/p>\n<p>Mi\u00f0asala er \u00ed \u00dej\u00f3\u00f0leikh\u00fasinu.<\/p>\n<div style=\"text-align: right;\">{mos_fb_discuss:2}<\/div>","protected":false},"excerpt":{"rendered":"<p>Hugleikur hefur b\u00e6tt vi\u00f0 aukas\u00fdningum \u00e1 sveital\u00edfsleiknum \u00d3, \u00fe\u00fa aftur? vegna mikillar a\u00f0s\u00f3knar.\u00a0Allra s\u00ed\u00f0ustu forv\u00f6\u00f0 til a\u00f0 fylgjast me\u00f0 afdrifum saklausa sveitaf\u00f3lksins \u00ed h\u00f6fu\u00f0borgarsollinum ver\u00f0a \u00e1 Sm\u00ed\u00f0averkst\u00e6\u00f0i \u00dej\u00f3\u00f0leikh\u00fassins \u00feri\u00f0judaginn 2. og mi\u00f0vikudaginn 3. j\u00fan\u00ed.<\/p>","protected":false},"author":3,"featured_media":2347,"comment_status":"open","ping_status":"open","sticky":false,"template":"","format":"standard","meta":{"_et_pb_use_builder":"","_et_pb_old_content":"","_et_gb_content_width":"","footnotes":""},"categories":[187],"tags":[],"class_list":["post-2371","post","type-post","status-publish","format-standard","has-post-thumbnail","hentry","category-allar-frir","et-has-post-format-content","et_post_format-et-post-format-standard"],"_links":{"self":[{"href":"https:\/\/leiklist.is\/en\/wp-json\/wp\/v2\/posts\/2371","targetHints":{"allow":["GET"]}}],"collection":[{"href":"https:\/\/leiklist.is\/en\/wp-json\/wp\/v2\/posts"}],"about":[{"href":"https:\/\/leiklist.is\/en\/wp-json\/wp\/v2\/types\/post"}],"author":[{"embeddable":true,"href":"https:\/\/leiklist.is\/en\/wp-json\/wp\/v2\/users\/3"}],"replies":[{"embeddable":true,"href":"https:\/\/leiklist.is\/en\/wp-json\/wp\/v2\/comments?post=2371"}],"version-history":[{"count":0,"href":"https:\/\/leiklist.is\/en\/wp-json\/wp\/v2\/posts\/2371\/revisions"}],"wp:featuredmedia":[{"embeddable":true,"href":"https:\/\/leiklist.is\/en\/wp-json\/"}],"wp:attachment":[{"href":"https:\/\/leiklist.is\/en\/wp-json\/wp\/v2\/media?parent=2371"}],"wp:term":[{"taxonomy":"category","embeddable":true,"href":"https:\/\/leiklist.is\/en\/wp-json\/wp\/v2\/categories?post=2371"},{"taxonomy":"post_tag","embeddable":true,"href":"https:\/\/leiklist.is\/en\/wp-json\/wp\/v2\/tags?post=2371"}],"curies":[{"name":"wp","href":"https:\/\/api.w.org\/{rel}","templated":true}]}}