{"id":2353,"date":"2009-05-22T12:21:26","date_gmt":"2009-05-22T12:21:26","guid":{"rendered":"http:\/\/wp.leiklist.is\/?p=2353"},"modified":"2009-05-22T12:21:26","modified_gmt":"2009-05-22T12:21:26","slug":"ut-i-koett-dans-og-soengleikur-fyrir-boern","status":"publish","type":"post","link":"https:\/\/leiklist.is\/en\/ut-i-koett-dans-og-soengleikur-fyrir-boern\/","title":{"rendered":"\u00dat \u00ed k\u00f6tt! &#8211; Dans og s\u00f6ngleikur fyrir b\u00f6rn"},"content":{"rendered":"<p>L\u00fd\u00f0veldisleikh\u00fasi\u00f0 frums\u00fdnir n\u00fdtt \u00edslenskt leikverk fyrir b\u00f6rn \u00feann 26. ma\u00ed n.k. \u00ed Ger\u00f0ubergi. \u00deetta er dans og s\u00f6ngleikur sem ber nafni\u00f0 \u00dat \u00ed k\u00f6tt! og fjallar um tvo krakka og fer\u00f0alag \u00feeirra um t\u00f6lvu og \u00e6vint\u00fdraheima. \u00deessi \u00e6vint\u00fdraleikur er fyrir b\u00f6rn \u00e1 aldrinum fj\u00f6gurra til t\u00f3lf \u00e1ra en fullor\u00f0nir \u00e6ttu l\u00edka a\u00f0 hafa gaman a\u00f0 \u00feessu fj\u00f6ruga verki. Leikin atri\u00f0i mynda skemmtilega umgj\u00f6r\u00f0 utan um s\u00f6ng- og dansatri\u00f0i \u00fear sem \u00e6vint\u00fdrapers\u00f3nur \u00ed litr\u00edkum b\u00faningum breg\u00f0a \u00e1 leik.     <!--more-->  <br \/>Leikriti\u00f0 fjallar um str\u00e1kinn Erp sem ney\u00f0ist til a\u00f0 taka \u00e1 m\u00f3ti d\u00f3ttur vinaf\u00f3lks foreldra sinna inn \u00ed herbergi\u00f0 sitt. Helga Soff\u00eda er hress og hra\u00f0l\u00fdgin og kann fr\u00e1 m\u00f6rgu undarlegu a\u00f0 segja. Erpur \u00e1 erfitt me\u00f0 a\u00f0 s\u00e6tta sig vi\u00f0 \u00feennan gest sinn, enda sn\u00fdr h\u00fan heimi hans, \u00fear sem hetjur teiknimynda og t\u00f6lvuleikja eru karlmenn, \u00e1 hvolf. Me\u00f0 fj\u00f6rugu \u00edmyndunarafli s\u00ednu n\u00e6r h\u00fan a\u00f0 s\u00fdna honum a\u00f0 tilveran \u00fearf ekki a\u00f0 vera ni\u00f0urnj\u00f6rvu\u00f0 \u00ed fyrirfram \u00e1kve\u00f0in h\u00f3lf og kassa. S\u00f6gur Helgu Soff\u00edu eru \u00ferj\u00fa Grimms-\u00e6vint\u00fdri bygg\u00f0 \u00e1 \u00fatg\u00e1fum Roalds Dahl og fl\u00e9ttast \u00feau inn \u00ed leikverki\u00f0 me\u00f0t\u00f3nlist, dansi og s\u00f6ng. \u00dear birtast Rau\u00f0hetta, \u00d6skubuska, prins, \u00falfar og gr\u00edsir en Rau\u00f0hetta er enginn r\u00e1\u00f0villtur sakleysingi sem l\u00e6tur \u00e9ta sig m\u00f3t\u00fer\u00f3alaust og \u00d6skubuska \u00e1ttar sig \u00e1 a\u00f0 hamingjan felst ekki \u00ed \u00fev\u00ed einu a\u00f0 vera f\u00f3tnett og fr\u00ed\u00f0. <\/p>\n<p>Tv\u00f6 t\u00f3lf \u00e1ra b\u00f6rn fara me\u00f0 hlutverk Erps og Helgu Soff\u00edu, \u00feau Fannar Gu\u00f0ni Gu\u00f0mundsson og S\u00f3ley Anna Ben\u00f3n\u00fdsd\u00f3ttir, Ragnhei\u00f0ur \u00c1rnad\u00f3ttir s\u00f6ngkona fer me\u00f0 hlutverk s\u00f6gumanns, og leikararnir og dansararnir Gu\u00f0mundur El\u00edas Knudsen og Kolbr\u00fan Anna Bj\u00f6rnsd\u00f3ttir fara me\u00f0 hlutverk geimskr\u00edmsla og \u00fdmsra \u00e6vint\u00fdrapers\u00f3na t. d. Rau\u00f0hettu og \u00falfsins og \u00d6skubusku og prinsins, en Kolbr\u00fan er einnig leikstj\u00f3ri. Ben\u00f3n\u00fd \u00c6gisson er h\u00f6fundur handrits, semur t\u00f3nlistina og \u00fe\u00fd\u00f0ir kv\u00e6\u00f0i Roald Dahl, Sigr\u00ed\u00f0ur \u00c1sta \u00c1rnad\u00f3ttir gerir b\u00faningana en  Kristr\u00fan Eyj\u00f3lfsd\u00f3ttir leikmyndina.<\/p>\n<p>\u00cd \u00e6vint\u00fdraleiknum \u00dat \u00ed k\u00f6tt! er sta\u00f0almyndunum gefi\u00f0 langt nef og hl\u00e1turinn nota\u00f0ur til a\u00f0 opna augu \u00e1horfenda fyrir \u00fev\u00ed a\u00f0 heimurinn er ekkieins svart\/hv\u00edtur og hann s\u00fdnist. \u00dea\u00f0 er mikilv\u00e6gt, \u00ed allri \u00feeirri fj\u00f6lbreyttu fl\u00f3ru skemmtana sem standa b\u00f6rnum til bo\u00f0a, a\u00f0 \u00feau geti einnig s\u00e9\u00f0 s\u00fdningu sem vekur \u00feau til umhugsunar um vi\u00f0tekin gildi. \u00c1 \u00cdslandi er f\u00e9lagslegt jafnr\u00e9tti langt \u00e1 veg komi\u00f0 en \u00e1 sama t\u00edma eru skilabo\u00f0in sem b\u00f6rnin okkar f\u00e1 \u00far umhverfinu og \u00far fj\u00f6lmi\u00f0lum v\u00e6gast sagt tv\u00edr\u00e6\u00f0. Stelpur eiga a\u00f0 vera s\u00e6tar, undirgefnar og \u00f3virkar en str\u00e1karnir eiga a\u00f0 vera ofurvirkar hetjur. \u00cd \u00feessu verki er sta\u00f0almyndum kynjanna hins vegar kollvarpa\u00f0 og vi\u00f0teknum gildum \u00f6gra\u00f0. <\/p>\n<p>\u00dat \u00ed k\u00f6tt! ver\u00f0ur s\u00fdnt \u00ed Ger\u00f0ubergi 28. og 30 ma\u00ed en einnig ver\u00f0ur \u00dat \u00ed K\u00f6tt! s\u00fdnt \u00ed Hafnarfjar\u00f0arleikh\u00fasinu \u00e1 Bj\u00f6rtum d\u00f6gum \u00ed Hafnarfir\u00f0i \u00ed byrjun j\u00fan\u00ed. N\u00e1nari uppl\u00fdsingar \u00e1 vef L\u00fd\u00f0veldisleikh\u00fassins www.this.is\/great <\/p>\n<div style=\"text-align: right;\">{mos_fb_discuss:2}<\/div>","protected":false},"excerpt":{"rendered":"<p>L\u00fd\u00f0veldisleikh\u00fasi\u00f0 frums\u00fdnir n\u00fdtt \u00edslenskt leikverk fyrir b\u00f6rn \u00feann 26. ma\u00ed n.k. \u00ed Ger\u00f0ubergi. \u00deetta er dans og s\u00f6ngleikur sem ber nafni\u00f0 \u00dat \u00ed k\u00f6tt! og fjallar um tvo krakka og fer\u00f0alag \u00feeirra um t\u00f6lvu og \u00e6vint\u00fdraheima. \u00deessi \u00e6vint\u00fdraleikur er fyrir b\u00f6rn \u00e1 aldrinum fj\u00f6gurra til t\u00f3lf \u00e1ra en fullor\u00f0nir \u00e6ttu l\u00edka a\u00f0 hafa gaman a\u00f0 [&hellip;]<\/p>\n","protected":false},"author":3,"featured_media":2352,"comment_status":"open","ping_status":"open","sticky":false,"template":"","format":"standard","meta":{"_et_pb_use_builder":"","_et_pb_old_content":"","_et_gb_content_width":"","footnotes":""},"categories":[187],"tags":[],"class_list":["post-2353","post","type-post","status-publish","format-standard","has-post-thumbnail","hentry","category-allar-frir","et-has-post-format-content","et_post_format-et-post-format-standard"],"_links":{"self":[{"href":"https:\/\/leiklist.is\/en\/wp-json\/wp\/v2\/posts\/2353","targetHints":{"allow":["GET"]}}],"collection":[{"href":"https:\/\/leiklist.is\/en\/wp-json\/wp\/v2\/posts"}],"about":[{"href":"https:\/\/leiklist.is\/en\/wp-json\/wp\/v2\/types\/post"}],"author":[{"embeddable":true,"href":"https:\/\/leiklist.is\/en\/wp-json\/wp\/v2\/users\/3"}],"replies":[{"embeddable":true,"href":"https:\/\/leiklist.is\/en\/wp-json\/wp\/v2\/comments?post=2353"}],"version-history":[{"count":0,"href":"https:\/\/leiklist.is\/en\/wp-json\/wp\/v2\/posts\/2353\/revisions"}],"wp:featuredmedia":[{"embeddable":true,"href":"https:\/\/leiklist.is\/en\/wp-json\/"}],"wp:attachment":[{"href":"https:\/\/leiklist.is\/en\/wp-json\/wp\/v2\/media?parent=2353"}],"wp:term":[{"taxonomy":"category","embeddable":true,"href":"https:\/\/leiklist.is\/en\/wp-json\/wp\/v2\/categories?post=2353"},{"taxonomy":"post_tag","embeddable":true,"href":"https:\/\/leiklist.is\/en\/wp-json\/wp\/v2\/tags?post=2353"}],"curies":[{"name":"wp","href":"https:\/\/api.w.org\/{rel}","templated":true}]}}