{"id":230,"date":"2005-08-19T11:35:27","date_gmt":"2005-08-19T11:35:27","guid":{"rendered":"http:\/\/wp.leiklist.is\/?p=230"},"modified":"2005-08-19T11:35:27","modified_gmt":"2005-08-19T11:35:27","slug":"lagabnn-eyir","status":"publish","type":"post","link":"https:\/\/leiklist.is\/en\/lagabnn-eyir\/","title":{"rendered":"\u00c1lagab\u00e6rinn \u00e1 Rey\u00f0arfir\u00f0i"},"content":{"rendered":"<p>Laugardaginn 6. n\u00f3vember s\u00ed\u00f0astli\u00f0inn frums\u00fdndi Leikf\u00e9lag Rey\u00f0arfjar\u00f0ar leikriti\u00f0 \u00c1lagab\u00e6rinn eftir \u00c1rmann Gu\u00f0mundsson. Leikriti\u00f0 gengur miki\u00f0 \u00fat \u00e1 stutt atri\u00f0i, m\u00f6rg me\u00f0 s\u00f6ng.  <!--more-->  \u00deetta ger\u00f0i \u00fea\u00f0 a\u00f0 verkum a\u00f0 m\u00e9r fannst \u00e9g \u00e1 stundum vera a\u00f0 horfa \u00e1 \u00feorrabl\u00f3t og var\u00f0 eitthva\u00f0 hvumpinn \u00e1 t\u00edmabili. Eftir s\u00fdninguna s\u00e1 \u00e9g svo \u00ed leikskr\u00e1 a\u00f0 \u00c1rmann Gu\u00f0mundsson segir \u00ed stuttum pistli &#8222;&#8230;a\u00f0 \u00feegar verki\u00f0 f\u00f3r a\u00f0 taka \u00e1 sig mynd, var \u00fea\u00f0 \u00ed h\u00e1lfger\u00f0um \u00feorrabl\u00f3tsst\u00edl. \u00c1herslan er l\u00f6g\u00f0 \u00e1 skemmtigildi\u00f0 en \u00fe\u00e6ttir eins og sagnfr\u00e6\u00f0ilegt heimildargildi og fagurfr\u00e6\u00f0ileg uppbygging voru l\u00e1tnir m\u00e6ta afgangi.&#8220; \u00c1 margan h\u00e1tt er \u00feetta afskaplega rauns\u00f6nn l\u00fdsing \u00e1 \u00feessari s\u00fdningu. \u00dearna eru farsakennd atri\u00f0i me\u00f0 tilheyrandi hlaupum, \u00fdktar pers\u00f3nur og svipbrig\u00f0i \u00ed st\u00edl vi\u00f0 \u00fea\u00f0. Kannski er \u00fea\u00f0 einmitt grunnhugsunin \u00e1 bak vi\u00f0 \u00feetta verk, einhverskonar \u00fdkjugr\u00edn. M\u00e9r finnst \u00fea\u00f0 sosum allt \u00ed lagi, einmitt \u00e1 \u00feorrabl\u00f3ti, en kannski ekki vi\u00f0eigandi \u00e1 leiksvi\u00f0i.<\/p>\n<p> Leikarar st\u00f3\u00f0u sig \u00fe\u00f3 vel \u00ed \u00feessu verki, p\u00f6ssu\u00f0u inn \u00ed \u00feennan s\u00f6gu\u00fer\u00e1\u00f0 og voru \u00e1 sinn h\u00e1tt passlega klisjulegir. Gr\u00f3sserinn \u00dej\u00f3\u00f0\u00f3lfur var skemmtilegur og s\u00f6ng einna best af \u00feeim sem voru \u00ed \u00feessum hluta s\u00fdningarinnar. Kengbeinn, b\u00e6jarstj\u00f3ri, var vandr\u00e6\u00f0alegur eins og hann hefur \u00e1tt a\u00f0 vera \u00ed me\u00f0f\u00f6rum Gunnars Theod\u00f3rs Gunnarssonar. El\u00edas Geir og Fj\u00f3la Sverrisd\u00f3ttir voru f\u00edn sem f\u00f3lki\u00f0 sem b\u00ed\u00f0ur og b\u00ed\u00f0ur og reynir svo a\u00f0 smella s\u00e9r \u00e1 au\u00f0fenginn skyndigr\u00f3\u00f0a me\u00f0 vi\u00f0eigandi aflei\u00f0ingum. Gunnar Ragnar J\u00f3nsson var m\u00e6lingama\u00f0urinn Styrmir \u00c1lsson og ger\u00f0i \u00fea\u00f0 vel, til d\u00e6mis hefur hann einhverja vi\u00f0kv\u00e6mnislega r\u00f6dd sem samt er g\u00e6dd s\u00e9rkennilegri d\u00fdpt sem kom \u00feessum \u00e1m\u00e1tlega karakter vel til skila. Hafd\u00eds Sj\u00f6fn Har\u00f0ard\u00f3ttir l\u00e9k listakonuna Gera Gj\u00f6r. \u00c9g ver\u00f0 a\u00f0 vi\u00f0urkenna a\u00f0 \u00feessi klisja um listakonuna sem kemur a\u00f0 sunnan og skiptir um karlmenn eins og n\u00e6rbuxur og yrkir lei\u00f0inleg lj\u00f3\u00f0 og er \u00e1 m\u00f3ti \u00f6llu f\u00f3r d\u00e1l\u00edti\u00f0 miki\u00f0 \u00ed taugarnar \u00e1 m\u00e9r. Ekki leikurinn, \u00fev\u00ed hann var f\u00ednn, heldur \u00feessi pers\u00f3na, nafni\u00f0 og hugmyndin um listaf\u00f3lk. Og \u00fea\u00f0 a\u00f0 h\u00fan m\u00f3tm\u00e6li \u00f6llu, sama hva\u00f0 \u00fea\u00f0 er, var au\u00f0vita\u00f0 alltof grunnt. S\u00e9ra Fri\u00f0mey var \u00e1g\u00e6tlega leikin veimilt\u00edta af S\u00f3leyju Valdimarsd\u00f3ttur og A\u00f0alhei\u00f0ur Kristj\u00e1nsd\u00f3ttir l\u00e9k \u00e1g\u00e6tlega Lj\u00f3sbr\u00e1, konu athafnamannsins. Eins og sj\u00e1 m\u00e1, eru n\u00f6fn a\u00f0alpers\u00f3nanna \u00feannig a\u00f0 b\u00fanar eru til stere\u00f3t\u00fdpur sem bera s\u00e9rkennileg og l\u00fdsandi n\u00f6fn. \u00dea\u00f0 er au\u00f0vita\u00f0 vi\u00f0eigandi \u00feorrabl\u00f3tslegt.<\/p>\n<p> Eitt fannst m\u00e9r \u00fe\u00f3 standa upp \u00far \u00e1 \u00feessari s\u00fdningu, tv\u00e6r pers\u00f3nur, Rey\u00f0a og Eskill, sem eru einskonar draugar sem birtast vi\u00f0 og vi\u00f0 og eru \u00e1 skj\u00f6n vi\u00f0 allar a\u00f0rar pers\u00f3nur \u00ed verkinu en halda samt utan um bi\u00f0ina sem er \u00fer\u00e1\u00f0urinn sem verki\u00f0 sn\u00fdst um. \u00de\u00e6r eru leiknar af \u00feeim Hj\u00f6rd\u00edsi \u00d3sk Sigtryggsd\u00f3ttur og \u00d3lafi Gunnarssyni, sem m\u00e9r fannst vera ma\u00f0ur s\u00fdningarinnar. Hann \u00e1tti st\u00f3rfenglega takta \u00ed s\u00f6ng og \u00e1tti tv\u00e6r bestu setningar verksins. S\u00fa fyrri var s\u00ed\u00f0asta setning fyrir hl\u00e9, \u00feegar hann segir salnum a\u00f0 n\u00fa skuli teki\u00f0 hl\u00e9 \u00ed svo sem eins og t\u00edu \u00e1r. Hin setningin er fyrsta setning eftir hl\u00e9 og er a\u00f0 \u00fev\u00ed er mig minnir svona: &#8222;Hvort \u00feykir \u00fe\u00e9r betra a\u00f0 b\u00ed\u00f0a einu sinni lengi e\u00f0a a\u00f0 b\u00ed\u00f0a oft og stutt?&#8220; \u00c9g g\u00e6ti alveg \u00edmynda\u00f0 m\u00e9r \u00feessar tv\u00e6r pers\u00f3nur \u00ed stuttum ein\u00fe\u00e1ttungi sem hef\u00f0i geta\u00f0 teki\u00f0 \u00feessa bi\u00f0 sveitarf\u00e9lagsins fyrir \u00e1 mun kr\u00f6ftugri h\u00e1tt en verki\u00f0 gerir annars. \u00dea\u00f0 er samt \u00fearna margt vel gert, hlj\u00f3msveitin er f\u00edn og s\u00f6ngur \u00e1 k\u00f6flum alveg \u00e1g\u00e6tur. Svi\u00f0smyndin er \u00feorrabl\u00f3tsleg og \u00e1 l\u00edklega a\u00f0 vera \u00fea\u00f0. Salurinn skemmti s\u00e9r vel og vi\u00f0t\u00f6kur voru g\u00f3\u00f0ar og \u00e9g held svona \u00feegar \u00f6llu er \u00e1 botninn hvolft a\u00f0 \u00feetta s\u00e9 vi\u00f0eigandi s\u00fdning um vi\u00f0eigandi m\u00e1lefni, \u00fear sem \u00f6ll kurl eru langt fr\u00e1 \u00fev\u00ed a\u00f0 vera komin til grafar.<\/p>\n<p> Sigur\u00f0ur Ing\u00f3lfsson<\/p>","protected":false},"excerpt":{"rendered":"<p>Laugardaginn 6. n\u00f3vember s\u00ed\u00f0astli\u00f0inn frums\u00fdndi Leikf\u00e9lag Rey\u00f0arfjar\u00f0ar leikriti\u00f0 \u00c1lagab\u00e6rinn eftir \u00c1rmann Gu\u00f0mundsson. Leikriti\u00f0 gengur miki\u00f0 \u00fat \u00e1 stutt atri\u00f0i, m\u00f6rg me\u00f0 s\u00f6ng.<\/p>","protected":false},"author":3,"featured_media":0,"comment_status":"open","ping_status":"open","sticky":false,"template":"","format":"standard","meta":{"_et_pb_use_builder":"","_et_pb_old_content":"","_et_gb_content_width":"","footnotes":""},"categories":[186],"tags":[],"class_list":["post-230","post","type-post","status-publish","format-standard","hentry","category-gagnrdinn","et-doesnt-have-format-content","et_post_format-et-post-format-standard"],"_links":{"self":[{"href":"https:\/\/leiklist.is\/en\/wp-json\/wp\/v2\/posts\/230","targetHints":{"allow":["GET"]}}],"collection":[{"href":"https:\/\/leiklist.is\/en\/wp-json\/wp\/v2\/posts"}],"about":[{"href":"https:\/\/leiklist.is\/en\/wp-json\/wp\/v2\/types\/post"}],"author":[{"embeddable":true,"href":"https:\/\/leiklist.is\/en\/wp-json\/wp\/v2\/users\/3"}],"replies":[{"embeddable":true,"href":"https:\/\/leiklist.is\/en\/wp-json\/wp\/v2\/comments?post=230"}],"version-history":[{"count":0,"href":"https:\/\/leiklist.is\/en\/wp-json\/wp\/v2\/posts\/230\/revisions"}],"wp:attachment":[{"href":"https:\/\/leiklist.is\/en\/wp-json\/wp\/v2\/media?parent=230"}],"wp:term":[{"taxonomy":"category","embeddable":true,"href":"https:\/\/leiklist.is\/en\/wp-json\/wp\/v2\/categories?post=230"},{"taxonomy":"post_tag","embeddable":true,"href":"https:\/\/leiklist.is\/en\/wp-json\/wp\/v2\/tags?post=230"}],"curies":[{"name":"wp","href":"https:\/\/api.w.org\/{rel}","templated":true}]}}