{"id":2280,"date":"2009-04-16T13:07:32","date_gmt":"2009-04-16T13:07:32","guid":{"rendered":"http:\/\/wp.leiklist.is\/?p=2280"},"modified":"2020-03-02T10:16:26","modified_gmt":"2020-03-02T10:16:26","slug":"stuttverkahmargt-sm-23-ma009","status":"publish","type":"post","link":"https:\/\/leiklist.is\/en\/stuttverkahmargt-sm-23-ma009\/","title":{"rendered":"Stuttverkah\u00e1t\u00ed\u00f0in Margt sm\u00e1tt 23. ma\u00ed 2009"},"content":{"rendered":"<p> <\/p>\n<p style=\"margin: 0px; text-indent: 0px\"> N\u00fa\u00a0er komi\u00f0 a\u00f0 5. stuttverkah\u00e1t\u00ed\u00f0inni okkar, <strong>Margt sm\u00e1tt<\/strong>, \u00ed Borgarleikh\u00fasinu. H\u00e1t\u00ed\u00f0in ver\u00f0ur haldi\u00f0 laugardaginn 23. ma\u00ed n\u00e6stkomandi og ver\u00f0ur h\u00fan me\u00f0 sama sni\u00f0i og s\u00ed\u00f0ast, \u00ed okt\u00f3ber 2007, en m\u00e1l manna var a\u00f0 s\u00fa h\u00e1t\u00ed\u00f0 hef\u00f0i veri\u00f0 s\u00e9rstaklega vel heppnu\u00f0. <\/p>\n<p style=\"margin: 0px; text-indent: 0px\"> &nbsp; <\/p>\n<p style=\"margin: 0px; text-indent: 0px\"> <strong>Frestur til \u00feess a\u00f0 tilkynna um \u00fe\u00e1ttt\u00f6ku \u00e1 h\u00e1t\u00ed\u00f0inni er til f\u00f6studagsins 1. ma\u00ed. <\/strong> <\/p>\n<p style=\"margin: 0px; text-indent: 0px\"> &nbsp; <\/p>\n<p style=\"margin: 0px; text-indent: 0px\"> Senda skal Bandalaginu ums\u00f3kn \u00e1 ey\u00f0ubla\u00f0i sem h\u00e6gt er a\u00f0<a href=\"https:\/\/leiklist.is\/wp-content\/uploads\/2009\/04\/BIL_Vidburdir_08_09_MargtSmatt_margtsmattumsokn2009.pdf\" target=\"_blank\" rel=\"noopener noreferrer\"> n\u00e1lgast h\u00e9r<\/a> .Teki\u00f0 skal fram a\u00f0 \u00fea\u00f0 er alls ekki skilyr\u00f0i a\u00f0 um frumflutning \u00e1 verki s\u00e9 a\u00f0 r\u00e6\u00f0a. Ef \u00e1hugi er fyrir a\u00f0 senda verk \u00e1 h\u00e1t\u00ed\u00f0ina en ekkert \u00e1kve\u00f0i\u00f0 verk er fyrirliggjandi er um a\u00f0 gera a\u00f0 hafa samband vi\u00f0 \u00c1rmann hj\u00e1 \u00fej\u00f3nustumi\u00f0st\u00f6\u00f0 Bandalagsins \u00ed s\u00edma 551 6974 e\u00f0a <a href=\"mailto:info@leiklist.is\" target=\"_blank\" rel=\"noopener noreferrer\">info@leiklist.is<\/a>  og f\u00e1 a\u00f0sto\u00f0 vi\u00f0 val \u00e1 verki. <\/p>\n<p style=\"margin: 0px; text-indent: 0px\"> &nbsp; <\/p>\n<p style=\"margin: 0px; text-indent: 0px\"> H\u00e1t\u00ed\u00f0in sj\u00e1lf ver\u00f0ur fr\u00e1 klukkan 14.00-18.00 \u00ed Borgarleikh\u00fasinu. Um kv\u00f6ldi\u00f0 ver\u00f0ur leig\u00f0ur salur \u00fati \u00ed b\u00e6 til a\u00f0 halda samkv\u00e6mi \u00fear sem afrekum dagsins ver\u00f0ur fagna\u00f0, l\u00e9ttir r\u00e9ttir bornir \u00e1 bor\u00f0 og skemmtiatri\u00f0i \u00e1 svi\u00f0i. Leikf\u00e9l\u00f6g eru hv\u00f6tt til \u00feess a\u00f0 grafa upp \u00e6f\u00f0a \u00fe\u00e6tti e\u00f0a \u00e6fa n\u00fdja fyrir \u00feetta tilefni. Mi\u00f0a\u00f0 er vi\u00f0 a\u00f0 h\u00e1markslengd hvers verks ver\u00f0i u.\u00fe.b. 15 m\u00edn\u00fatur. Ef svo vill til a\u00f0 of margir \u00fe\u00e6ttir berast til a\u00f0 h\u00e6gt s\u00e9 a\u00f0 halda t\u00edmaramma, munu \u00feau f\u00e9l\u00f6g sem senda flesta \u00fe\u00e6tti ver\u00f0a be\u00f0in a\u00f0 f\u00e6kka s\u00ednum verkum.Ef f\u00e9l\u00f6gin luma \u00e1 t\u00f3nlistaratri\u00f0um e\u00f0a annarri skemmtun sem h\u00e6fir \u00ed anddyri \u00ed anddyri Borgarleikh\u00fasins (fyrir h\u00e1t\u00ed\u00f0 og\/e\u00f0a \u00ed hl\u00e9i) e\u00f0a \u00ed part\u00edi kv\u00f6ldsins eru \u00feau be\u00f0in a\u00f0 l\u00e1ta vita sem fyrst. Getur \u00fea\u00f0 veri\u00f0 n\u00e1nast hva\u00f0 sem er, uppistand, t\u00f3nlist, leiklist, upp\u00e1komur, innsetningar e\u00f0a hva\u00f0 sem ykkur dettur \u00ed hug a\u00f0 g\u00e6ti skemmt f\u00f3lki. Von okkar er a\u00f0 f\u00f3lk taki vi\u00f0 s\u00e9r, flj\u00f3tt og vel, svo vi\u00f0 getum \u00e1tt s\u00fdnt hi\u00f0 \u00f6fluga starf \u00e1hugaleikh\u00fassins \u00ed vor! <\/p>\n<p style=\"margin: 0px; text-indent: 0px\"> &nbsp; <\/p>\n<p style=\"margin: 0px; text-indent: 0px\"> Ef frekari uppl\u00fdsinga er \u00fe\u00f6rf skaltu senda fyrirspurn \u00e1 info@leiklist.is <\/p>\n<p style=\"margin: 0px; text-indent: 0px\"> {j10_sb_discuss:3} <\/p>","protected":false},"excerpt":{"rendered":"<p>N\u00fa\u00a0er komi\u00f0 a\u00f0 5. stuttverkah\u00e1t\u00ed\u00f0inni okkar, Margt sm\u00e1tt, \u00ed Borgarleikh\u00fasinu. H\u00e1t\u00ed\u00f0in ver\u00f0ur haldi\u00f0 laugardaginn 23. ma\u00ed n\u00e6stkomandi og ver\u00f0ur h\u00fan me\u00f0 sama sni\u00f0i og s\u00ed\u00f0ast, \u00ed okt\u00f3ber 2007, en m\u00e1l manna var a\u00f0 s\u00fa h\u00e1t\u00ed\u00f0 hef\u00f0i veri\u00f0 s\u00e9rstaklega vel heppnu\u00f0. &nbsp; Frestur til \u00feess a\u00f0 tilkynna um \u00fe\u00e1ttt\u00f6ku \u00e1 h\u00e1t\u00ed\u00f0inni er til f\u00f6studagsins 1. ma\u00ed. [&hellip;]<\/p>\n","protected":false},"author":3,"featured_media":2278,"comment_status":"open","ping_status":"open","sticky":false,"template":"","format":"standard","meta":{"_et_pb_use_builder":"","_et_pb_old_content":"","_et_gb_content_width":"","footnotes":""},"categories":[200],"tags":[],"class_list":["post-2280","post","type-post","status-publish","format-standard","has-post-thumbnail","hentry","category-markvert","et-has-post-format-content","et_post_format-et-post-format-standard"],"_links":{"self":[{"href":"https:\/\/leiklist.is\/en\/wp-json\/wp\/v2\/posts\/2280","targetHints":{"allow":["GET"]}}],"collection":[{"href":"https:\/\/leiklist.is\/en\/wp-json\/wp\/v2\/posts"}],"about":[{"href":"https:\/\/leiklist.is\/en\/wp-json\/wp\/v2\/types\/post"}],"author":[{"embeddable":true,"href":"https:\/\/leiklist.is\/en\/wp-json\/wp\/v2\/users\/3"}],"replies":[{"embeddable":true,"href":"https:\/\/leiklist.is\/en\/wp-json\/wp\/v2\/comments?post=2280"}],"version-history":[{"count":0,"href":"https:\/\/leiklist.is\/en\/wp-json\/wp\/v2\/posts\/2280\/revisions"}],"wp:featuredmedia":[{"embeddable":true,"href":"https:\/\/leiklist.is\/en\/wp-json\/"}],"wp:attachment":[{"href":"https:\/\/leiklist.is\/en\/wp-json\/wp\/v2\/media?parent=2280"}],"wp:term":[{"taxonomy":"category","embeddable":true,"href":"https:\/\/leiklist.is\/en\/wp-json\/wp\/v2\/categories?post=2280"},{"taxonomy":"post_tag","embeddable":true,"href":"https:\/\/leiklist.is\/en\/wp-json\/wp\/v2\/tags?post=2280"}],"curies":[{"name":"wp","href":"https:\/\/api.w.org\/{rel}","templated":true}]}}