{"id":2187,"date":"2009-03-10T14:46:01","date_gmt":"2009-03-10T14:46:01","guid":{"rendered":"http:\/\/wp.leiklist.is\/?p=2187"},"modified":"2020-03-02T10:16:26","modified_gmt":"2020-03-02T10:16:26","slug":"barnaleikhtyjum","status":"publish","type":"post","link":"https:\/\/leiklist.is\/en\/barnaleikhtyjum\/","title":{"rendered":"Barnaleikh\u00fash\u00e1t\u00ed\u00f0 \u00ed F\u00e6reyjum"},"content":{"rendered":"<p> Barnaleikh\u00fash\u00e1t\u00ed\u00f0in Klakkur ver\u00f0ur haldin \u00ed Klakksv\u00edk \u00ed F\u00e6reyjum dagana 29. j\u00fan\u00ed til 5. j\u00fal\u00ed \u00ed sumar. Til hennar er bo\u00f0i\u00f0 leiks\u00fdningum barna fr\u00e1 9 til 14 \u00e1ra, a\u00f0 h\u00e1marki 60 m\u00edn. a\u00f0 lengd. S\u00fdningarnar ver\u00f0a fr\u00e1 \u00f6llum Nor\u00f0url\u00f6ndunum \u00e1samt Eistlandi, Lettlandi og Lith\u00e1en.<br \/> Leikh\u00f3parnir f\u00e1 fr\u00edtt uppihald fyrir 10 b\u00f6rn og 2 fullor\u00f0na me\u00f0an \u00e1 h\u00e1t\u00ed\u00f0inni stendur. Fer\u00f0akostna\u00f0 ver\u00f0a h\u00f3parnir a\u00f0 grei\u00f0a sj\u00e1lfir.  <\/p>\n<p>  <!--more--> <\/p>\n<p> N\u00e1nari uppl\u00fdsingar eru \u00ed <a href=\"https:\/\/leiklist.is\/wp-content\/uploads\/2009\/03\/Ymislegt_Ymsir_vidburdir_2009_klakkur.pdf\" target=\"_blank\" rel=\"noopener noreferrer\">me\u00f0fylgjandi pdf-skjali<\/a> .<br \/> \u00dear er einnig a\u00f0 finna ums\u00f3knarey\u00f0ubla\u00f0 sem \u00e1hugasamir eru be\u00f0nir a\u00f0 fylla \u00fat og senda \u00e1 netfangi\u00f0 <a href=\"mailto:info@leiklist.is\" target=\"_blank\" rel=\"noopener noreferrer\">info@leiklist.is<\/a>  fyrir 20. mars nk. ATH. EKKI TIL F\u00c6REYJA!!! <\/p>\n<p> Ef fleiri en einn h\u00f3pur s\u00e6kir um mun stj\u00f3rn Bandalagsins velja \u00far ums\u00e6kjendum fyrir 1. apr\u00edl nk.  <\/p>","protected":false},"excerpt":{"rendered":"<p>Barnaleikh\u00fash\u00e1t\u00ed\u00f0in Klakkur ver\u00f0ur haldin \u00ed Klakksv\u00edk \u00ed F\u00e6reyjum dagana 29. j\u00fan\u00ed til 5. j\u00fal\u00ed \u00ed sumar. Til hennar er bo\u00f0i\u00f0 leiks\u00fdningum barna fr\u00e1 9 til 14 \u00e1ra, a\u00f0 h\u00e1marki 60 m\u00edn. a\u00f0 lengd. S\u00fdningarnar ver\u00f0a fr\u00e1 \u00f6llum Nor\u00f0url\u00f6ndunum \u00e1samt Eistlandi, Lettlandi og Lith\u00e1en. Leikh\u00f3parnir f\u00e1 fr\u00edtt uppihald fyrir 10 b\u00f6rn og 2 fullor\u00f0na me\u00f0an \u00e1 [&hellip;]<\/p>\n","protected":false},"author":3,"featured_media":2185,"comment_status":"open","ping_status":"open","sticky":false,"template":"","format":"standard","meta":{"_et_pb_use_builder":"","_et_pb_old_content":"","_et_gb_content_width":"","footnotes":""},"categories":[200],"tags":[],"class_list":["post-2187","post","type-post","status-publish","format-standard","has-post-thumbnail","hentry","category-markvert","et-has-post-format-content","et_post_format-et-post-format-standard"],"_links":{"self":[{"href":"https:\/\/leiklist.is\/en\/wp-json\/wp\/v2\/posts\/2187","targetHints":{"allow":["GET"]}}],"collection":[{"href":"https:\/\/leiklist.is\/en\/wp-json\/wp\/v2\/posts"}],"about":[{"href":"https:\/\/leiklist.is\/en\/wp-json\/wp\/v2\/types\/post"}],"author":[{"embeddable":true,"href":"https:\/\/leiklist.is\/en\/wp-json\/wp\/v2\/users\/3"}],"replies":[{"embeddable":true,"href":"https:\/\/leiklist.is\/en\/wp-json\/wp\/v2\/comments?post=2187"}],"version-history":[{"count":0,"href":"https:\/\/leiklist.is\/en\/wp-json\/wp\/v2\/posts\/2187\/revisions"}],"wp:featuredmedia":[{"embeddable":true,"href":"https:\/\/leiklist.is\/en\/wp-json\/"}],"wp:attachment":[{"href":"https:\/\/leiklist.is\/en\/wp-json\/wp\/v2\/media?parent=2187"}],"wp:term":[{"taxonomy":"category","embeddable":true,"href":"https:\/\/leiklist.is\/en\/wp-json\/wp\/v2\/categories?post=2187"},{"taxonomy":"post_tag","embeddable":true,"href":"https:\/\/leiklist.is\/en\/wp-json\/wp\/v2\/tags?post=2187"}],"curies":[{"name":"wp","href":"https:\/\/api.w.org\/{rel}","templated":true}]}}