{"id":2115,"date":"2009-01-27T10:11:43","date_gmt":"2009-01-27T10:11:43","guid":{"rendered":"http:\/\/wp.leiklist.is\/?p=2115"},"modified":"2009-01-27T10:11:43","modified_gmt":"2009-01-27T10:11:43","slug":"og-t-an-fjylda-v-sl","status":"publish","type":"post","link":"https:\/\/leiklist.is\/en\/og-t-an-fjylda-v-sl\/","title":{"rendered":"&#8230;og \u00fe\u00fa h\u00e9lst a\u00f0 \u00fe\u00edn fj\u00f6lskylda v\u00e6ri sl\u00e6m!"},"content":{"rendered":"<p>Leikf\u00e9lag \u00d6lfuss vir\u00f0ist komi\u00f0 til a\u00f0 vera. F\u00e9lagi\u00f0 hefur \u00e1 undanf\u00f6rnum \u00e1rum fengi\u00f0 til li\u00f0s vi\u00f0 sig g\u00f3\u00f0a leikstj\u00f3ra og sett upp skemmtilegar s\u00fdningar. G\u00f3\u00f0 blanda sem skilar \u00e1rangri. N\u00fa er komi\u00f0 \u00e1 fjalirnar \u00ed Vers\u00f6lum leikriti\u00f0 Bl\u00fandur og bl\u00e1s\u00fdra, kolsv\u00f6rt k\u00f3med\u00eda um Brewster fj\u00f6lskylduna sem er langt fr\u00e1 \u00fev\u00ed a\u00f0 vera \u00f6ll \u00fear sem h\u00fan er s\u00e9\u00f0. Gu\u00f0mundur Karl Sigurd\u00f3rsson br\u00e1 s\u00e9r \u00e1 s\u00fdninguna. Umfj\u00f6llunin var upphaflega birt \u00ed Sunnlenska fr\u00e9ttabla\u00f0inu 21. jan\u00faar sl. og er birt me\u00f0 g\u00f3\u00f0f\u00faslegu leyfi h\u00f6fundar.  <!--more--> <\/p>\n<p> Leikh\u00fasgagnr\u00fdnandinn Mortimer Brewster b\u00fdr hj\u00e1 fr\u00e6nkum s\u00ednum tveimur \u00ed Brooklyn. \u00c1 \u00e6ttar\u00f3\u00f0alinu b\u00fdr einnig ge\u00f0klofa Brewster br\u00f3\u00f0ir og flj\u00f3tlega b\u00e6tist s\u00e1 \u00feri\u00f0ji \u00ed h\u00f3pinn, \u00f3ge\u00f0felldastur \u00feeirra allra me\u00f0 mi\u00f0ur g\u00f6fug \u00e1form, og reyndar \u00fdmislegt anna\u00f0, \u00ed farteskinu.<\/p>\n<p> \u00de\u00f3 a\u00f0 verki\u00f0 s\u00e9 komi\u00f0 til \u00e1ra sinna stendur \u00fea\u00f0 vel fyrir s\u00ednu sem skemmtilegt stykki enn \u00ed dag. \u00dea\u00f0 er reyndar \u00f3h\u00f3flega langt fram a\u00f0 hl\u00e9i en er afgreitt mun hra\u00f0ar eftir hl\u00e9. Kannski spila\u00f0i \u00fea\u00f0 inn\u00ed a\u00f0 um 2. s\u00fdningu var a\u00f0 r\u00e6\u00f0a, a.m.k. vanta\u00f0i t\u00f6luvert upp \u00e1 temp\u00f3i\u00f0 hj\u00e1 leikurunum \u00e1 k\u00f6flum.<\/p>\n<p> Leikh\u00f3purinn stendur sig vel \u00ed misst\u00f3rum hlutverkum sem langflest eru \u00fe\u00f3 bitast\u00e6\u00f0. \u00c1sta Margr\u00e9t Gr\u00e9tarsd\u00f3ttir sl\u00f3 \u00e1 h\u00e1rr\u00e9tta strengi \u00ed hlutverki Abb\u00fd Brewster og Magn\u00fe\u00f3ra Kristj\u00e1nsd\u00f3ttir f\u00f3r l\u00e9tt me\u00f0 hinn kostulega Tedda. \u00d3lafur Hannesson bj\u00f3 til snarbrj\u00e1la\u00f0an J\u00f3natan og vakti mikinn hl\u00e1tur en frams\u00f6gnin hef\u00f0i m\u00e1tt vera sk\u00fdrari \u00e1 k\u00f6flum. L\u00f6greglu\u00fej\u00f3narnir, leiknir af Huldu Gunnarsd\u00f3ttur og A\u00f0albj\u00f6rgu J\u00f3h\u00f6nnu Helgad\u00f3ttur, voru skemmtilega afslappa\u00f0ir og leystu \u00fe\u00e6r sinn hlut me\u00f0 pr\u00fd\u00f0i. Miki\u00f0 m\u00e6\u00f0ir \u00e1 Dan\u00edel Hauki Arnarsyni \u00ed hlutverki Mortimers. Dan\u00edel st\u00f3\u00f0 sig vel \u00fe\u00f3 a\u00f0 \u00f3\u00f6ryggis hafi g\u00e6tt \u00ed \u00feeim k\u00f6flum sem Mortimer er hva\u00f0 \u00f3\u00f6ruggastur me\u00f0 sig.<\/p>\n<p> <img loading=\"lazy\" decoding=\"async\" class=\"alignleft size-full wp-image-2114\" style=\"margin: 12px; float: left; width: 200px; height: 150px\" src=\"https:\/\/leiklist.is\/wp-content\/uploads\/2009\/01\/Adildarfelog_Sudur_Olfus_08_09_blundur2.jpg\" alt=\"blundur2.jpg\" title=\"blundur2.jpg\" width=\"200\" height=\"150\" \/>\u00datlit s\u00fdningarinnar er allt hi\u00f0 smekklegasta. Svi\u00f0smyndin v\u00f6ndu\u00f0 eins og leikstj\u00f3rans er von og v\u00edsa og gefur g\u00f3\u00f0a heildarmynd. L\u00fdsing Benedikts Axelssonar er einf\u00f6ld og st\u00edlhrein \u00fe\u00f3 a\u00f0 stundum hafi veri\u00f0 skuggs\u00fdnt \u00e1 framsvi\u00f0inu. <\/p>\n<p> \u00deegar \u00e9g var a\u00f0 skrifa d\u00f3minn fyrirfram \u00e1 lei\u00f0inni ni\u00f0ur \u00ed \u00deorl\u00e1ksh\u00f6fn (\u00ed huganum reyndar) \u00fe\u00e1 var s\u00fdningara\u00f0sta\u00f0an \u00fea\u00f0 eina sem \u00e9g setti fyrir mig. S\u00fa var l\u00edka raunin. Svi\u00f0i\u00f0 er l\u00e1gt og \u00e1horfendur sitja \u00e1 sl\u00e9ttu g\u00f3lfi \u00feannig a\u00f0 \u00fea\u00f0 t\u00f3k d\u00e1l\u00edtinn t\u00edma fyrir salinn a\u00f0 stilla sig af til a\u00f0 k\u00edkja yfir \u00f6xlina \u00e1 n\u00e6sta manni. Og ef einhver hreyf\u00f0i sig \u00e1 fremsta bekk \u00fe\u00e1 \u00feurfti \u00f6ll runan fyrir aftan a\u00f0 endurstilla sig. <br \/> Leikf\u00e9lag \u00d6lfuss er me\u00f0 \u00f6fluga kjarna sem \u00e1 bara eftir a\u00f0 st\u00e6kka. S\u00fa sta\u00f0reynd kallar \u00e1 svona vaxandi f\u00e9lag finni s\u00e9r hentugri s\u00fdningara\u00f0st\u00f6\u00f0u.<\/p>\n<p> \u00dea\u00f0 er \u00f3h\u00e6tt a\u00f0 m\u00e6la me\u00f0 \u00feessari s\u00fdningu \u00d6lfusinga fyrir unga sem aldna. \u00c9g \u00feakka fyrir brau\u00f0bolluna sem \u00e9g f\u00e9kk \u00ed h\u00f6fu\u00f0i\u00f0 \u00ed upphafi s\u00fdningar, sumir fengu haus \u00ed fangi\u00f0 en a\u00f0rir sluppu og allir virtust skemmta s\u00e9r vel.<br \/> \u00a0<br \/> <em>Gu\u00f0mundur Karl Sigurd\u00f3rsson <\/em><br \/> \u00a0<br \/> PS. Leikskr\u00e1in var me\u00f0 smekklegasta m\u00f3ti en h\u00f6fundar hennar var ekki geti\u00f0 \u00ed skr\u00e1nni sj\u00e1lfri. \u00dea\u00f0 er mi\u00f0ur.<br \/> \u00a0<br \/> Leikf\u00e9lag \u00d6lfuss s\u00fdnir Bl\u00fandur og bl\u00e1s\u00fdra eftir Joseph Otto Kesselring. Leikstj\u00f3ri Gunnar Bj\u00f6rn Gu\u00f0mundsson. Helstu leikarar: Dan\u00edel Haukur Arnarson, \u00c1sta Margr\u00e9t Gr\u00e9tarsd\u00f3ttir, \u00der\u00fa\u00f0ur Sigur\u00f0ar, Magn\u00fe\u00f3ra Kristj\u00e1nsd\u00f3ttir, \u00d3lafur Hannesson og Ragnhei\u00f0ur Helga J\u00f3nsd\u00f3ttir. Leikmyndasmi\u00f0ur: Vilhj\u00e1lmur Gar\u00f0arsson. Lj\u00f3sameistari: Benedikt Axelsson. B\u00faningar, h\u00e1r og f\u00f6r\u00f0un: Helena Helgad\u00f3ttir og Margr\u00e9t Sigur\u00f0ard\u00f3ttir.\u00a0 2. s\u00fdning \u00ed Vers\u00f6lum 17. jan\u00faar 2009.<\/p>\n<div align=\"right\"> {mos_fb_discuss:2} <\/div>","protected":false},"excerpt":{"rendered":"<p>Leikf\u00e9lag \u00d6lfuss vir\u00f0ist komi\u00f0 til a\u00f0 vera. F\u00e9lagi\u00f0 hefur \u00e1 undanf\u00f6rnum \u00e1rum fengi\u00f0 til li\u00f0s vi\u00f0 sig g\u00f3\u00f0a leikstj\u00f3ra og sett upp skemmtilegar s\u00fdningar. G\u00f3\u00f0 blanda sem skilar \u00e1rangri. N\u00fa er komi\u00f0 \u00e1 fjalirnar \u00ed Vers\u00f6lum leikriti\u00f0 Bl\u00fandur og bl\u00e1s\u00fdra, kolsv\u00f6rt k\u00f3med\u00eda um Brewster fj\u00f6lskylduna sem er langt fr\u00e1 \u00fev\u00ed a\u00f0 vera \u00f6ll \u00fear sem [&hellip;]<\/p>\n","protected":false},"author":3,"featured_media":2113,"comment_status":"open","ping_status":"open","sticky":false,"template":"","format":"standard","meta":{"_et_pb_use_builder":"","_et_pb_old_content":"","_et_gb_content_width":"","footnotes":""},"categories":[186],"tags":[],"class_list":["post-2115","post","type-post","status-publish","format-standard","has-post-thumbnail","hentry","category-gagnrdinn","et-has-post-format-content","et_post_format-et-post-format-standard"],"_links":{"self":[{"href":"https:\/\/leiklist.is\/en\/wp-json\/wp\/v2\/posts\/2115","targetHints":{"allow":["GET"]}}],"collection":[{"href":"https:\/\/leiklist.is\/en\/wp-json\/wp\/v2\/posts"}],"about":[{"href":"https:\/\/leiklist.is\/en\/wp-json\/wp\/v2\/types\/post"}],"author":[{"embeddable":true,"href":"https:\/\/leiklist.is\/en\/wp-json\/wp\/v2\/users\/3"}],"replies":[{"embeddable":true,"href":"https:\/\/leiklist.is\/en\/wp-json\/wp\/v2\/comments?post=2115"}],"version-history":[{"count":0,"href":"https:\/\/leiklist.is\/en\/wp-json\/wp\/v2\/posts\/2115\/revisions"}],"wp:featuredmedia":[{"embeddable":true,"href":"https:\/\/leiklist.is\/en\/wp-json\/"}],"wp:attachment":[{"href":"https:\/\/leiklist.is\/en\/wp-json\/wp\/v2\/media?parent=2115"}],"wp:term":[{"taxonomy":"category","embeddable":true,"href":"https:\/\/leiklist.is\/en\/wp-json\/wp\/v2\/categories?post=2115"},{"taxonomy":"post_tag","embeddable":true,"href":"https:\/\/leiklist.is\/en\/wp-json\/wp\/v2\/tags?post=2115"}],"curies":[{"name":"wp","href":"https:\/\/api.w.org\/{rel}","templated":true}]}}