{"id":2092,"date":"2009-01-07T10:10:42","date_gmt":"2009-01-07T10:10:42","guid":{"rendered":"http:\/\/wp.leiklist.is\/?p=2092"},"modified":"2009-01-07T10:10:42","modified_gmt":"2009-01-07T10:10:42","slug":"hjtveitin-rr-yfir-elfoss","status":"publish","type":"post","link":"https:\/\/leiklist.is\/en\/hjtveitin-rr-yfir-elfoss\/","title":{"rendered":"Hj\u00f3last\u00f3lasveitin r\u00fallar yfir \u00e1 Selfoss"},"content":{"rendered":"<p>Fj\u00f3rir hj\u00f3last\u00f3lar \u00e1samt fr\u00ed\u00f0u f\u00f6ru-nauti, MU-M\u00da, Rampusi og St\u00fafi hinum eina sanni sem neitar a\u00f0 fara til fjalla, leggja land undir f\u00f3t og herja \u00e1 Selfyssinga og n\u00e6rsveitarmenn me\u00f0 s\u00ednu \u00e6rlega og frumsamda gr\u00edni \u00ed jan\u00faarbyrjun 2009. Uppistandararnir eru fj\u00f3rir fj\u00f6rugir einstaklingar sem nota allir hj\u00f3last\u00f3l, \u00e1 alveg einstakan h\u00e1tt! \u00deeir ver\u00f0a me\u00f0 uppistand e\u00f0a sitdown og segja fr\u00e1 pers\u00f3nulegri og \u00f3pers\u00f3nulegri reynslu af \u00fev\u00ed a\u00f0 fer\u00f0ast um \u00e1 fj\u00f3rum hj\u00f3lum \u00ed landi t\u00e6kif\u00e6ranna. Um \u00e1skoranir \u00ed l\u00edfinu, hugl\u00e6gar sem hlutbundnar hindranir, \u00e1stina, fer\u00f0a\u00fej\u00f3nustu fatla\u00f0ra, geimverur, forseta l\u00fd\u00f0veldisins, alkah\u00f3lsj\u00faka hamstra, Perk\u00falahj\u00f3nin \u00ed Finnlandi, tilskipanir og kva\u00f0ir Evr\u00f3pu sambandsins, b\u00f3nor\u00f0in t\u00edu, afrakstur \u00e1starviku Bolv\u00edkinga, af f\u00f6tlu\u00f0um p\u00f3lit\u00edkusum&#8230;  <!--more--> <\/p>\n<p> Hven\u00e6r eiga Selfyssingar von \u00e1 \u00feessum hj\u00f3last\u00f3lum \u00ed b\u00e6inn? \u00deegar j\u00f3lin hafa gengi\u00f0 um gar\u00f0, j\u00f3laskrauti\u00f0 er fari\u00f0 \u00ed kassa og drunginn og t\u00f3mleikinn fara \u00e1 stj\u00e1 og v\u00f6mbin er full af keti, k\u00f6kum, karamellum, mandar\u00ednum og \u00f6li. \u00cd jan\u00faarbyrjun er tilhneiging hj\u00e1 landanum a\u00f0\u00a0 rj\u00faka \u00e1 hlaupabretti\u00f0 og kaupa s\u00e9r \u00e1rskort \u00ed l\u00edkamsr\u00e6ktarst\u00f6\u00f0 sem er gott m\u00e1l en HJ\u00d3LAST\u00d3LASVEITIN er me\u00f0 \u00f3d\u00fdra lausn \u00e1 \u00fev\u00ed a\u00f0 n\u00e1 af s\u00e9r j\u00f3lamatnum. \u00de\u00fa sl\u00e6r\u00f0 tv\u00e6r flugur \u00ed einu h\u00f6ggi me\u00f0 \u00fev\u00ed a\u00f0 hl\u00e6ja duglega svo a\u00f0 skvapi\u00f0 hristist til og fr\u00e1. S\u00farefnismettun eykst vi\u00f0 hl\u00e1turrokur, lundin l\u00e9ttist, v\u00f6\u00f0var styrkjast \u00ed andlitinu sem og \u00e1 maganum, rassi og l\u00e6rum. Hristum upp \u00ed okkur, sitjum og st\u00f6ndum saman, h\u00f6fum gaman me\u00f0 \u00fev\u00ed a\u00f0 koma saman \u00ed litla Leikh\u00fasinu \u00e1 Selfossi laugardaginn 10. jan\u00faar n\u00e6st komandi. L\u00e1tum j\u00f3laskvapi\u00f0 breytast \u00ed sixpakk \u00e1 v\u00f6mbinni me\u00f0 hl\u00e1tri. S\u00fdningin hefst klukkan 20:30, mi\u00f0aver\u00f0 er 1000 kr. og mi\u00f0apantanir \u00ed s\u00edma 695-3631<\/p>\n<p> <strong>Um Hj\u00f3last\u00f3lasveitina:<\/strong><\/p>\n<p> \u00deann 11. jan\u00faar 2008 var\u00f0 HJ\u00d3LAST\u00d3LASVEITIN sj\u00e1lfst\u00e6tt f\u00e9lag \u00fear sem tilgangur f\u00e9lagsins er a\u00f0 skemmta f\u00f3lki me\u00f0 uppistandi v\u00ed\u00f0s vegar, innan lands sem utan. H\u00fan vekur athygli \u00e1 m\u00e1lefnum hreyfihamla\u00f0ra og annarra fatla\u00f0ra \u00ed samf\u00e9laginu og eflir heilsu allra landsmanna me\u00f0 hl\u00e1tri. \u00c1 \u00fev\u00ed eina \u00e1ri sem HJ\u00d3LAST\u00d3LASVEITIN hefur starfa\u00f0 hefur h\u00fan komi\u00f0 fram fimmt\u00e1n sinnum og skemmt r\u00famlega 1573 manns, m.a. \u00e1 Vetrarh\u00e1t\u00ed\u00f0 2008, \u00ed I\u00f0n\u00f3 og \u00e1 Akureyri. \u00c1horfendur hafa veri\u00f0 \u00e1 mj\u00f6g brei\u00f0um aldri og skemmt s\u00e9r vel. Lj\u00f3st er a\u00f0 \u00feetta framtak er algj\u00f6r n\u00fdlunda og frumkv\u00f6\u00f0lastarfsemi.<\/p>\n<div align=\"right\"> {mos_fb_discuss:2} <\/div>","protected":false},"excerpt":{"rendered":"<p>Fj\u00f3rir hj\u00f3last\u00f3lar \u00e1samt fr\u00ed\u00f0u f\u00f6ru-nauti, MU-M\u00da, Rampusi og St\u00fafi hinum eina sanni sem neitar a\u00f0 fara til fjalla, leggja land undir f\u00f3t og herja \u00e1 Selfyssinga og n\u00e6rsveitarmenn me\u00f0 s\u00ednu \u00e6rlega og frumsamda gr\u00edni \u00ed jan\u00faarbyrjun 2009. Uppistandararnir eru fj\u00f3rir fj\u00f6rugir einstaklingar sem nota allir hj\u00f3last\u00f3l, \u00e1 alveg einstakan h\u00e1tt! \u00deeir ver\u00f0a me\u00f0 uppistand e\u00f0a [&hellip;]<\/p>\n","protected":false},"author":3,"featured_media":2091,"comment_status":"open","ping_status":"open","sticky":false,"template":"","format":"standard","meta":{"_et_pb_use_builder":"","_et_pb_old_content":"","_et_gb_content_width":"","footnotes":""},"categories":[187],"tags":[],"class_list":["post-2092","post","type-post","status-publish","format-standard","has-post-thumbnail","hentry","category-allar-frir","et-has-post-format-content","et_post_format-et-post-format-standard"],"_links":{"self":[{"href":"https:\/\/leiklist.is\/en\/wp-json\/wp\/v2\/posts\/2092","targetHints":{"allow":["GET"]}}],"collection":[{"href":"https:\/\/leiklist.is\/en\/wp-json\/wp\/v2\/posts"}],"about":[{"href":"https:\/\/leiklist.is\/en\/wp-json\/wp\/v2\/types\/post"}],"author":[{"embeddable":true,"href":"https:\/\/leiklist.is\/en\/wp-json\/wp\/v2\/users\/3"}],"replies":[{"embeddable":true,"href":"https:\/\/leiklist.is\/en\/wp-json\/wp\/v2\/comments?post=2092"}],"version-history":[{"count":0,"href":"https:\/\/leiklist.is\/en\/wp-json\/wp\/v2\/posts\/2092\/revisions"}],"wp:featuredmedia":[{"embeddable":true,"href":"https:\/\/leiklist.is\/en\/wp-json\/"}],"wp:attachment":[{"href":"https:\/\/leiklist.is\/en\/wp-json\/wp\/v2\/media?parent=2092"}],"wp:term":[{"taxonomy":"category","embeddable":true,"href":"https:\/\/leiklist.is\/en\/wp-json\/wp\/v2\/categories?post=2092"},{"taxonomy":"post_tag","embeddable":true,"href":"https:\/\/leiklist.is\/en\/wp-json\/wp\/v2\/tags?post=2092"}],"curies":[{"name":"wp","href":"https:\/\/api.w.org\/{rel}","templated":true}]}}