{"id":2070,"date":"2008-12-08T09:26:30","date_gmt":"2008-12-08T09:26:30","guid":{"rendered":"http:\/\/wp.leiklist.is\/?p=2070"},"modified":"2008-12-08T09:26:30","modified_gmt":"2008-12-08T09:26:30","slug":"grgerir-uppreisn-estmannaeyjum","status":"publish","type":"post","link":"https:\/\/leiklist.is\/en\/grgerir-uppreisn-estmannaeyjum\/","title":{"rendered":"Gr\u00fdla gerir uppreisn \u00ed Vestmannaeyjum"},"content":{"rendered":"<p>Leikf\u00e9lag Vestmannaeyja frums\u00fdndi laugardaginn 6.des j\u00f3laleikrit sem \u00fe\u00e6r Alma E\u00f0valdsd\u00f3ttir, Arnd\u00eds \u00d3sk Atlad\u00f3ttir, Eva Lilja \u00c1rnad\u00f3ttir og Steinunn Ragnhildur Gu\u00f0mundsd\u00f3ttir skrifu\u00f0u fyrir Leikf\u00e9lagi\u00f0 og nefnist leikriti\u00f0 Gr\u00fdla gerir uppreisn. Um leikstj\u00f3rnina s\u00e1u \u00fe\u00e6r Alma E\u00f0valdsd\u00f3ttir og Eva Lilja \u00c1rnad\u00f3ttir. S\u00fdningar ver\u00f0a allar helgar \u00ed desember \u00e1 laugard\u00f6gum og sunnud\u00f6gum klukkan 16:00.  <!--more--> <\/p>\n<p> Mikil a\u00f0s\u00f3kn var \u00e1 n\u00e1mskei\u00f0 sem haldi\u00f0 var fyrir uppsetninguna og\u00a0auglj\u00f3st a\u00f0 krakkar \u00ed eyjum hafa mikinn \u00e1huga \u00e1 leiklist. \u00dev\u00ed var \u00fea\u00f0 \u00e1kve\u00f0i\u00f0 a\u00f0 allir sem m\u00e6ttu \u00e1 n\u00e1mskei\u00f0i fengju hlutverk og handriti\u00f0 \u00fev\u00ed f\u00ednp\u00fassa\u00f0 me\u00f0 \u00fea\u00f0 \u00ed huga og er leikh\u00f3purinn, sem einstaklingar fr\u00e1 10-22 \u00e1ra\u00a0skipa, einn s\u00e1 st\u00e6rsti sem hefur veri\u00f0 hj\u00e1 Leikf\u00e9lagi Vestmannaeyja en hlutverkin eru r\u00fam 50. Alls \u00ed kringum 70 manns koma a\u00f0 s\u00fdningunni \u00feetta \u00e1ri\u00f0 og erum vi\u00f0 mj\u00f6g lukkuleg hva\u00f0 \u00fea\u00f0 eru margir sem s\u00fdna Leikf\u00e9laginu \u00e1huga \u00ed \u00e1r.<\/p>\n<p> Frums\u00fdningin t\u00f3kst vel og\u00a0f\u00f3lk sem kom a\u00f0 sj\u00e1 s\u00fdniguna hj\u00e1 okkur gekk \u00fat mj\u00f6g \u00e1n\u00e6gt.<br \/> Verki\u00f0 fjallar \u00ed stuttu m\u00e1li\u00a0um Gr\u00fdlu sem er or\u00f0in \u00fereytt \u00e1 \u00fev\u00ed a\u00f0 enginn \u00e1 heimilinu hj\u00e1lpi henni vi\u00f0 heimilisverkin og h\u00fan vill a\u00f0 j\u00f3lasveinarnir fari n\u00fa a\u00f0 leggja eitthva\u00f0 af s\u00ednum m\u00f6rkum \u00e1 heimili\u00f0, en\u00a0eitthva\u00f0 vefst \u00feetta fyrir j\u00f3lasveinunum sem kl\u00fa\u00f0ra \u00f6llu, hver \u00e1 f\u00e6tur \u00f6\u00f0rum. Inn\u00ed \u00feetta fl\u00e9ttast fer\u00f0ir j\u00f3lasveinanna til a\u00f0 gefa \u00ed sk\u00f3inn og koma b\u00f6rnin einnig vi\u00f0 s\u00f6gu sem eru heima a\u00f0 b\u00ed\u00f0a spennt eftir j\u00f3lunum.\u00a0 <\/p>\n<div align=\"right\"> {mos_fb_discuss:2} <\/div>","protected":false},"excerpt":{"rendered":"<p>Leikf\u00e9lag Vestmannaeyja frums\u00fdndi laugardaginn 6.des j\u00f3laleikrit sem \u00fe\u00e6r Alma E\u00f0valdsd\u00f3ttir, Arnd\u00eds \u00d3sk Atlad\u00f3ttir, Eva Lilja \u00c1rnad\u00f3ttir og Steinunn Ragnhildur Gu\u00f0mundsd\u00f3ttir skrifu\u00f0u fyrir Leikf\u00e9lagi\u00f0 og nefnist leikriti\u00f0 Gr\u00fdla gerir uppreisn. Um leikstj\u00f3rnina s\u00e1u \u00fe\u00e6r Alma E\u00f0valdsd\u00f3ttir og Eva Lilja \u00c1rnad\u00f3ttir. S\u00fdningar ver\u00f0a allar helgar \u00ed desember \u00e1 laugard\u00f6gum og sunnud\u00f6gum klukkan 16:00.<\/p>","protected":false},"author":3,"featured_media":2069,"comment_status":"open","ping_status":"open","sticky":false,"template":"","format":"standard","meta":{"_et_pb_use_builder":"","_et_pb_old_content":"","_et_gb_content_width":"","footnotes":""},"categories":[187],"tags":[],"class_list":["post-2070","post","type-post","status-publish","format-standard","has-post-thumbnail","hentry","category-allar-frir","et-has-post-format-content","et_post_format-et-post-format-standard"],"_links":{"self":[{"href":"https:\/\/leiklist.is\/en\/wp-json\/wp\/v2\/posts\/2070","targetHints":{"allow":["GET"]}}],"collection":[{"href":"https:\/\/leiklist.is\/en\/wp-json\/wp\/v2\/posts"}],"about":[{"href":"https:\/\/leiklist.is\/en\/wp-json\/wp\/v2\/types\/post"}],"author":[{"embeddable":true,"href":"https:\/\/leiklist.is\/en\/wp-json\/wp\/v2\/users\/3"}],"replies":[{"embeddable":true,"href":"https:\/\/leiklist.is\/en\/wp-json\/wp\/v2\/comments?post=2070"}],"version-history":[{"count":0,"href":"https:\/\/leiklist.is\/en\/wp-json\/wp\/v2\/posts\/2070\/revisions"}],"wp:featuredmedia":[{"embeddable":true,"href":"https:\/\/leiklist.is\/en\/wp-json\/"}],"wp:attachment":[{"href":"https:\/\/leiklist.is\/en\/wp-json\/wp\/v2\/media?parent=2070"}],"wp:term":[{"taxonomy":"category","embeddable":true,"href":"https:\/\/leiklist.is\/en\/wp-json\/wp\/v2\/categories?post=2070"},{"taxonomy":"post_tag","embeddable":true,"href":"https:\/\/leiklist.is\/en\/wp-json\/wp\/v2\/tags?post=2070"}],"curies":[{"name":"wp","href":"https:\/\/api.w.org\/{rel}","templated":true}]}}