{"id":2052,"date":"2008-11-26T11:03:33","date_gmt":"2008-11-26T11:03:33","guid":{"rendered":"http:\/\/wp.leiklist.is\/?p=2052"},"modified":"2008-11-26T11:03:33","modified_gmt":"2008-11-26T11:03:33","slug":"miyrir-mynd","status":"publish","type":"post","link":"https:\/\/leiklist.is\/en\/miyrir-mynd\/","title":{"rendered":"Mi\u00f0i fyrir mynd"},"content":{"rendered":"<p>\u00dej\u00f3\u00f0leikh\u00fasi\u00f0 \u00f3skar eftir fj\u00f6lskyldumyndum, innr\u00f6mmu\u00f0um e\u00f0a \u00f3innr\u00f6mmu\u00f0um, fyrir uppsetningu \u00e1 j\u00f3las\u00fdningu leikh\u00fassins \u00e1 Sumarlj\u00f3si eftir J\u00f3n Kalman Stef\u00e1nsson. H\u00f6fundur leikmyndar er Finnur Arnar Arnarsson en leikstj\u00f3ri og h\u00f6fundur leikger\u00f0ar Hilmar J\u00f3nsson. Myndirnar m\u00e1 senda hvort heldur \u00e1 stafr\u00e6nu formi me\u00f0 t\u00f6lvup\u00f3sti e\u00f0a koma \u00feeim \u00e1 skrifstofu leikh\u00fassins.<br \/>  <!--more--> <\/p>\n<p> Vi\u00f0 leitum a\u00f0 &#8230; l\u00edflegum og hl\u00fdlegum fj\u00f6lskyldumyndum, g\u00f6mlum e\u00f0a n\u00fdjum sem f\u00f3lk vill gefa leikh\u00fasinu \u00ed skiptum fyrir mi\u00f0a \u00e1 s\u00fdninguna.<\/p>\n<p> Myndirnar mega vera eftirprentanir og af hva\u00f0a st\u00e6r\u00f0 sem er. Ver\u00f0i myndin notu\u00f0 \u00ed leikmynd Sumarlj\u00f3sa f\u00e6r eigandi hennar einn mi\u00f0a \u00e1 s\u00fdninguna &#8211; og er f\u00f3lki frj\u00e1lst a\u00f0 senda inn fleiri en eina lj\u00f3smynd. Athugi\u00f0 a\u00f0 sendandi myndarinnar ber \u00e1byrg\u00f0 \u00e1 \u00fev\u00ed a\u00f0 f\u00f3lki\u00f0 \u00e1 myndinni gefi leyfi fyrir notkun hennar.<\/p>\n<p> Ekki er unnt a\u00f0 endursenda myndirnar, hvort sem \u00fe\u00e6r ver\u00f0a nota\u00f0ar \u00ed s\u00fdningunni e\u00f0a ekki. Myndirnar sendist \u00e1 netfangi\u00f0 props@leikhusid.is e\u00f0a \u00e1 ne\u00f0angreint heimilisfang fyrir 5. desember nk.<\/p>\n<p> \u00dej\u00f3\u00f0leikh\u00fasi\u00f0, leikmunadeild<br \/> v\/ myndas\u00f6fnunar Sumarlj\u00f3ss<br \/> Lindarg\u00f6tu 7<br \/> 101 Reykjav\u00edk<\/p>\n<p> {mos_fb_discuss:2} <\/p>","protected":false},"excerpt":{"rendered":"<p>\u00dej\u00f3\u00f0leikh\u00fasi\u00f0 \u00f3skar eftir fj\u00f6lskyldumyndum, innr\u00f6mmu\u00f0um e\u00f0a \u00f3innr\u00f6mmu\u00f0um, fyrir uppsetningu \u00e1 j\u00f3las\u00fdningu leikh\u00fassins \u00e1 Sumarlj\u00f3si eftir J\u00f3n Kalman Stef\u00e1nsson. H\u00f6fundur leikmyndar er Finnur Arnar Arnarsson en leikstj\u00f3ri og h\u00f6fundur leikger\u00f0ar Hilmar J\u00f3nsson. Myndirnar m\u00e1 senda hvort heldur \u00e1 stafr\u00e6nu formi me\u00f0 t\u00f6lvup\u00f3sti e\u00f0a koma \u00feeim \u00e1 skrifstofu leikh\u00fassins.<\/p>","protected":false},"author":3,"featured_media":2051,"comment_status":"open","ping_status":"open","sticky":false,"template":"","format":"standard","meta":{"_et_pb_use_builder":"","_et_pb_old_content":"","_et_gb_content_width":"","footnotes":""},"categories":[187],"tags":[],"class_list":["post-2052","post","type-post","status-publish","format-standard","has-post-thumbnail","hentry","category-allar-frir","et-has-post-format-content","et_post_format-et-post-format-standard"],"_links":{"self":[{"href":"https:\/\/leiklist.is\/en\/wp-json\/wp\/v2\/posts\/2052","targetHints":{"allow":["GET"]}}],"collection":[{"href":"https:\/\/leiklist.is\/en\/wp-json\/wp\/v2\/posts"}],"about":[{"href":"https:\/\/leiklist.is\/en\/wp-json\/wp\/v2\/types\/post"}],"author":[{"embeddable":true,"href":"https:\/\/leiklist.is\/en\/wp-json\/wp\/v2\/users\/3"}],"replies":[{"embeddable":true,"href":"https:\/\/leiklist.is\/en\/wp-json\/wp\/v2\/comments?post=2052"}],"version-history":[{"count":0,"href":"https:\/\/leiklist.is\/en\/wp-json\/wp\/v2\/posts\/2052\/revisions"}],"wp:featuredmedia":[{"embeddable":true,"href":"https:\/\/leiklist.is\/en\/wp-json\/"}],"wp:attachment":[{"href":"https:\/\/leiklist.is\/en\/wp-json\/wp\/v2\/media?parent=2052"}],"wp:term":[{"taxonomy":"category","embeddable":true,"href":"https:\/\/leiklist.is\/en\/wp-json\/wp\/v2\/categories?post=2052"},{"taxonomy":"post_tag","embeddable":true,"href":"https:\/\/leiklist.is\/en\/wp-json\/wp\/v2\/tags?post=2052"}],"curies":[{"name":"wp","href":"https:\/\/api.w.org\/{rel}","templated":true}]}}