{"id":2029,"date":"2008-11-06T12:06:49","date_gmt":"2008-11-06T12:06:49","guid":{"rendered":"http:\/\/wp.leiklist.is\/?p=2029"},"modified":"2008-11-06T12:06:49","modified_gmt":"2008-11-06T12:06:49","slug":"vestrina-frumsorgarleikhu","status":"publish","type":"post","link":"https:\/\/leiklist.is\/en\/vestrina-frumsorgarleikhu\/","title":{"rendered":"Vestri\u00f0 eina frums\u00fdnt \u00ed Borgarleikh\u00fasinu"},"content":{"rendered":"<p>F\u00f6studaginn 7. n\u00f3vember ver\u00f0ur leikriti\u00f0 Vestri\u00f0 eina eftir \u00edrska leiksk\u00e1ldi\u00f0 Martin McDonagh, frums\u00fdnt \u00e1 N\u00fdja svi\u00f0i Borgarleikh\u00fassins.  Leikriti\u00f0 er fimmta verk leiksk\u00e1ldsins sem s\u00fdnt er \u00e1 \u00edslensku leiksvi\u00f0i og er hann \u00fev\u00ed me\u00f0 \u00e1sts\u00e6lustu leiksk\u00e1ldum landsmanna n\u00fa um stundir.  \u00der\u00f6stur Le\u00f3 Gunnarsson og Bj\u00f6rn Thors leika \u00f3vi\u00f0felldna en um lei\u00f0 frekar brj\u00f3stumkennanlega br\u00e6\u00f0ur sem \u00ed kj\u00f6lfar mikilla sviptinga, \u00e1kve\u00f0a a\u00f0 reyna a\u00f0 lifa \u00ed s\u00e1tt, i\u00f0rast og fyrirgefa hvor \u00f6\u00f0rum \u00e1ralangar illdeilur og hatur. En lei\u00f0in til aukins \u00feroska er erfi\u00f0. Hnyttin samt\u00f6l og bleksvartur h\u00famor einkenna \u00feetta alv\u00f6ru gamanverk. \u00dea\u00f0 er J\u00f3n P\u00e1ll Eyj\u00f3lfsson sem leikst\u00fdrir, en hann er annar tveggja fastr\u00e1\u00f0inna leikstj\u00f3ra \u00ed Borgarleikh\u00fasinu. \u00c1 N\u00fdja svi\u00f0i Borgarleikh\u00fassins er stefnan a\u00f0 svi\u00f0setja afgerandi leikverk sem eiga a\u00f0 snerta, \u00f6gra og hr\u00edfa.  <!--more--> <\/p>\n<p> Verk \u00edrska leiksk\u00e1ldsins Martin McDonagh hafa \u00e1tt einstaklega vel upp \u00e1 pallbor\u00f0i\u00f0 hj\u00e1 \u00edslensku leikh\u00fas\u00e1hugaf\u00f3lki en fj\u00f6gur leikverka hans hafa \u00feegar veri\u00f0 s\u00fdnd \u00ed \u00edslenskum atvinnuleikh\u00fasum;  Fegur\u00f0ardrottingin fr\u00e1 L\u00ednakri \u00ed  Borgarleikh\u00fasinu, Halti Billi og Koddama\u00f0urinn sem s\u00fdnt var \u00ed \u00dej\u00f3\u00f0leikh\u00fasinu og  Svartur k\u00f6ttur sem voru s\u00fdndur var hj\u00e1 Leikf\u00e9lagi Akureyar. Kvikmyndin In Bruge, sem McDonagh skrifa\u00f0i handriti\u00f0 a\u00f0 og leikst\u00fdr\u00f0i vakti auk \u00feess ver\u00f0skulda\u00f0a athygli fyrr \u00e1 \u00e1rinu.<\/p>\n<p> \u00ed Vestrinu eina segir af br\u00e6\u00f0runum Coleman og Valene sem eru langt fr\u00e1 \u00fev\u00ed a\u00f0 vera fyrirmyndarborgarar. \u00der\u00e1tt fyrir a\u00f0 vera komnir vel \u00e1 fullor\u00f0insaldur sl\u00e1st \u00feeir st\u00f6\u00f0ugt, drekka \u00f3t\u00e6pilega og l\u00e1t f\u00f6\u00f0ur \u00feeirra vir\u00f0ist ekki snerta \u00fe\u00e1 hi\u00f0 minnsta. \u00deegar s\u00f3knarpresturinn gerir \u00f6rv\u00e6ntingarfulla lokatilraun til \u00feess a\u00f0 koma \u00feeim til manns l\u00edtur \u00fe\u00f3 \u00fat fyrir a\u00f0 eitthva\u00f0 rofi til. Bleksvartur h\u00famor og drepfyndin samt\u00f6l einkenna \u00feetta alv\u00f6ru gamanverk. <\/p>\n<p> \u00dea\u00f0 er J\u00f3n P\u00e1ll Eyj\u00f3lfsson sem leikst\u00fdrir verkinu en leikarar eru Bj\u00f6rn Thors, \u00der\u00f6stur Le\u00f3 Gunnarsson, Krist\u00edn \u00de\u00f3ra Haraldsd\u00f3ttir og Bergur \u00de\u00f3r Ing\u00f3lfsson. Ilmur Stef\u00e1nsd\u00f3ttir gerir leikmynd og b\u00faninga,  Hallur Ing\u00f3lfsson semur t\u00f3nlist og l\u00fdsing er \u00ed h\u00f6ndum \u00de\u00f3r\u00f0ar Orra P\u00e9turssonar. Vestri\u00f0 eina er s\u00fdnt \u00ed samstarfi vi\u00f0 \u00d6lger\u00f0ina. Vestri\u00f0 eina ver\u00f0ur frums\u00fdnt \u00e1 N\u00fdja svi\u00f0i Borgarleikh\u00fassins \u00feann 7. n\u00f3vember n\u00e6stkomandi en s\u00fdningar standa fram \u00ed desember, enda hefur Borgarleikh\u00fasi\u00f0 teki\u00f0 upp n\u00fdtt snarpara s\u00fdningarfyrirkomulag sem er \u00feannig a\u00f0 hvert verk er s\u00fdnt \u00ed skemmri t\u00edma en \u00e1\u00f0ur en mun \u00fe\u00e9ttar \u00e1 t\u00edmabilinu. <\/p>\n<div align=\"right\"> {mos_fb_discuss:2} <\/div>","protected":false},"excerpt":{"rendered":"<p>F\u00f6studaginn 7. n\u00f3vember ver\u00f0ur leikriti\u00f0 Vestri\u00f0 eina eftir \u00edrska leiksk\u00e1ldi\u00f0 Martin McDonagh, frums\u00fdnt \u00e1 N\u00fdja svi\u00f0i Borgarleikh\u00fassins. Leikriti\u00f0 er fimmta verk leiksk\u00e1ldsins sem s\u00fdnt er \u00e1 \u00edslensku leiksvi\u00f0i og er hann \u00fev\u00ed me\u00f0 \u00e1sts\u00e6lustu leiksk\u00e1ldum landsmanna n\u00fa um stundir. \u00der\u00f6stur Le\u00f3 Gunnarsson og Bj\u00f6rn Thors leika \u00f3vi\u00f0felldna en um lei\u00f0 frekar brj\u00f3stumkennanlega br\u00e6\u00f0ur sem \u00ed [&hellip;]<\/p>\n","protected":false},"author":3,"featured_media":2028,"comment_status":"open","ping_status":"open","sticky":false,"template":"","format":"standard","meta":{"_et_pb_use_builder":"","_et_pb_old_content":"","_et_gb_content_width":"","footnotes":""},"categories":[187],"tags":[],"class_list":["post-2029","post","type-post","status-publish","format-standard","has-post-thumbnail","hentry","category-allar-frir","et-has-post-format-content","et_post_format-et-post-format-standard"],"_links":{"self":[{"href":"https:\/\/leiklist.is\/en\/wp-json\/wp\/v2\/posts\/2029","targetHints":{"allow":["GET"]}}],"collection":[{"href":"https:\/\/leiklist.is\/en\/wp-json\/wp\/v2\/posts"}],"about":[{"href":"https:\/\/leiklist.is\/en\/wp-json\/wp\/v2\/types\/post"}],"author":[{"embeddable":true,"href":"https:\/\/leiklist.is\/en\/wp-json\/wp\/v2\/users\/3"}],"replies":[{"embeddable":true,"href":"https:\/\/leiklist.is\/en\/wp-json\/wp\/v2\/comments?post=2029"}],"version-history":[{"count":0,"href":"https:\/\/leiklist.is\/en\/wp-json\/wp\/v2\/posts\/2029\/revisions"}],"wp:featuredmedia":[{"embeddable":true,"href":"https:\/\/leiklist.is\/en\/wp-json\/"}],"wp:attachment":[{"href":"https:\/\/leiklist.is\/en\/wp-json\/wp\/v2\/media?parent=2029"}],"wp:term":[{"taxonomy":"category","embeddable":true,"href":"https:\/\/leiklist.is\/en\/wp-json\/wp\/v2\/categories?post=2029"},{"taxonomy":"post_tag","embeddable":true,"href":"https:\/\/leiklist.is\/en\/wp-json\/wp\/v2\/tags?post=2029"}],"curies":[{"name":"wp","href":"https:\/\/api.w.org\/{rel}","templated":true}]}}