{"id":1995,"date":"2008-10-15T13:14:07","date_gmt":"2008-10-15T13:14:07","guid":{"rendered":"http:\/\/wp.leiklist.is\/?p=1995"},"modified":"2008-10-15T13:14:07","modified_gmt":"2008-10-15T13:14:07","slug":"pr-pan-aur","status":"publish","type":"post","link":"https:\/\/leiklist.is\/en\/pr-pan-aur\/","title":{"rendered":"P\u00e9tur Pan \u00e1 Sau\u00f0\u00e1rkr\u00f3ki"},"content":{"rendered":"<p>Laugardaginn 18. okt\u00f3ber klukkan 17:00 frums\u00fdnir Leikf\u00e9lag Sau\u00f0\u00e1rkr\u00f3ks\u00a0 fj\u00f6lskylduleikriti\u00f0 P\u00e9tur Pan eftir J.M. Barrie. \u00de\u00fd\u00f0inguna ger\u00f0i Karl \u00c1g\u00fast \u00dalfsson og leikstj\u00f3ri er Stef\u00e1n Sturla Sigurj\u00f3nsson. S\u00fdnt er \u00ed Bifr\u00f6st.<\/p>\n<p> \u00dea\u00f0 kannast flestir vi\u00f0 P\u00e9tur Pan, str\u00e1kinn sem neitar a\u00f0 ver\u00f0a fullor\u00f0inn og b\u00fdr \u00e1samt t\u00fdndu drengjunum \u00ed Hvergilandi \u00fear sem sj\u00f3r\u00e6ningjar, indj\u00e1nar og hafmeyjar lifa saman \u00ed \u00f3s\u00e1tt og sundurlindi. N\u00f3tt eina heims\u00e6kir P\u00e9tur systkinin V\u00f6ndu, Georg og J\u00f3n og tekur \u00feau me\u00f0 s\u00e9r til Hvergilands og \u00fear me\u00f0 hefjast \u00e6vint\u00fdri \u00feeirra og bar\u00e1tta vi\u00f0 hinn grimma Kaptein Kr\u00f3k og sj\u00f3r\u00e6rningja hans.  <!--more--> <\/p>\n<p> Stef\u00e1n Sturla Sigurj\u00f3nsson er Sau\u00f0kr\u00e6kingum a\u00f0 g\u00f3\u00f0u kunnur enda er \u00feetta ekki \u00ed fyrsta sinn sem hann leikst\u00fdrir Leikf\u00e9lagi Sau\u00f0\u00e1rkr\u00f3ks. S\u00ed\u00f0ast leikst\u00fdr\u00f0i hann \u00fear eigin verki, barnaleikritnu Al\u00ednu, sl. haust.<\/p>\n<p> Mi\u00f0asalan er hafin hj\u00e1 Herd\u00edsi \u00ed Kompunni fr\u00e1 11-18 virka daga og svo ver\u00f0ur teki\u00f0 vi\u00f0 s\u00edmgrei\u00f0slum \u00ed s\u00edma 849-9434 \u00e1 kv\u00f6ldin.  <\/p>","protected":false},"excerpt":{"rendered":"<p>Laugardaginn 18. okt\u00f3ber klukkan 17:00 frums\u00fdnir Leikf\u00e9lag Sau\u00f0\u00e1rkr\u00f3ks\u00a0 fj\u00f6lskylduleikriti\u00f0 P\u00e9tur Pan eftir J.M. Barrie. \u00de\u00fd\u00f0inguna ger\u00f0i Karl \u00c1g\u00fast \u00dalfsson og leikstj\u00f3ri er Stef\u00e1n Sturla Sigurj\u00f3nsson. S\u00fdnt er \u00ed Bifr\u00f6st. \u00dea\u00f0 kannast flestir vi\u00f0 P\u00e9tur Pan, str\u00e1kinn sem neitar a\u00f0 ver\u00f0a fullor\u00f0inn og b\u00fdr \u00e1samt t\u00fdndu drengjunum \u00ed Hvergilandi \u00fear sem sj\u00f3r\u00e6ningjar, indj\u00e1nar og hafmeyjar lifa [&hellip;]<\/p>\n","protected":false},"author":3,"featured_media":1994,"comment_status":"open","ping_status":"open","sticky":false,"template":"","format":"standard","meta":{"_et_pb_use_builder":"","_et_pb_old_content":"","_et_gb_content_width":"","footnotes":""},"categories":[187],"tags":[],"class_list":["post-1995","post","type-post","status-publish","format-standard","has-post-thumbnail","hentry","category-allar-frir","et-has-post-format-content","et_post_format-et-post-format-standard"],"_links":{"self":[{"href":"https:\/\/leiklist.is\/en\/wp-json\/wp\/v2\/posts\/1995","targetHints":{"allow":["GET"]}}],"collection":[{"href":"https:\/\/leiklist.is\/en\/wp-json\/wp\/v2\/posts"}],"about":[{"href":"https:\/\/leiklist.is\/en\/wp-json\/wp\/v2\/types\/post"}],"author":[{"embeddable":true,"href":"https:\/\/leiklist.is\/en\/wp-json\/wp\/v2\/users\/3"}],"replies":[{"embeddable":true,"href":"https:\/\/leiklist.is\/en\/wp-json\/wp\/v2\/comments?post=1995"}],"version-history":[{"count":0,"href":"https:\/\/leiklist.is\/en\/wp-json\/wp\/v2\/posts\/1995\/revisions"}],"wp:featuredmedia":[{"embeddable":true,"href":"https:\/\/leiklist.is\/en\/wp-json\/"}],"wp:attachment":[{"href":"https:\/\/leiklist.is\/en\/wp-json\/wp\/v2\/media?parent=1995"}],"wp:term":[{"taxonomy":"category","embeddable":true,"href":"https:\/\/leiklist.is\/en\/wp-json\/wp\/v2\/categories?post=1995"},{"taxonomy":"post_tag","embeddable":true,"href":"https:\/\/leiklist.is\/en\/wp-json\/wp\/v2\/tags?post=1995"}],"curies":[{"name":"wp","href":"https:\/\/api.w.org\/{rel}","templated":true}]}}