{"id":1989,"date":"2008-10-07T09:48:35","date_gmt":"2008-10-07T09:48:35","guid":{"rendered":"http:\/\/wp.leiklist.is\/?p=1989"},"modified":"2008-10-07T09:48:35","modified_gmt":"2008-10-07T09:48:35","slug":"ljta-leikferlra-t","status":"publish","type":"post","link":"https:\/\/leiklist.is\/en\/ljta-leikferlra-t\/","title":{"rendered":"Lj\u00f3tasta leikfer\u00f0 allra t\u00edma?"},"content":{"rendered":"<p>Leikarar \u00dej\u00f3\u00f0leikh\u00fassins leggja \u00ed dag upp \u00ed s\u00edna \u00feri\u00f0ju leikfer\u00f0 \u00e1 vegum Farandleikh\u00fass \u00dej\u00f3\u00f0leikh\u00fassins. A\u00f0 \u00feessu sinni fer\u00f0ast leikh\u00f3pur me\u00f0 s\u00fdninguna S\u00e1 lj\u00f3ti til n\u00edu framhaldssk\u00f3la \u00e1 landsbygg\u00f0inni og hefst fer\u00f0alagi\u00f0 \u00e1 Akranesi. \u00dej\u00f3\u00f0leikh\u00fasi\u00f0 hefur \u00e1 undanf\u00f6rnum \u00e1rum lagt s\u00edfellt meiri \u00e1herslu \u00e1 leiks\u00fdningar sem h\u00f6f\u00f0a til ungs f\u00f3lks, me\u00f0al annars \u00ed \u00fev\u00ed skyni a\u00f0 efla leikh\u00fas\u00e1huga \u00feessara leikh\u00fasgesta framt\u00ed\u00f0arinnar. Li\u00f0ur \u00ed \u00fev\u00ed markmi\u00f0i a\u00f0 n\u00e1 betur til ungs f\u00f3lks var stofnun farandleikh\u00fass sem fer\u00f0ast milli framhaldssk\u00f3la landsins.  <!--more--> <br \/> \u00a0<br \/> Leikriti\u00f0 S\u00e1 lj\u00f3ti var frums\u00fdnt \u00e1 Sm\u00ed\u00f0averkst\u00e6\u00f0inu \u00e1 li\u00f0nu vori og hlaut fr\u00e1b\u00e6rar vi\u00f0t\u00f6kur. Leikstj\u00f3ri s\u00fdningarinnar Krist\u00edn Eysteinsd\u00f3ttir var valin leikstj\u00f3ri \u00e1rsins \u00e1 Gr\u00edmuh\u00e1t\u00ed\u00f0inni \u00ed j\u00fan\u00ed. S\u00e1 lj\u00f3ti er sv\u00f6rt k\u00f3med\u00eda um okkar t\u00edma, br\u00e1\u00f0smellin og martra\u00f0arkennd \u00ed senn. H\u00e9r er tekist \u00e1 vi\u00f0 brennandi spurningar um samkeppnis\u00fej\u00f3\u00f0f\u00e9lag n\u00fat\u00edmans og fegur\u00f0ard\u00fdrkunina, jafnframt \u00fev\u00ed sem h\u00f6fundur veltir upp tilvistarlegum spurningum um \u00fea\u00f0 hva\u00f0 vi\u00f0 erum \u00ed raun, og hva\u00f0 greinir okkur fr\u00e1 \u00f6\u00f0rum manneskjum. Er \u00fea\u00f0 \u00ed raun og veru fallega f\u00f3lki\u00f0 sem lifir besta kynl\u00edfinu, hefur mestu v\u00f6ldin og upplifir mestu hamingjuna? Ef \u00fea\u00f0 er h\u00e6gt a\u00f0 breyta andlitinu \u00e1 f\u00f3lki, af hverju \u00e6tti \u00fe\u00e1 einhver a\u00f0 s\u00e6tta sig vi\u00f0 a\u00f0 vera \u00f3fr\u00ed\u00f0ur? Er n\u00f3g a\u00f0 vera \u0084falleg manneskja\u0093, e\u00f0a \u00fearf ma\u00f0ur l\u00edka a\u00f0 l\u00edta vel \u00fat? Er jafnvel h\u00e6gt a\u00f0 vera of fallegur? \u00deetta leikrit Mariusar von Mayenburg er fr\u00e1b\u00e6rlega skrifu\u00f0 gamans\u00f6m \u00e1deila \u00e1 \u00edmyndarsk\u00f6pun, yfirbor\u00f0smennsku og d\u00f3mh\u00f6rku. Leikh\u00f3purinn fer hr\u00e1a og umb\u00fa\u00f0alausa lei\u00f0 a\u00f0 \u00feessu h\u00e1rbeitta verki og skapar \u00far \u00fev\u00ed eftirminnilega s\u00fdningu \u00fear sem list leikarans er \u00ed fyrirr\u00fami.<br \/> \u00a0<br \/> Leikarar \u00ed s\u00fdningunni eru D\u00f3ra J\u00f3hannsd\u00f3ttir, J\u00f6rundur Ragnarsson, Stef\u00e1n Hallur Stef\u00e1nsson og Vignir Rafn Val\u00fe\u00f3rsson, en \u00feau stundu\u00f0u \u00f6ll n\u00e1m \u00e1 svipu\u00f0um t\u00edma vi\u00f0 leiklistardeild Listah\u00e1sk\u00f3la \u00cdslands, og hafa me\u00f0al annars starfa\u00f0 saman \u00e1\u00f0ur undir merkjum leikf\u00e9lagsins V\u00e9r mor\u00f0ingjar. Um leikmynd og b\u00faninga s\u00e9r St\u00edgur Stein\u00fe\u00f3rsson. Hallur Ing\u00f3lfsson semur t\u00f3nlist en l\u00fdsingu hannar H\u00f6r\u00f0ur \u00c1g\u00fastsson. \u00de\u00fd\u00f0andi verksins er Bjarni J\u00f3nsson.<br \/> \u00a0<br \/> Leikfer\u00f0in um landi\u00f0 stendur \u00fat okt\u00f3ber en \u00ed n\u00f3vember ver\u00f0ur verki\u00f0 a\u00f0 n\u00fdju teki\u00f0 til s\u00fdninga \u00e1 Sm\u00ed\u00f0averkst\u00e6\u00f0inu. S\u00e9rstakur samstarfsa\u00f0ili \u00feessa verkefnis er Vodafone sem styrkir leikfer\u00f0irnar en s\u00fdningarnar \u00e1 landsbygg\u00f0inni eru \u00f3keypis fyrir nemendur sk\u00f3lanna. Fyrri s\u00fdningar Farandleikh\u00fassins, Patrekur 1,5 og norway.today v\u00f6ktu ver\u00f0skulda\u00f0a athygli og hlutu g\u00f3\u00f0ar undirtektir b\u00e6\u00f0i me\u00f0al nemenda og annarra gagnr\u00fdnenda.<br \/> \u00a0<br \/> S\u00fdningayfirlit:<br \/> \u00a0<br \/> 6\/10 Fj\u00f6lbrautask\u00f3li Vesturlands Akranesi<br \/> 8\/10 Framhaldssk\u00f3linn \u00ed Vestmannaeyjum, tv\u00e6r s\u00fdningar \u00ed leikh\u00fasinu \u00ed Vestmannaeyjum<br \/> 14\/10 Framhaldssk\u00f3linn \u00ed Austur-Skaftafellss\u00fdslu, s\u00fdnt \u00ed Sindrab\u00e6 \u00e1 H\u00f6fn \u00ed Hornafir\u00f0i<br \/> 15\/10 Verkmenntask\u00f3li Austurlands, s\u00fdningar \u00ed menningarmi\u00f0st\u00f6\u00f0inni \u00e1 Eskifir\u00f0i<br \/> 16\/10 Menntask\u00f3linn \u00e1 Egilst\u00f6\u00f0um, nemendas\u00fdning og \u00f6nnur s\u00fdning fyrir almenning, s\u00fdnt \u00ed Sl\u00e1turh\u00fasinu<br \/> 22\/10 Framhaldssk\u00f3linn \u00e1 Laugum og Framhaldssk\u00f3linn \u00e1 H\u00fasav\u00edk, s\u00fdnt \u00e1 Laugum<br \/> 23\/10 Fj\u00f6lbrautask\u00f3li Nor\u00f0urlands vestra, Sau\u00f0\u00e1rkr\u00f3ki<br \/> 28\/10 Fj\u00f6lbraut Su\u00f0urnesja \u00ed Keflav\u00edk<br \/> 29\/10 Fj\u00f6lbrautask\u00f3li Su\u00f0urlands \u00e1 Selfossi, tv\u00e6r s\u00fdningar.<br \/> \u00a0<br \/> N\u00e1nari uppl\u00fdsingar veitir Krist\u00fan Hei\u00f0a Hauksd\u00f3ttir kynningastj\u00f3ri \u00dej\u00f3\u00f0leikh\u00fassins (kristrun@leikhusid.is \/ 585 1240 \/ 864 8804)<\/p>\n<div align=\"right\"> {mos_fb_discuss:2} <\/div>","protected":false},"excerpt":{"rendered":"<p>Leikarar \u00dej\u00f3\u00f0leikh\u00fassins leggja \u00ed dag upp \u00ed s\u00edna \u00feri\u00f0ju leikfer\u00f0 \u00e1 vegum Farandleikh\u00fass \u00dej\u00f3\u00f0leikh\u00fassins. A\u00f0 \u00feessu sinni fer\u00f0ast leikh\u00f3pur me\u00f0 s\u00fdninguna S\u00e1 lj\u00f3ti til n\u00edu framhaldssk\u00f3la \u00e1 landsbygg\u00f0inni og hefst fer\u00f0alagi\u00f0 \u00e1 Akranesi. \u00dej\u00f3\u00f0leikh\u00fasi\u00f0 hefur \u00e1 undanf\u00f6rnum \u00e1rum lagt s\u00edfellt meiri \u00e1herslu \u00e1 leiks\u00fdningar sem h\u00f6f\u00f0a til ungs f\u00f3lks, me\u00f0al annars \u00ed \u00fev\u00ed skyni a\u00f0 [&hellip;]<\/p>\n","protected":false},"author":3,"featured_media":1988,"comment_status":"open","ping_status":"open","sticky":false,"template":"","format":"standard","meta":{"_et_pb_use_builder":"","_et_pb_old_content":"","_et_gb_content_width":"","footnotes":""},"categories":[187],"tags":[],"class_list":["post-1989","post","type-post","status-publish","format-standard","has-post-thumbnail","hentry","category-allar-frir","et-has-post-format-content","et_post_format-et-post-format-standard"],"_links":{"self":[{"href":"https:\/\/leiklist.is\/en\/wp-json\/wp\/v2\/posts\/1989","targetHints":{"allow":["GET"]}}],"collection":[{"href":"https:\/\/leiklist.is\/en\/wp-json\/wp\/v2\/posts"}],"about":[{"href":"https:\/\/leiklist.is\/en\/wp-json\/wp\/v2\/types\/post"}],"author":[{"embeddable":true,"href":"https:\/\/leiklist.is\/en\/wp-json\/wp\/v2\/users\/3"}],"replies":[{"embeddable":true,"href":"https:\/\/leiklist.is\/en\/wp-json\/wp\/v2\/comments?post=1989"}],"version-history":[{"count":0,"href":"https:\/\/leiklist.is\/en\/wp-json\/wp\/v2\/posts\/1989\/revisions"}],"wp:featuredmedia":[{"embeddable":true,"href":"https:\/\/leiklist.is\/en\/wp-json\/"}],"wp:attachment":[{"href":"https:\/\/leiklist.is\/en\/wp-json\/wp\/v2\/media?parent=1989"}],"wp:term":[{"taxonomy":"category","embeddable":true,"href":"https:\/\/leiklist.is\/en\/wp-json\/wp\/v2\/categories?post=1989"},{"taxonomy":"post_tag","embeddable":true,"href":"https:\/\/leiklist.is\/en\/wp-json\/wp\/v2\/tags?post=1989"}],"curies":[{"name":"wp","href":"https:\/\/api.w.org\/{rel}","templated":true}]}}