{"id":198,"date":"2005-08-14T16:25:52","date_gmt":"2005-08-14T16:25:52","guid":{"rendered":"http:\/\/wp.leiklist.is\/?p=198"},"modified":"2005-08-14T16:25:52","modified_gmt":"2005-08-14T16:25:52","slug":"dan-kai-teatro-s","status":"publish","type":"post","link":"https:\/\/leiklist.is\/en\/dan-kai-teatro-s\/","title":{"rendered":"Dan Kai Teatro s\u00fdnir"},"content":{"rendered":"<p><img loading=\"lazy\" decoding=\"async\" src=\"http:\/\/www.leiklist.is\/10\/images\/stories\/Leikhus_Leikhopar\/Ymislegt\/Dan_Kai_Teatro\/04_05\/vef_hopur.jpg\" width=\"200\" height=\"150\" style=\"float: right;\" hspace=\"6\" alt=\"Image\" title=\"Image\" border=\"0\" \/>Leikh\u00f3pnum <strong>Dan Kai Teatro<\/strong> hefur veri&eth; bo&eth;i&eth; a&eth; taka &thorn;\u00e1tt \u00ed menningarn\u00f3tt 21. \u00e1g\u00fast n&aelig;stkomandi \u00ed anna&eth; sinn en &thorn;au s\u00fdndu verki&eth; <strong>Beauty <\/strong>h&eacute;r \u00e1 landi \u00e1 seinasta \u00e1ri. Af &thorn;v\u00ed tilefni hafa &thorn;au \u00e1kve&eth;i&eth; a&eth; s\u00fdna einnig \u00ed h\u00fasn&aelig;&eth;i Leikf&eacute;lags Hafnarfjar&eth;ar vi&eth; l&aelig;kinn, dagana \u00e1 undan. <br \/> Um er a&eth; r&aelig;&eth;a tvo stutt &thorn;&aelig;tti, <strong>Fear<\/strong>, eftir Eyr\u00fanu \u00d3sk J\u00f3nsd\u00f3ttur. Leikriti&eth; er skrifa&eth; \u00ed lj\u00f3&eth;r&aelig;num st\u00edl undir \u00e1hrifum \u00edslenskra og sp&aelig;nskra &thorn;j\u00f3&eth;sagna. Seinna verki&eth; heitir <strong>Nana del Caballo<\/strong> (V&ouml;gguv\u00edsa hestsins) og er spuna verk sem er byggt \u00e1 leikritinu El Puplico (\u00e1horfendurnir) eftir Federico Garc\u00eda Lorca. Leikriti&eth; sko&eth;ar hugmyndir um kynhlutverk og kynhneig&eth;. Verkin ver&eth;a flutt \u00e1 ensku. Leikh\u00f3pinn skipa ungtf\u00f3lk fr\u00e1 Sp\u00e1ni, \u00cdslandi og Englandi. <\/p>\n<p> S\u00fdningar ver&eth;a: <br \/><strong> Fimmtudaginn 18. \u00e1g\u00fast <\/strong>(fors\u00fdning)<br \/> <strong>F&ouml;studaginn 19. \u00e1g\u00fast<\/strong><br \/> <strong>Sunnudaginn 21.\u00e1g\u00fast<\/strong>. <br \/> Allar s\u00fdningar hefjast kl: 20:00. Mi&eth;aver&eth; er 1000 kr. og h&aelig;gt a&eth; panta mi&eth;a \u00ed s\u00edma 846-1351. \u00c1horfendum ver&eth;ur bo&eth;i&eth; upp \u00e1 kaffi og me&eth;l&aelig;ti \u00ed hl&eacute;i. <\/p>","protected":false},"excerpt":{"rendered":"<p>Leikh\u00f3pnum Dan Kai Teatro hefur veri&eth; bo&eth;i&eth; a&eth; taka &thorn;\u00e1tt \u00ed menningarn\u00f3tt 21. \u00e1g\u00fast n&aelig;stkomandi \u00ed anna&eth; sinn en &thorn;au s\u00fdndu verki&eth; Beauty h&eacute;r \u00e1 landi \u00e1 seinasta \u00e1ri. Af &thorn;v\u00ed tilefni hafa &thorn;au \u00e1kve&eth;i&eth; a&eth; s\u00fdna einnig \u00ed h\u00fasn&aelig;&eth;i Leikf&eacute;lags Hafnarfjar&eth;ar vi&eth; l&aelig;kinn, dagana \u00e1 undan. Um er a&eth; r&aelig;&eth;a tvo stutt &thorn;&aelig;tti, Fear, [&hellip;]<\/p>\n","protected":false},"author":3,"featured_media":0,"comment_status":"open","ping_status":"open","sticky":false,"template":"","format":"standard","meta":{"_et_pb_use_builder":"","_et_pb_old_content":"","_et_gb_content_width":"","footnotes":""},"categories":[187],"tags":[],"class_list":["post-198","post","type-post","status-publish","format-standard","hentry","category-allar-frir","et-doesnt-have-format-content","et_post_format-et-post-format-standard"],"_links":{"self":[{"href":"https:\/\/leiklist.is\/en\/wp-json\/wp\/v2\/posts\/198","targetHints":{"allow":["GET"]}}],"collection":[{"href":"https:\/\/leiklist.is\/en\/wp-json\/wp\/v2\/posts"}],"about":[{"href":"https:\/\/leiklist.is\/en\/wp-json\/wp\/v2\/types\/post"}],"author":[{"embeddable":true,"href":"https:\/\/leiklist.is\/en\/wp-json\/wp\/v2\/users\/3"}],"replies":[{"embeddable":true,"href":"https:\/\/leiklist.is\/en\/wp-json\/wp\/v2\/comments?post=198"}],"version-history":[{"count":0,"href":"https:\/\/leiklist.is\/en\/wp-json\/wp\/v2\/posts\/198\/revisions"}],"wp:attachment":[{"href":"https:\/\/leiklist.is\/en\/wp-json\/wp\/v2\/media?parent=198"}],"wp:term":[{"taxonomy":"category","embeddable":true,"href":"https:\/\/leiklist.is\/en\/wp-json\/wp\/v2\/categories?post=198"},{"taxonomy":"post_tag","embeddable":true,"href":"https:\/\/leiklist.is\/en\/wp-json\/wp\/v2\/tags?post=198"}],"curies":[{"name":"wp","href":"https:\/\/api.w.org\/{rel}","templated":true}]}}