{"id":19756,"date":"2006-05-17T11:39:59","date_gmt":"2006-05-17T11:39:59","guid":{"rendered":"http:\/\/wp.leiklist.is\/?p=734"},"modified":"2006-05-17T11:39:59","modified_gmt":"2006-05-17T11:39:59","slug":"frir-frundi","status":"publish","type":"post","link":"https:\/\/leiklist.is\/en\/frir-frundi\/","title":{"rendered":"Fr\u00e9ttir fr\u00e1 a\u00f0alfundi"},"content":{"rendered":"<p>Breytingar \u00e1 stj\u00f3rn og l&ouml;gum Bandalagsins<\/p>\n<p><img loading=\"lazy\" decoding=\"async\" src=\"http:\/\/www.leiklist.is\/10\/images\/stories\/BIL\/Adalfundir\/2006\/iggo.jpg\" width=\"100\" height=\"134\" style=\"float: right;\" hspace=\"6\" alt=\"Image\" title=\"Image\" border=\"0\" \/>\u00c1 a&eth;alfundi Bandalags \u00edslenskra leikf&eacute;laga sem haldin var \u00ed F&eacute;lagsheimili Seltjarnarness dagana 6.-7. ma\u00ed sl. ur&eth;u &thorn;&aelig;r breytingar \u00e1 stj\u00f3rn Bandalagsins a&eth; Ing\u00f3lfur &THORN;\u00f3rsson (Freyvangsleikh\u00fasinu) og &THORN;orgeir Tryggvason (Hugleik) komu inn \u00ed a&eth;alstj\u00f3rn \u00ed sta&eth; Har&eth;ar Sigur&eth;arsonar (Leikf&eacute;lagi K\u00f3pavogs) og J\u00fal\u00edusar J\u00fal\u00edussonar (Leikf&eacute;lagi Dalv\u00edkur) sem hvorugur g\u00e1fu kost \u00e1 s&eacute;r til endurkj&ouml;rs. Einnig var L\u00e1rus Vilhj\u00e1lmsson (Leikf&eacute;lagi Hafnarfjar&eth;ar) endurkj&ouml;rinn til tveggja \u00e1ra og situr \u00e1fram sem varaforma&eth;ur. Auk &thorn;eirra sitja n\u00fa \u00ed a&eth;alstj\u00f3rn Gu&eth;r\u00fan Halla J\u00f3nsd\u00f3ttir forma&eth;ur (Freyvangsleikh\u00fasinu) og &THORN;\u00f3rv&ouml;r Embla Gu&eth;mundsd\u00f3ttir (Umf. Reykd&aelig;la) ritari.<\/p>\n<p> <!--more--> <img loading=\"lazy\" decoding=\"async\" src=\"http:\/\/www.leiklist.is\/10\/images\/stories\/BIL\/Adalfundir\/2006\/halla.jpg\" width=\"100\" height=\"133\" style=\"float: left;\" hspace=\"6\" alt=\"Image\" title=\"Image\" border=\"0\" \/><img loading=\"lazy\" decoding=\"async\" src=\"http:\/\/www.leiklist.is\/10\/images\/stories\/BIL\/Adalfundir\/2006\/embla.jpg\" width=\"100\" height=\"138\" align=\"middle\" hspace=\"6\" alt=\"Image\" title=\"Image\" border=\"0\" \/><img loading=\"lazy\" decoding=\"async\" src=\"http:\/\/www.leiklist.is\/10\/images\/stories\/BIL\/Adalfundir\/2006\/lalli.jpg\" width=\"100\" height=\"133\" align=\"middle\" hspace=\"6\" alt=\"Image\" title=\"Image\" border=\"0\" \/><\/p>\n<p> \u00cd varastj\u00f3rn voru \u00c1rmann Gu&eth;mundsson (Hugleik) og Margr&eacute;t Tryggvad\u00f3ttir (Leikf&eacute;lagi Rang&aelig;inga) endurkj&ouml;rin og Gu&eth;finna Gunnarsd\u00f3ttir (Leikf&eacute;lagi Selfoss) kosin til eins \u00e1rs \u00ed sta&eth; Ingimars Dav\u00ed&eth;s Bj&ouml;rnssonar sem sag&eth;i sig \u00far varastj\u00f3rn &thorn;ar sem hann dvelur erlendis. Auk &thorn;eirra sitja \u00d3l&ouml;f &THORN;\u00f3r&eth;ard\u00f3ttir (Leikf&eacute;lagi Mosfellssveitar) og Hrund \u00d3lafsd\u00f3ttir (Leikf&eacute;laginu S\u00fdni) \u00ed varastj\u00f3rn.<\/p>\n<p> Breytingar voru ger&eth;ar \u00e1 l&ouml;gum Bandalagsins &thorn;annig a&eth; \u00e1kv&aelig;&eth;i \u00ed 6. gr. laganna um a&eth; a&eth;alstj\u00f3rnarmenn hef&eth;u eitt atkv&aelig;&eth;i hver \u00e1 a&eth;alfundum var fellt \u00fat. Framvegis hafa &thorn;v\u00ed einungis leikf&eacute;l&ouml;gin atkv&aelig;&eth;i, eitt atkv&aelig;&eth;i \u00e1 f&eacute;lag.<\/p>\n<p> Tv&ouml; f&eacute;l&ouml;g s\u00f3ttu um inng&ouml;ngu \u00ed Bandalagi&eth;, Leikf&eacute;lagi&eth; Baldur, B\u00edldudal og Leikkl\u00fabburinn Krafla, Hr\u00edsey og voru &thorn;au sam&thorn;ykkt. &THORN;rj\u00fa f&eacute;l&ouml;g s&ouml;g&eth;u sig \u00far Bandalaginu, Leikf&eacute;lagi&eth; Ofleikur \u00ed Reykjav\u00edk, Leikf&eacute;lagi&eth; KEX \u00ed Osl\u00f3 og Ultima Thule \u00ed Danm&ouml;rku.<\/p>\n<p> Bjarni Gu&eth;marsson sagnfr&aelig;&eth;ingur hefur n\u00e1nast loki&eth; ritun s&ouml;gu Bandalagsins fr\u00e1 1950-2000 og vinnur n\u00fa a&eth; undirb\u00faningi hennar fyrir prentun.<\/p>\n<p><img loading=\"lazy\" decoding=\"async\" src=\"http:\/\/www.leiklist.is\/10\/images\/stories\/BIL\/Adalfundir\/2006\/hordur.jpg\" width=\"100\" height=\"133\" style=\"float: left;\" hspace=\"6\" alt=\"Image\" title=\"Image\" border=\"0\" \/> Skipt var um &thorn;j\u00f3nustua&eth;ila \u00e1 Leiklistarvefnum \u00ed byrjun leik\u00e1rs. Heims\u00f3knum \u00e1 vefinn f&aelig;kka&eth;i talsvert \u00ed haust mi&eth;a&eth; vi&eth; undanfarin \u00e1r en hefur n\u00fa n\u00e1&eth; fyrri fj&ouml;lda. \u00c1 \u00e1&aelig;tlun er a&eth; hleypa meira l\u00edfi \u00ed vefinn, t.d. me&eth; n\u00fdrri stuttverkakeppni sem kynnt ver&eth;ur n\u00e1nar \u00e1 n&aelig;stunni. H&ouml;r&eth;ur Sigur&eth;arson heldur \u00e1fram sem L&eacute;nsherra vefjarins.<\/p>\n<p><img loading=\"lazy\" decoding=\"async\" src=\"http:\/\/www.leiklist.is\/10\/images\/stories\/BIL\/Adalfundir\/2006\/gunnhildur.jpg\" width=\"100\" height=\"134\" style=\"float: right;\" hspace=\"6\" alt=\"Image\" title=\"Image\" border=\"0\" \/> Leiklistarsk\u00f3li Bandalagsins er \u00ed f&ouml;stum skor&eth;um en eftir sk\u00f3lann \u00ed j\u00fan\u00ed \u00ed sumar l\u00e1ta &thorn;&aelig;r Gunnhildur Sig&eth;ur&eth;ard\u00f3ttir og Sigr\u00ed&eth;ur Karlsd\u00f3ttir af st&ouml;rfum sem sk\u00f3last\u00fdrur eftir 10 \u00e1ra fars&aelig;lt starf. \u00cd tilefni af 10. starfs\u00e1ri sk\u00f3lans eru allir fyrrverandi nemendur bo&eth;nir velkomnir \u00e1 lokakv&ouml;ldver&eth; sk\u00f3lans a&eth; H\u00fasabakka &thorn;ann 17. j\u00fan\u00ed nk. Nokkrar umr&aelig;&eth;ur um hvort H\u00fasabakkask\u00f3li s&eacute; n&aelig;gilega hentugt h\u00fasn&aelig;&eth;i fyrir starfsemi sk\u00f3lans, m.a. vegna sl&aelig;ms a&eth;gengis.<\/p>\n<p> Umr&aelig;&eth;ur \u00e1 fundinum voru a&eth; mestu \u00e1 hef&eth;bundnum n\u00f3tum en tv&ouml; n\u00fd m\u00e1l voru l&ouml;g&eth; fyrir fundinn. Annars vegar hvort fara &aelig;tti \u00fat \u00ed a&eth; athuga kosti og galla &thorn;ess a&eth; gera leikritasafn Bandalagsins a&eth; fullgildu safni skv. safnal&ouml;gum og hins vegar hvort fara &aelig;tti \u00ed vi&eth;r&aelig;&eth;ur vi&eth; &THORN;j\u00f3&eth;leikh\u00fasi&eth; um einhverskonar samstarf um a&eth; Bandalagi&eth; taki vi&eth; umsj\u00f3n b\u00faningasafns &THORN;j\u00f3&eth;leikh\u00fassins. \u00c1kve&eth;i&eth; var a&eth; b&aelig;&eth;i m\u00e1lin ver&eth;i sko&eth;u&eth; n\u00e1nar og nefndir stofna&eth;ar um &thorn;au.<\/p>\n<p><img loading=\"lazy\" decoding=\"async\" class=\"alignleft size-full wp-image-733\" src=\"https:\/\/leiklist.is\/wp-content\/uploads\/2006\/05\/BIL_Adalfundir_2006_gagnrynendur.jpg\" width=\"200\" height=\"150\" style=\"float: left;\" hspace=\"6\" alt=\"Image\" title=\"Image\" border=\"0\" \/> Gagnr\u00fdndendur stuttverkah\u00e1t\u00ed&eth;arinnar Margt sm\u00e1tt, &THORN;orsteinn Backmann og &THORN;orvaldur &THORN;orsteinsson, tilnefndu s\u00fdningarnar \u00cd &ouml;ruggum heimi og Hannyr&eth;ir fr\u00e1 Hugleik og Geir&thorn;r\u00fa&eth;ur svarar fyrir sig fr\u00e1 Leikf&eacute;lagi Selfoss sem bestu s\u00fdningar h\u00e1t\u00ed&eth;arinnar sem fram f\u00f3r \u00ed Borgarleikh\u00fasinu 5. ma\u00ed. &THORN;eir v&ouml;ldu svo \u00cd &ouml;ruggum heimi sem bestu s\u00fdninguna.<\/p>\n<p><img loading=\"lazy\" decoding=\"async\" src=\"http:\/\/www.leiklist.is\/10\/images\/stories\/BIL\/Adalfundir\/2006\/tinnaoghlin.jpg\" width=\"200\" height=\"150\" style=\"float: right;\" hspace=\"6\" alt=\"Image\" title=\"Image\" border=\"0\" \/> &THORN;&aelig;r Tinna Gunnlaugsd\u00f3ttir og Hlin Agnarsd\u00f3ttir fr\u00e1 &THORN;j\u00f3&eth;leikh\u00fasinu komu svo og tilkynntu um sigurvegarann \u00ed samkeppninni um Athyglisver&eth;ustu \u00e1hugas\u00fdningu \u00e1rsins, en &thorn;a&eth; var &THORN;ur\u00ed&eth;ur og Kambsr\u00e1ni&eth; \u00ed uppf&aelig;rslu Leikf&eacute;lags Selfoss.<\/p>","protected":false},"excerpt":{"rendered":"<p>Breytingar \u00e1 stj\u00f3rn og l&ouml;gum Bandalagsins \u00c1 a&eth;alfundi Bandalags \u00edslenskra leikf&eacute;laga sem haldin var \u00ed F&eacute;lagsheimili Seltjarnarness dagana 6.-7. ma\u00ed sl. ur&eth;u &thorn;&aelig;r breytingar \u00e1 stj\u00f3rn Bandalagsins a&eth; Ing\u00f3lfur &THORN;\u00f3rsson (Freyvangsleikh\u00fasinu) og &THORN;orgeir Tryggvason (Hugleik) komu inn \u00ed a&eth;alstj\u00f3rn \u00ed sta&eth; Har&eth;ar Sigur&eth;arsonar (Leikf&eacute;lagi K\u00f3pavogs) og J\u00fal\u00edusar J\u00fal\u00edussonar (Leikf&eacute;lagi Dalv\u00edkur) sem hvorugur g\u00e1fu kost \u00e1 [&hellip;]<\/p>\n","protected":false},"author":3,"featured_media":733,"comment_status":"open","ping_status":"open","sticky":false,"template":"","format":"standard","meta":{"_et_pb_use_builder":"","_et_pb_old_content":"","_et_gb_content_width":"","footnotes":""},"categories":[187],"tags":[],"class_list":["post-19756","post","type-post","status-publish","format-standard","has-post-thumbnail","hentry","category-allar-frir","et-has-post-format-content","et_post_format-et-post-format-standard"],"_links":{"self":[{"href":"https:\/\/leiklist.is\/en\/wp-json\/wp\/v2\/posts\/19756","targetHints":{"allow":["GET"]}}],"collection":[{"href":"https:\/\/leiklist.is\/en\/wp-json\/wp\/v2\/posts"}],"about":[{"href":"https:\/\/leiklist.is\/en\/wp-json\/wp\/v2\/types\/post"}],"author":[{"embeddable":true,"href":"https:\/\/leiklist.is\/en\/wp-json\/wp\/v2\/users\/3"}],"replies":[{"embeddable":true,"href":"https:\/\/leiklist.is\/en\/wp-json\/wp\/v2\/comments?post=19756"}],"version-history":[{"count":0,"href":"https:\/\/leiklist.is\/en\/wp-json\/wp\/v2\/posts\/19756\/revisions"}],"wp:featuredmedia":[{"embeddable":true,"href":"https:\/\/leiklist.is\/en\/wp-json\/"}],"wp:attachment":[{"href":"https:\/\/leiklist.is\/en\/wp-json\/wp\/v2\/media?parent=19756"}],"wp:term":[{"taxonomy":"category","embeddable":true,"href":"https:\/\/leiklist.is\/en\/wp-json\/wp\/v2\/categories?post=19756"},{"taxonomy":"post_tag","embeddable":true,"href":"https:\/\/leiklist.is\/en\/wp-json\/wp\/v2\/tags?post=19756"}],"curies":[{"name":"wp","href":"https:\/\/api.w.org\/{rel}","templated":true}]}}