{"id":1867,"date":"2008-05-06T15:05:47","date_gmt":"2008-05-06T15:05:47","guid":{"rendered":"http:\/\/wp.leiklist.is\/?p=1867"},"modified":"2008-05-06T15:05:47","modified_gmt":"2008-05-06T15:05:47","slug":"velheppnuaundi-bandalagsins-loki","status":"publish","type":"post","link":"https:\/\/leiklist.is\/en\/velheppnuaundi-bandalagsins-loki\/","title":{"rendered":"Velheppnu\u00f0um a\u00f0alfundi Bandalagsins loki\u00f0"},"content":{"rendered":"<p>N\u00fa er a\u00f0 baki a\u00f0alfundur Bandalags \u00edslenskra leikf\u00e9laga 2008 og var hann haldinn \u00ed bo\u00f0i Leikf\u00e9lags Sau\u00f0\u00e1rkr\u00f3ks \u00ed \u00c1rgar\u00f0i \u00ed Skagafir\u00f0i dagana 3. \u0096 4. ma\u00ed. Var m\u00e1l manna a\u00f0 fundur hinn hafi allur veri\u00f0 hinn besti og vel a\u00f0 honum sta\u00f0i\u00f0 hj\u00e1 Sau\u00f0kr\u00e6kingum \u00ed hv\u00edvetna en \u00feeir t\u00f3ku \u00e1 m\u00f3ti fundargestum \u00e1 f\u00f6studagskv\u00f6ld me\u00f0 kraftmikilli og vanda\u00f0ri s\u00fdningu \u00e1 farsanum Viltu finna millj\u00f3n?  <!--more--> <\/p>\n<p> Fundurinn var me\u00f0 afar hef\u00f0bundu sni\u00f0i og engin st\u00f3r hitam\u00e1l. Hinar \u00fdmsu nefndir skilu\u00f0 sk\u00fdrslum um starfsemi \u00e1 \u00e1rinu og munu \u00fe\u00e6r ver\u00f0a ger\u00f0ar a\u00f0gengilegar \u00ed a\u00f0alfundarger\u00f0 sem mun ver\u00f0a birt h\u00e9r \u00e1 Leiklistarvefnum um lei\u00f0 og h\u00fan hefur veri\u00f0 fullunnin.<\/p>\n<p> Talsver\u00f0ar breytingar ur\u00f0u \u00e1 stj\u00f3rn Bandalagsins \u00e1 fundinum og ber \u00fear fyrst a\u00f0 nefna a\u00f0 L\u00e1rus Vilhj\u00e1lmsson l\u00e9t af stj\u00f3rnarst\u00f6rfum eftir n\u00edu \u00e1ra samfellda setu \u00ed stj\u00f3rn og varastj\u00f3rn. Einnig h\u00e6tti \u00ed stj\u00f3rn Hrund \u00d3lafsd\u00f3ttir en \u00ed \u00feeirra sta\u00f0 komu Gu\u00f0finna Gunnarsd\u00f3ttir fr\u00e1 Leikf\u00e9lagi Selfoss, sem fyrir sat \u00ed varastj\u00f3rn, og H\u00f6r\u00f0ur Sigur\u00f0arson Leikf\u00e9lagi K\u00f3pavogs, sem kom aftur inn \u00ed stj\u00f3rn eftir nokkurra \u00e1ra hl\u00e9. Ing\u00f3lfur \u00de\u00f3rsson Freyvangsleikh\u00fasinu n\u00e1\u00f0i endurkj\u00f6ri og er n\u00fdr varaforma\u00f0ur Bandalagsins en auk \u00feessara sitja \u00ed a\u00f0alstj\u00f3rn \u00deorgeir Tryggvason forma\u00f0ur og Embla Gu\u00f0mundsd\u00f3ttir ritari.<\/p>\n<p> N\u00fdjar inn \u00ed varastj\u00f3rn komu Halla R\u00fan Tryggvad\u00f3ttir Leikf\u00e9lagi H\u00fasav\u00edkur, Sigr\u00ed\u00f0ur L\u00e1ra Sigurj\u00f3nsd\u00f3ttir Hugleik og Elva D\u00f6gg Gunnarsd\u00f3ttir Leikf\u00e9lagi Hafnarfjar\u00f0ar en h\u00fan var kosin til eins \u00e1rs. \u00dar varastj\u00f3rn gengu Margr\u00e9t Tryggvad\u00f3ttir og \u00c1rmann Gu\u00f0mundsson en \u00feau g\u00e1fu ekki kost \u00e1 s\u00e9r til endurkj\u00f6rs.<\/p>\n<p> Af helstu m\u00e1lum fundarins m\u00e1 nefna a\u00f0 stj\u00f3rn lag\u00f0i fram lagabreytingar sem flestar mi\u00f0u\u00f0u a\u00f0 \u00fev\u00ed a\u00f0 laga l\u00f6gin a\u00f0 r\u00edkjandi vinnulagi. Einnig var s\u00fa breyting ger\u00f0 \u00e1 \u00fathlutunarreglum Bandalagsins a\u00f0 n\u00fa f\u00e6st fullur styrkur fyrir s\u00fdningar sem eru 80 m\u00edn\u00fatur a\u00f0 lengd \u00ed sta\u00f0 90 m\u00edn\u00fatna \u00e1\u00f0ur. Styrkur fyrir styttri s\u00fdningar er eftir sem \u00e1\u00f0ur hlutfall af fullri lengd.<\/p>\n<p> Lesh\u00f3purinn Lestrarhestar var endurvakinn \u00e1 fundinum en hann starfa\u00f0i fyrir um \u00e1ratug og h\u00f6f\u00f0u f\u00e9lagar \u00ed honum \u00fea\u00f0 hlutverk a\u00f0 lesa leikrit \u00far handritasafni Bandalagsins og gera \u00far \u00feeim stuttan \u00fatdr\u00e1tt til a\u00f0 au\u00f0velda Leikf\u00e9l\u00f6gunum leit a\u00f0 verkefnum. Fimmt\u00e1n manns skr\u00e1\u00f0u sig til starfa \u00e1 fundinum en \u00f6llum \u00feeim sem \u00e1huga hafa \u00e1 a\u00f0 ganga til li\u00f0s \u00fe\u00e1 er velkomi\u00f0 a\u00f0 hafa samband vi\u00f0 \u00fej\u00f3nustumi\u00f0st\u00f6\u00f0 og skr\u00e1 sig.<\/p>\n<p> \u00c1kve\u00f0i\u00f0 var  a\u00f0 halda b\u00e6\u00f0i haustfund og Margt sm\u00e1tt stuttverkah\u00e1t\u00ed\u00f0 n\u00e6sta haust og ver\u00f0a n\u00e1nari uppl\u00fdsingar um h\u00e1t\u00ed\u00f0ina birtar um lei\u00f0 og undirb\u00faningsnefnd tekur til starfa. Einnig var \u00e1kve\u00f0i\u00f0 a\u00f0 skipa nefnd sem leita \u00e1 lei\u00f0a til a\u00f0 \u00f6ll \u00feau f\u00e9l\u00f6g sem \u00f3ska eftir a\u00f0 f\u00e1 gagnr\u00fdni \u00e1 s\u00fdningar s\u00ednar birta \u00e1 Leiklistarvefnum, f\u00e1i hana. \u00cd tengslum vi\u00f0 \u00feetta var \u00e1kve\u00f0i\u00f0 a\u00f0 jafnframt yr\u00f0i n\u00e6sta haust haldi\u00f0 n\u00e1mskei\u00f0 \u00fear sem stj\u00f3rnun leikf\u00e9laga, kynningarm\u00e1l og gagnr\u00fdniskrif yr\u00f0u kennd.<\/p>\n<p> <img loading=\"lazy\" decoding=\"async\" class=\"alignleft size-full wp-image-1866\" style=\"margin: 12px; float: left; width: 200px; height: 150px\" src=\"https:\/\/leiklist.is\/wp-content\/uploads\/2008\/05\/BIL_Adalfundir_2008_geirmundur.jpg\" alt=\"geirmundur.jpg\" title=\"geirmundur.jpg\" width=\"200\" height=\"150\" \/>\u00c1 h\u00e1t\u00ed\u00f0arkv\u00f6ldver\u00f0i \u00e1 laugardagskv\u00f6ldi\u00f0 var bo\u00f0i\u00f0 upp \u00e1 fj\u00f6lbreytt skemmtiatri\u00f0i, Leikf\u00e9lag Selfoss s\u00fdndi stuttan leik\u00fe\u00e1tt eftir Tsj\u00e9koff, Leikf\u00e9lag Hafnarfjar\u00f0ar flutti metna\u00f0arfullt t\u00f3nlistaratri\u00f0i, tveir me\u00f0limir Lj\u00f3tu h\u00e1lfvitanna t\u00f3ku nokkur l\u00f6g, st\u00f3rleikonan Herd\u00eds \u00deorvaldsd\u00f3ttir, sem st\u00f6dd var \u00fearna \u00e1samt Tinnu Gunnlaugsd\u00f3ttur, d\u00f3ttur sinni, h\u00e9lt s\u00e9rdeilis skemmtilega t\u00f6lu og r\u00fas\u00ednan \u00ed pylsuendanum var svo \u00feegar sj\u00e1lfur sveifluk\u00f3ngurinn Geirmundur Valt\u00fdsson birtist og l\u00e9k undir fj\u00f6ldas\u00f6ng. S\u00e9rdeilis skemmtilegur veislustj\u00f3ri var Kristj\u00e1n Snorrason, \u00fatib\u00fasstj\u00f3ri Sparisj\u00f3\u00f0s Skagafjar\u00f0ar og nota\u00f0i hann t\u00e6kif\u00e6ri\u00f0 og f\u00e6r\u00f0i Leikf\u00e9lagi Sau\u00f0\u00e1rkr\u00f3ks veglegan styrk.<\/p>\n<div align=\"right\"> {mos_fb_discuss:3} <\/div>","protected":false},"excerpt":{"rendered":"<p>N\u00fa er a\u00f0 baki a\u00f0alfundur Bandalags \u00edslenskra leikf\u00e9laga 2008 og var hann haldinn \u00ed bo\u00f0i Leikf\u00e9lags Sau\u00f0\u00e1rkr\u00f3ks \u00ed \u00c1rgar\u00f0i \u00ed Skagafir\u00f0i dagana 3. \u0096 4. ma\u00ed. Var m\u00e1l manna a\u00f0 fundur hinn hafi allur veri\u00f0 hinn besti og vel a\u00f0 honum sta\u00f0i\u00f0 hj\u00e1 Sau\u00f0kr\u00e6kingum \u00ed hv\u00edvetna en \u00feeir t\u00f3ku \u00e1 m\u00f3ti fundargestum \u00e1 f\u00f6studagskv\u00f6ld me\u00f0 [&hellip;]<\/p>\n","protected":false},"author":3,"featured_media":1865,"comment_status":"open","ping_status":"open","sticky":false,"template":"","format":"standard","meta":{"_et_pb_use_builder":"","_et_pb_old_content":"","_et_gb_content_width":"","footnotes":""},"categories":[187],"tags":[],"class_list":["post-1867","post","type-post","status-publish","format-standard","has-post-thumbnail","hentry","category-allar-frir","et-has-post-format-content","et_post_format-et-post-format-standard"],"_links":{"self":[{"href":"https:\/\/leiklist.is\/en\/wp-json\/wp\/v2\/posts\/1867","targetHints":{"allow":["GET"]}}],"collection":[{"href":"https:\/\/leiklist.is\/en\/wp-json\/wp\/v2\/posts"}],"about":[{"href":"https:\/\/leiklist.is\/en\/wp-json\/wp\/v2\/types\/post"}],"author":[{"embeddable":true,"href":"https:\/\/leiklist.is\/en\/wp-json\/wp\/v2\/users\/3"}],"replies":[{"embeddable":true,"href":"https:\/\/leiklist.is\/en\/wp-json\/wp\/v2\/comments?post=1867"}],"version-history":[{"count":0,"href":"https:\/\/leiklist.is\/en\/wp-json\/wp\/v2\/posts\/1867\/revisions"}],"wp:featuredmedia":[{"embeddable":true,"href":"https:\/\/leiklist.is\/en\/wp-json\/"}],"wp:attachment":[{"href":"https:\/\/leiklist.is\/en\/wp-json\/wp\/v2\/media?parent=1867"}],"wp:term":[{"taxonomy":"category","embeddable":true,"href":"https:\/\/leiklist.is\/en\/wp-json\/wp\/v2\/categories?post=1867"},{"taxonomy":"post_tag","embeddable":true,"href":"https:\/\/leiklist.is\/en\/wp-json\/wp\/v2\/tags?post=1867"}],"curies":[{"name":"wp","href":"https:\/\/api.w.org\/{rel}","templated":true}]}}