{"id":1819,"date":"2008-04-04T13:06:35","date_gmt":"2008-04-04T13:06:35","guid":{"rendered":"http:\/\/wp.leiklist.is\/?p=1819"},"modified":"2008-04-04T13:06:35","modified_gmt":"2008-04-04T13:06:35","slug":"straumar-og-stefnur-leikstjs","status":"publish","type":"post","link":"https:\/\/leiklist.is\/en\/straumar-og-stefnur-leikstjs\/","title":{"rendered":"Straumar og stefnur \u00ed a\u00f0fer\u00f0afr\u00e6\u00f0i leikstj\u00f3rans"},"content":{"rendered":"<p>M\u00e1nudaginn 7. apr\u00edl kl. 20 mun R\u00fanar Gu\u00f0brandsson r\u00e6\u00f0a mismunandi hugmyndir um hlutverk og a\u00f0fer\u00f0afr\u00e6\u00f0i leikstj\u00f3rans \u00ed gegnum s\u00f6guna. Hann fer \u00ed gegnum strauma og stefnur sem hafa haft m\u00f3tandi \u00e1hrif \u00e1 leikh\u00fas vesturlanda og veltir fyrir s\u00e9r st\u00f6\u00f0u leikstj\u00f3rans \u00ed \u00edslensku leikh\u00fasi. Hann hefur bo\u00f0i\u00f0 me\u00f0 s\u00e9r nokkrum svi\u00f0slistam\u00f6nnum sem munu tala um kynni s\u00edn af \u00f3l\u00edkum leikstj\u00f3rnara\u00f0fer\u00f0um. Fyrirlesturinn ver\u00f0ur \u00e1 Kaffi S\u00f3lon, Bankastr\u00e6ti 7a, 2. h\u00e6\u00f0  <!--more--> <\/p>\n<p> Vorfyrirlestrar Leiklistarsambands \u00cdslands og Leiklistardeild Listah\u00e1sk\u00f3la \u00cdslands, taka \u00e1 hlutverki, a\u00f0fer\u00f0um og fagurfr\u00e6\u00f0i svi\u00f0slistanna og eru \u00f6llum opnir, jafnt fagf\u00f3lki sem \u00e1hugaf\u00f3lki um svi\u00f0slistir.\u00a0 <br \/> \u00a0<br \/> M\u00e1nudaginn 14. apr\u00edl mun Rafael Bianciotto leikstj\u00f3ri, sem n\u00fa vinnur a\u00f0 uppsetningu tr\u00fa\u00f0as\u00fdningar fyrir fullor\u00f0na \u00ed Borgarleikh\u00fasinu,\u00a0 tala um vinnu s\u00edna, a\u00f0fer\u00f0ir og \u00e1herslur. M\u00e1nudaginn 21. apr\u00edl munu Aino Freyja J\u00e4rvele velta upp \u00f6grandi spurningum um starf sj\u00e1lfst\u00e6\u00f0ra leikh\u00f3pa.<br \/> \u00a0<br \/> Fyrirlestrarnir halda \u00e1fram fram eftir vori.<\/p>\n<div align=\"right\"> {mos_fb_discuss:3} <\/div>","protected":false},"excerpt":{"rendered":"<p>M\u00e1nudaginn 7. apr\u00edl kl. 20 mun R\u00fanar Gu\u00f0brandsson r\u00e6\u00f0a mismunandi hugmyndir um hlutverk og a\u00f0fer\u00f0afr\u00e6\u00f0i leikstj\u00f3rans \u00ed gegnum s\u00f6guna. Hann fer \u00ed gegnum strauma og stefnur sem hafa haft m\u00f3tandi \u00e1hrif \u00e1 leikh\u00fas vesturlanda og veltir fyrir s\u00e9r st\u00f6\u00f0u leikstj\u00f3rans \u00ed \u00edslensku leikh\u00fasi. Hann hefur bo\u00f0i\u00f0 me\u00f0 s\u00e9r nokkrum svi\u00f0slistam\u00f6nnum sem munu tala um kynni [&hellip;]<\/p>\n","protected":false},"author":3,"featured_media":392,"comment_status":"open","ping_status":"open","sticky":false,"template":"","format":"standard","meta":{"_et_pb_use_builder":"","_et_pb_old_content":"","_et_gb_content_width":"","footnotes":""},"categories":[187],"tags":[],"class_list":["post-1819","post","type-post","status-publish","format-standard","has-post-thumbnail","hentry","category-allar-frir","et-has-post-format-content","et_post_format-et-post-format-standard"],"_links":{"self":[{"href":"https:\/\/leiklist.is\/en\/wp-json\/wp\/v2\/posts\/1819","targetHints":{"allow":["GET"]}}],"collection":[{"href":"https:\/\/leiklist.is\/en\/wp-json\/wp\/v2\/posts"}],"about":[{"href":"https:\/\/leiklist.is\/en\/wp-json\/wp\/v2\/types\/post"}],"author":[{"embeddable":true,"href":"https:\/\/leiklist.is\/en\/wp-json\/wp\/v2\/users\/3"}],"replies":[{"embeddable":true,"href":"https:\/\/leiklist.is\/en\/wp-json\/wp\/v2\/comments?post=1819"}],"version-history":[{"count":0,"href":"https:\/\/leiklist.is\/en\/wp-json\/wp\/v2\/posts\/1819\/revisions"}],"wp:featuredmedia":[{"embeddable":true,"href":"https:\/\/leiklist.is\/en\/wp-json\/"}],"wp:attachment":[{"href":"https:\/\/leiklist.is\/en\/wp-json\/wp\/v2\/media?parent=1819"}],"wp:term":[{"taxonomy":"category","embeddable":true,"href":"https:\/\/leiklist.is\/en\/wp-json\/wp\/v2\/categories?post=1819"},{"taxonomy":"post_tag","embeddable":true,"href":"https:\/\/leiklist.is\/en\/wp-json\/wp\/v2\/tags?post=1819"}],"curies":[{"name":"wp","href":"https:\/\/api.w.org\/{rel}","templated":true}]}}