{"id":1815,"date":"2008-04-03T12:08:03","date_gmt":"2008-04-03T12:08:03","guid":{"rendered":"http:\/\/wp.leiklist.is\/?p=1815"},"modified":"2008-04-03T12:08:03","modified_gmt":"2008-04-03T12:08:03","slug":"leikhinn-perlan-fagnar-25-afm","status":"publish","type":"post","link":"https:\/\/leiklist.is\/en\/leikhinn-perlan-fagnar-25-afm\/","title":{"rendered":"Leikh\u00f3purinn Perlan fagnar 25 \u00e1ra afm\u00e6li"},"content":{"rendered":"<p>\u00cd tilefni af 25 \u00e1ra afm\u00e6li Perlunnar, frums\u00fdnir leikh\u00f3purinn tv\u00f6 verk sunnudaginn 6. apr\u00edl n\u00e6stkomandi kl. 14.00. Annars vegar er \u00fea\u00f0 leikverki\u00f0 M\u00eddas konungur er me\u00f0 asnaeyru, og hins vegar Lj\u00f3n og M\u00fds, en Sigr\u00ed\u00f0ur hefur sj\u00e1lf unni\u00f0 leikger\u00f0ir beggja verka auk \u00feess sem h\u00fan leikst\u00fdrir. Dansverki\u00f0 Body-Slap eftir L\u00e1ru Stef\u00e1nsd\u00f3ttur, sem h\u00f6fundur leikst\u00fdrir jafnframt, ver\u00f0ur einnig \u00e1 dagskr\u00e1\u00a0 auk \u00feess sem s\u00fdnd ver\u00f0a myndb\u00f6nd Perlunnar, \u00fear \u00e1 me\u00f0al myndbandi\u00f0 Svefn-genglar sem er t\u00f3nlistamyndband sem Perlan ger\u00f0i me\u00f0 hlj\u00f3msveitinni Sigurr\u00f3s.  <!--more--> <\/p>\n<p> \u00cd heilan aldarfj\u00f3r\u00f0ung hefur Sigr\u00ed\u00f0ur Ey\u00fe\u00f3rsd\u00f3ttir haft umsj\u00f3n me\u00f0 starfsemi leikh\u00f3psins Perlunnar. \u00c1 \u00feeim t\u00edma hefur h\u00fan, og \u00feeir listamenn sem s\u00fdnt hafa undir hennar stj\u00f3rn, au\u00f0ga\u00f0 listal\u00edf landsins svo um munar. Perlan hefur s\u00fdnt v\u00ed\u00f0a, me\u00f0al annas hj\u00e1 f\u00e9l\u00f6gum og\u00a0 f\u00e9lagasamt\u00f6kum, \u00ed sj\u00f3nvarpi, \u00e1 listah\u00e1t\u00ed\u00f0um, styrktarskemmtunum b\u00e6\u00f0i h\u00e9r heima sem og v\u00ed\u00f0a um heim og \u00f3h\u00e6tt er a\u00f0 fullyr\u00f0a a\u00f0 \u00e1 \u00feeim t\u00edma hafi h\u00f3purinn \u00f6\u00f0last heimikla vi\u00f0urkenningu.<\/p>\n<p> Leikh\u00f3purinn Perlan hefur vaki\u00f0 ver\u00f0skulda\u00f0a ayghygli fyrir einl\u00e6ga og fagra leikt\u00falkun s\u00edna og boo\u00f0skapur \u00feeirra verka sem s\u00fdnd eru hafa einatt veri\u00f0 k\u00e6rleikur, skilningur og vir\u00f0ing. \u00dea\u00f0 var miki\u00f0 framfaraskref \u00ed jafnr\u00e9ttis\u00e1tt fyrir fatla\u00f0a listamenn \u00feegar leikh\u00f3purinn f\u00e9kk fasta a\u00f0st\u00f6\u00f0u \u00ed Borgarleikh\u00fasinu enda er tj\u00e1ning \u00f6llum \u00ed bl\u00f3\u00f0 borin og leikarar \u00ed Perlunni a\u00f0 sj\u00e1lfs\u00f6g\u00f0u engin undantekning \u00fear \u00e1. Perlunni b\u00e6ttist vi\u00f0 g\u00f3\u00f0ur li\u00f0sauki \u00feegar L\u00e1ra Stef\u00e1nsd\u00f3ttir f\u00f3r a\u00f0 semja fyrir \u00feau dansa og stj\u00f3rna. \u00dear me\u00f0 var Perlan or\u00f0in dans- og leikh\u00f3pur.<\/p>\n<p> \u00deess m\u00e1 geta a\u00f0 sumir me\u00f0limir h\u00f3psins hafa veri\u00f0 me\u00f0 fr\u00e1 upphafi .<br \/> \u00a0<br \/> M\u00eddas konungur er me\u00f0 asnaeyru<br \/> Leikger\u00f0 og leikstj\u00f3rn: Sigr\u00ed\u00f0ur Ey\u00fe\u00f3rsd\u00f3ttir,<br \/> T\u00f3nlist: Matth\u00edas Arnalds,<br \/> Leikb\u00faningar: Brynd\u00eds Hilmarsd\u00f3ttir og<br \/> Grafik: Helgi Hilmarsson<br \/> \u00a0<br \/> Lj\u00f3n og m\u00fds<br \/> Leikger\u00f0 og leikstj\u00f3rn: Sigr\u00ed\u00f0ur Ey\u00fe\u00f3rsd\u00f3ttir<br \/> T\u00f3nlist: M\u00e1ni Svavarsson<br \/> Leikb\u00faningar: Brynd\u00eds Hilmarsd\u00f3ttir<br \/> Leikraddir auk Perluleikenda: \u00d3lafur Darri \u00d3lafsson og Berglj\u00f3t Arnalds.<br \/> \u00a0<br \/> Mi\u00f0asala er \u00e1 vef Borgarleikh\u00fassin og \u00ed s\u00edma 568 8000. Mi\u00f0aver\u00f0 er 1000 kr.<br \/> \u00a0<br \/> \u00cd leikh\u00f3pnum Perlunni eru n\u00fana 11 manns og munu \u00feau \u00f6ll taka \u00fe\u00e1tt \u00ed afm\u00e6liss\u00fdningunni.<br \/> \u00deau heita: Birgitta Har\u00f0ard\u00f3ttir, Eva Donaldsd\u00f3ttir, Ger\u00f0ur J\u00f3nsd\u00f3ttir, Gar\u00f0ar Hreinsson, Gu\u00f0r\u00fan \u00d3sk Ingvarsd\u00f3ttir, Hildur Dav\u00ed\u00f0sd\u00f3ttir Hreinn Hafli\u00f0ason, Ingibj\u00f6rg \u00c1rnad\u00f3ttir, Ragnar Ragnarsson, Sigf\u00fas Svanbergsson og Sigr\u00fan \u00e1rnad\u00f3ttir<br \/> Kynnar \u00e1 afm\u00e6liss\u00fdningunni ver\u00f0a Berglj\u00f3t Arnalds og Benedikt Erlingsson, leikarar.<br \/> \u00a0<br \/> Til gamans m\u00e1 geta \u00feess a\u00f0 Matth\u00edas Arnalds, sem semur t\u00f3nlistina fyrir M\u00eddas konungur er me\u00f0 asnaeyru, er d\u00f3ttursonur Sigr\u00ed\u00f0ar, leikstj\u00f3ra og er \u00fev\u00ed af \u00feri\u00f0ju kynsl\u00f3\u00f0 listamanna, sem hafa unni\u00f0 fyrir Perluna, \u00fe.e amma Sigga, d\u00f3ttirin Berglj\u00f3t og loks Matth\u00edas.<\/p>\n<div align=\"right\"> {mos_fb_discuss:2} <\/div>","protected":false},"excerpt":{"rendered":"<p>\u00cd tilefni af 25 \u00e1ra afm\u00e6li Perlunnar, frums\u00fdnir leikh\u00f3purinn tv\u00f6 verk sunnudaginn 6. apr\u00edl n\u00e6stkomandi kl. 14.00. Annars vegar er \u00fea\u00f0 leikverki\u00f0 M\u00eddas konungur er me\u00f0 asnaeyru, og hins vegar Lj\u00f3n og M\u00fds, en Sigr\u00ed\u00f0ur hefur sj\u00e1lf unni\u00f0 leikger\u00f0ir beggja verka auk \u00feess sem h\u00fan leikst\u00fdrir. Dansverki\u00f0 Body-Slap eftir L\u00e1ru Stef\u00e1nsd\u00f3ttur, sem h\u00f6fundur leikst\u00fdrir jafnframt, [&hellip;]<\/p>\n","protected":false},"author":3,"featured_media":0,"comment_status":"open","ping_status":"open","sticky":false,"template":"","format":"standard","meta":{"_et_pb_use_builder":"","_et_pb_old_content":"","_et_gb_content_width":"","footnotes":""},"categories":[187],"tags":[],"class_list":["post-1815","post","type-post","status-publish","format-standard","hentry","category-allar-frir","et-doesnt-have-format-content","et_post_format-et-post-format-standard"],"_links":{"self":[{"href":"https:\/\/leiklist.is\/en\/wp-json\/wp\/v2\/posts\/1815","targetHints":{"allow":["GET"]}}],"collection":[{"href":"https:\/\/leiklist.is\/en\/wp-json\/wp\/v2\/posts"}],"about":[{"href":"https:\/\/leiklist.is\/en\/wp-json\/wp\/v2\/types\/post"}],"author":[{"embeddable":true,"href":"https:\/\/leiklist.is\/en\/wp-json\/wp\/v2\/users\/3"}],"replies":[{"embeddable":true,"href":"https:\/\/leiklist.is\/en\/wp-json\/wp\/v2\/comments?post=1815"}],"version-history":[{"count":0,"href":"https:\/\/leiklist.is\/en\/wp-json\/wp\/v2\/posts\/1815\/revisions"}],"wp:attachment":[{"href":"https:\/\/leiklist.is\/en\/wp-json\/wp\/v2\/media?parent=1815"}],"wp:term":[{"taxonomy":"category","embeddable":true,"href":"https:\/\/leiklist.is\/en\/wp-json\/wp\/v2\/categories?post=1815"},{"taxonomy":"post_tag","embeddable":true,"href":"https:\/\/leiklist.is\/en\/wp-json\/wp\/v2\/tags?post=1815"}],"curies":[{"name":"wp","href":"https:\/\/api.w.org\/{rel}","templated":true}]}}