{"id":1780,"date":"2008-03-13T09:38:59","date_gmt":"2008-03-13T09:38:59","guid":{"rendered":"http:\/\/wp.leiklist.is\/?p=1780"},"modified":"2008-03-13T09:38:59","modified_gmt":"2008-03-13T09:38:59","slug":"bnn-breieflav","status":"publish","type":"post","link":"https:\/\/leiklist.is\/en\/bnn-breieflav\/","title":{"rendered":"B\u00e6rinn brei\u00f0ir \u00far s\u00e9r \u00ed Keflav\u00edk"},"content":{"rendered":"<p> F\u00f6studaginn 7. mars frums\u00fdndi Leikf\u00e9laga Keflav\u00edkur rev\u00eduna \u0084B\u00e6rinn brei\u00f0ir \u00far s\u00e9r\u0093 eftir Brei\u00f0bandi\u00f0, en \u00fea\u00f0 skipa \u00feeir Magn\u00fas Sigur\u00f0sson, R\u00fanar Hannah og \u00d3mar \u00d3lafsson. Leikstj\u00f3ri er Helga Braga J\u00f3nsd\u00f3ttir, dansh\u00f6fundur er Josy Zareen og t\u00f3nlistarstj\u00f3ri er J\u00fal\u00edus Freyr Gu\u00f0mundsson. <\/p>\n<p> &nbsp; <\/p>\n<p>  <!--more--> <\/p>\n<p> <img loading=\"lazy\" decoding=\"async\" class=\"alignleft size-full wp-image-1779\" style=\"margin: 5px; float: left\" src=\"https:\/\/leiklist.is\/wp-content\/uploads\/2008\/03\/Adildarfelog_Sudvestur_Leikfelag_Keflavikur_2007_08_baerinnfrett1.jpg\" alt=\"baerinnfrett1.jpg\" title=\"baerinnfrett1.jpg\" width=\"200\" height=\"133\" \/>Rev\u00edan fjallar um l\u00edfi\u00f0 \u00ed Reykjanesb\u00e6 og m.a teki\u00f0 fyrir \u00fea\u00f0 gullgrafara\u00e6\u00f0i sem r\u00edkti og r\u00edkir enn \u00e1 gamla varnarsv\u00e6\u00f0inu. Leikarar \u00ed s\u00fdningunni eru 18 en alls koma r\u00edflega 30 manns a\u00f0 henni \u00e1 einn e\u00f0a annan h\u00e1tt. S\u00fdnt er \u00ed Frumleikh\u00fasinu \u00ed Keflav\u00edk en sl. haust voru 10 \u00e1r fr\u00e1 \u00fev\u00ed \u00fea\u00f0 var teki\u00f0 \u00ed notkun.  <\/p>\n<p> Rev\u00edan er anna\u00f0 leikriti\u00f0 sem Leikf\u00e9laga Keflav\u00edkur setur upp \u00e1 leik\u00e1rinu en fyrir \u00e1ram\u00f3t var \u00fea\u00f0 \u0084Allt \u00ed plati\u0093 eftir \u00der\u00f6st Gu\u00f0bjartsson \u00ed leikstj\u00f3rn h\u00f6fundar. Auk \u00feess eru f\u00e9lagsmenn \u00e1vallt me\u00f0 upp\u00e1komur \u00e1 17. j\u00fan\u00ed, Lj\u00f3san\u00f3tt og \u00e1 \u00ferett\u00e1ndanum. <\/p>\n<p> Me\u00f0fylgjandi myndir \u00far s\u00fdningunni eru birtar me\u00f0 leyfi V\u00edkurfr\u00e9tta<\/p>\n<p> {mos_fb_discuss:2} <\/p>","protected":false},"excerpt":{"rendered":"<p>F\u00f6studaginn 7. mars frums\u00fdndi Leikf\u00e9laga Keflav\u00edkur rev\u00eduna \u0084B\u00e6rinn brei\u00f0ir \u00far s\u00e9r\u0093 eftir Brei\u00f0bandi\u00f0, en \u00fea\u00f0 skipa \u00feeir Magn\u00fas Sigur\u00f0sson, R\u00fanar Hannah og \u00d3mar \u00d3lafsson. Leikstj\u00f3ri er Helga Braga J\u00f3nsd\u00f3ttir, dansh\u00f6fundur er Josy Zareen og t\u00f3nlistarstj\u00f3ri er J\u00fal\u00edus Freyr Gu\u00f0mundsson. &nbsp;<\/p>","protected":false},"author":3,"featured_media":1778,"comment_status":"open","ping_status":"open","sticky":false,"template":"","format":"standard","meta":{"_et_pb_use_builder":"","_et_pb_old_content":"","_et_gb_content_width":"","footnotes":""},"categories":[187],"tags":[],"class_list":["post-1780","post","type-post","status-publish","format-standard","has-post-thumbnail","hentry","category-allar-frir","et-has-post-format-content","et_post_format-et-post-format-standard"],"_links":{"self":[{"href":"https:\/\/leiklist.is\/en\/wp-json\/wp\/v2\/posts\/1780","targetHints":{"allow":["GET"]}}],"collection":[{"href":"https:\/\/leiklist.is\/en\/wp-json\/wp\/v2\/posts"}],"about":[{"href":"https:\/\/leiklist.is\/en\/wp-json\/wp\/v2\/types\/post"}],"author":[{"embeddable":true,"href":"https:\/\/leiklist.is\/en\/wp-json\/wp\/v2\/users\/3"}],"replies":[{"embeddable":true,"href":"https:\/\/leiklist.is\/en\/wp-json\/wp\/v2\/comments?post=1780"}],"version-history":[{"count":0,"href":"https:\/\/leiklist.is\/en\/wp-json\/wp\/v2\/posts\/1780\/revisions"}],"wp:featuredmedia":[{"embeddable":true,"href":"https:\/\/leiklist.is\/en\/wp-json\/"}],"wp:attachment":[{"href":"https:\/\/leiklist.is\/en\/wp-json\/wp\/v2\/media?parent=1780"}],"wp:term":[{"taxonomy":"category","embeddable":true,"href":"https:\/\/leiklist.is\/en\/wp-json\/wp\/v2\/categories?post=1780"},{"taxonomy":"post_tag","embeddable":true,"href":"https:\/\/leiklist.is\/en\/wp-json\/wp\/v2\/tags?post=1780"}],"curies":[{"name":"wp","href":"https:\/\/api.w.org\/{rel}","templated":true}]}}