{"id":1766,"date":"2008-03-07T10:28:13","date_gmt":"2008-03-07T10:28:13","guid":{"rendered":"http:\/\/wp.leiklist.is\/?p=1766"},"modified":"2008-03-07T10:28:13","modified_gmt":"2008-03-07T10:28:13","slug":"saga-bandalagsins-1","status":"publish","type":"post","link":"https:\/\/leiklist.is\/en\/saga-bandalagsins-1\/","title":{"rendered":"Saga Bandalagsins \u00e1 R\u00e1s 1"},"content":{"rendered":"<p>\u00c1 laugardaginn ver\u00f0ur fluttur \u00e1 r\u00e1s 1 \u00fatvarps\u00fe\u00e1ttur um \u00fatg\u00e1fu S\u00f6gu Bandalagsins sem \u00e1forma\u00f0 er a\u00f0 komi \u00fat \u00ed vor. \u00de\u00e1tturinn er \u00e1 dagskr\u00e1 \u00e1 laugardaginn, 8. mars, klukkan 15.20 og ver\u00f0ur endurfluttur f\u00f6studagskv\u00f6ldi\u00f0 14. mars. \u00de\u00e1ttager\u00f0 anna\u00f0ist fyrrverandi starfsma\u00f0ur Bandalagsins, Sigr\u00ed\u00f0ur L\u00e1ra Sigurj\u00f3nsd\u00f3ttir.<\/p>\n<p> \u00cd \u00fe\u00e6ttinum er m.a. r\u00e6tt vi\u00f0 Bjarna Gu\u00f0marsson, s\u00f6guritara, og \u00deorgeir Tryggvason, formann bandalagsins og s\u00f6gunefndarmann, auk \u00feess sem lesnir eru kaflar \u00far handriti b\u00f3karinnar. \u00de\u00e1tturinn er hluti af \u00fe\u00e1ttar\u00f6\u00f0inni Brot \u00far \u00edslenskri menningars\u00f6gu sem er unnin \u00ed samstarfi vi\u00f0 sagnfr\u00e6\u00f0iskor H\u00e1sk\u00f3la \u00cdslands undir handlei\u00f0slu \u00d3l\u00ednu \u00deorvar\u00f0ard\u00f3ttur. <\/p>","protected":false},"excerpt":{"rendered":"<p>\u00c1 laugardaginn ver\u00f0ur fluttur \u00e1 r\u00e1s 1 \u00fatvarps\u00fe\u00e1ttur um \u00fatg\u00e1fu S\u00f6gu Bandalagsins sem \u00e1forma\u00f0 er a\u00f0 komi \u00fat \u00ed vor. \u00de\u00e1tturinn er \u00e1 dagskr\u00e1 \u00e1 laugardaginn, 8. mars, klukkan 15.20 og ver\u00f0ur endurfluttur f\u00f6studagskv\u00f6ldi\u00f0 14. mars. \u00de\u00e1ttager\u00f0 anna\u00f0ist fyrrverandi starfsma\u00f0ur Bandalagsins, Sigr\u00ed\u00f0ur L\u00e1ra Sigurj\u00f3nsd\u00f3ttir. \u00cd \u00fe\u00e6ttinum er m.a. r\u00e6tt vi\u00f0 Bjarna Gu\u00f0marsson, s\u00f6guritara, og \u00deorgeir [&hellip;]<\/p>\n","protected":false},"author":3,"featured_media":1765,"comment_status":"open","ping_status":"open","sticky":false,"template":"","format":"standard","meta":{"_et_pb_use_builder":"","_et_pb_old_content":"","_et_gb_content_width":"","footnotes":""},"categories":[187],"tags":[],"class_list":["post-1766","post","type-post","status-publish","format-standard","has-post-thumbnail","hentry","category-allar-frir","et-has-post-format-content","et_post_format-et-post-format-standard"],"_links":{"self":[{"href":"https:\/\/leiklist.is\/en\/wp-json\/wp\/v2\/posts\/1766","targetHints":{"allow":["GET"]}}],"collection":[{"href":"https:\/\/leiklist.is\/en\/wp-json\/wp\/v2\/posts"}],"about":[{"href":"https:\/\/leiklist.is\/en\/wp-json\/wp\/v2\/types\/post"}],"author":[{"embeddable":true,"href":"https:\/\/leiklist.is\/en\/wp-json\/wp\/v2\/users\/3"}],"replies":[{"embeddable":true,"href":"https:\/\/leiklist.is\/en\/wp-json\/wp\/v2\/comments?post=1766"}],"version-history":[{"count":0,"href":"https:\/\/leiklist.is\/en\/wp-json\/wp\/v2\/posts\/1766\/revisions"}],"wp:featuredmedia":[{"embeddable":true,"href":"https:\/\/leiklist.is\/en\/wp-json\/"}],"wp:attachment":[{"href":"https:\/\/leiklist.is\/en\/wp-json\/wp\/v2\/media?parent=1766"}],"wp:term":[{"taxonomy":"category","embeddable":true,"href":"https:\/\/leiklist.is\/en\/wp-json\/wp\/v2\/categories?post=1766"},{"taxonomy":"post_tag","embeddable":true,"href":"https:\/\/leiklist.is\/en\/wp-json\/wp\/v2\/tags?post=1766"}],"curies":[{"name":"wp","href":"https:\/\/api.w.org\/{rel}","templated":true}]}}