{"id":1756,"date":"2008-03-04T11:32:10","date_gmt":"2008-03-04T11:32:10","guid":{"rendered":"http:\/\/wp.leiklist.is\/?p=1756"},"modified":"2008-03-04T11:32:10","modified_gmt":"2008-03-04T11:32:10","slug":"vern-fyrir-svartan-hatt","status":"publish","type":"post","link":"https:\/\/leiklist.is\/en\/vern-fyrir-svartan-hatt\/","title":{"rendered":"Ver\u00f0laun fyrir Svartan hatt"},"content":{"rendered":"<p>Leiksk\u00e1ld\u00a0 framt\u00ed\u00f0arinnar \u00e1ttu svi\u00f0i\u00f0 s\u00ed\u00f0asta laugardagskv\u00f6ld \u00feegar \u00farslit\u00a0 hinnar \u00e1rlegu\u00a0 \u00f6rleikritasamkeppni \u00dej\u00f3\u00f0leikh\u00fassins og Listah\u00e1sk\u00f3la \u00cdslands fyrir\u00a0 framhaldssk\u00f3lanema f\u00f3r fram. Fimm verk voru valin til \u00fe\u00e1ttt\u00f6ku \u00ed \u00farslitunum en\u00a0 fj\u00f6ldi \u00f6rleikrita barst v\u00edtt og breitt af landinu. Leiklistarnemar \u00e1 \u00f6\u00f0ru \u00e1ri \u00ed LH\u00cd\u00a0 fluttu verkin me\u00f0 til\u00ferifum en leiksk\u00e1ldin sem komust \u00ed \u00farslit voru \u00c1rni\u00a0 Arason, Gu\u00f0r\u00fan S\u00f3ley Sigur\u00f0ard\u00f3ttir, Adam Hoffritz, Ingi V\u00edfill Gu\u00f0mundsson og\u00a0 Gu\u00f0munda \u00d3lafsd\u00f3ttir.  <!--more--> <\/p>\n<p> Sigurvegari keppninnar var Gu\u00f0munda \u00d3lafsd\u00f3ttir\u00a0 sem hlaut fyrstu ver\u00f0laun fyrir verk sitt Svartur hattur. \u00cd \u00f6\u00f0ru s\u00e6ti var\u00a0 Gu\u00f0r\u00fan S\u00f3ley Sigur\u00f0ard\u00f3ttir \u0096 en \u00feess m\u00e1 geta a\u00f0 h\u00fan sigra\u00f0i keppnina \u00ed fyrra\u00a0 og hlaut \u00fe\u00e1 einnig s\u00e9rst\u00f6k ver\u00f0laun \u00e1horfenda l\u00edkt og \u00ed \u00e1r. Verk Gu\u00f0r\u00fanar\u00a0 heitir Afsaki\u00f0 er \u00feessi st\u00f3ll upptekinn? \u00deri\u00f0ju ver\u00f0laun hlaut s\u00ed\u00f0an \u00c1rni\u00a0 Arason fyrir \u00f6rleikriti\u00f0 G\u00e1fnafar \u00ed h\u00e6ttu. Ver\u00f0launahafarnir hlutu\u00a0 peningaver\u00f0laun en allir \u00fe\u00e1tttakendur fengu ennfremur vi\u00f0ukenningarskjal og\u00a0 gjafakort \u00ed \u00dej\u00f3\u00f0leikh\u00fasi\u00f0.<\/p>\n<p> D\u00f3mnefnd\u00a0 kv\u00f6ldsins skipu\u00f0u leiksk\u00e1ldi\u00f0 \u00d3lafur Haukur S\u00edmonarson, Ragnhei\u00f0ur Sk\u00falad\u00f3ttir\u00a0 deildarforseti Leiklistardeildar LH\u00cd og Sn\u00e6bj\u00f6rg Sigurgeirsd\u00f3ttir raddkennari\u00a0 vi\u00f0 LH\u00cd.<\/p>\n<p> {mos_fb_discuss:2} <\/p>","protected":false},"excerpt":{"rendered":"<p>Leiksk\u00e1ld\u00a0 framt\u00ed\u00f0arinnar \u00e1ttu svi\u00f0i\u00f0 s\u00ed\u00f0asta laugardagskv\u00f6ld \u00feegar \u00farslit\u00a0 hinnar \u00e1rlegu\u00a0 \u00f6rleikritasamkeppni \u00dej\u00f3\u00f0leikh\u00fassins og Listah\u00e1sk\u00f3la \u00cdslands fyrir\u00a0 framhaldssk\u00f3lanema f\u00f3r fram. Fimm verk voru valin til \u00fe\u00e1ttt\u00f6ku \u00ed \u00farslitunum en\u00a0 fj\u00f6ldi \u00f6rleikrita barst v\u00edtt og breitt af landinu. Leiklistarnemar \u00e1 \u00f6\u00f0ru \u00e1ri \u00ed LH\u00cd\u00a0 fluttu verkin me\u00f0 til\u00ferifum en leiksk\u00e1ldin sem komust \u00ed \u00farslit voru \u00c1rni\u00a0 Arason, [&hellip;]<\/p>\n","protected":false},"author":3,"featured_media":1755,"comment_status":"open","ping_status":"open","sticky":false,"template":"","format":"standard","meta":{"_et_pb_use_builder":"","_et_pb_old_content":"","_et_gb_content_width":"","footnotes":""},"categories":[187],"tags":[],"class_list":["post-1756","post","type-post","status-publish","format-standard","has-post-thumbnail","hentry","category-allar-frir","et-has-post-format-content","et_post_format-et-post-format-standard"],"_links":{"self":[{"href":"https:\/\/leiklist.is\/en\/wp-json\/wp\/v2\/posts\/1756","targetHints":{"allow":["GET"]}}],"collection":[{"href":"https:\/\/leiklist.is\/en\/wp-json\/wp\/v2\/posts"}],"about":[{"href":"https:\/\/leiklist.is\/en\/wp-json\/wp\/v2\/types\/post"}],"author":[{"embeddable":true,"href":"https:\/\/leiklist.is\/en\/wp-json\/wp\/v2\/users\/3"}],"replies":[{"embeddable":true,"href":"https:\/\/leiklist.is\/en\/wp-json\/wp\/v2\/comments?post=1756"}],"version-history":[{"count":0,"href":"https:\/\/leiklist.is\/en\/wp-json\/wp\/v2\/posts\/1756\/revisions"}],"wp:featuredmedia":[{"embeddable":true,"href":"https:\/\/leiklist.is\/en\/wp-json\/"}],"wp:attachment":[{"href":"https:\/\/leiklist.is\/en\/wp-json\/wp\/v2\/media?parent=1756"}],"wp:term":[{"taxonomy":"category","embeddable":true,"href":"https:\/\/leiklist.is\/en\/wp-json\/wp\/v2\/categories?post=1756"},{"taxonomy":"post_tag","embeddable":true,"href":"https:\/\/leiklist.is\/en\/wp-json\/wp\/v2\/tags?post=1756"}],"curies":[{"name":"wp","href":"https:\/\/api.w.org\/{rel}","templated":true}]}}