{"id":1752,"date":"2008-02-28T10:08:49","date_gmt":"2008-02-28T10:08:49","guid":{"rendered":"http:\/\/wp.leiklist.is\/?p=1752"},"modified":"2008-02-28T10:08:49","modified_gmt":"2008-02-28T10:08:49","slug":"pr-og-rinn-snftur","status":"publish","type":"post","link":"https:\/\/leiklist.is\/en\/pr-og-rinn-snftur\/","title":{"rendered":"P\u00e9tur og \u00falfurinn sn\u00faa aftur"},"content":{"rendered":"<p>Hin s\u00edvins\u00e6la br\u00fa\u00f0us\u00fdning Bernds Ogrodnik um P\u00e9tur og \u00falfinn er \u00e1 lei\u00f0inni aftur \u00e1 fjalirnar \u00ed \u00dej\u00f3\u00f0leikh\u00fasinu. Verki\u00f0 byggir \u00e1 t\u00f3nlist og s\u00f6gu\u00fer\u00e6\u00f0i r\u00fassneska t\u00f3nsk\u00e1ldsins Sergei Prokofief en Bernd gerir br\u00fa\u00f0ur og st\u00fdrir \u00feeim \u00ed \u00feessari \u00e6gif\u00f6gru og st\u00f3rskemmtilegu s\u00fdningu sem sl\u00f3 \u00ed gegn hj\u00e1 \u00e1horfendum \u00e1 \u00f6llum aldri \u00ed vor. S\u00fdnt ver\u00f0ur \u00ed K\u00falunni, barnasvi\u00f0i \u00dej\u00f3\u00f0leikh\u00fassins \u00e1 Lindarg\u00f6tu 7 en \u00fear er s\u00fdningum \u00e1 barnaleikritinu G\u00f3\u00f0u kv\u00f6ldi eftir \u00c1slaugu J\u00f3nsd\u00f3ttur einmitt a\u00f0 lj\u00faka nk. sunnudag. Fyrsta s\u00fdningin \u00e1 P\u00e9tri og \u00falfinum ver\u00f0ur 2. mars en verki\u00f0 ver\u00f0ur a\u00f0eins s\u00fdnt \u00fe\u00e1 helgi og \u00fe\u00e1 n\u00e6stu. A\u00f0 \u00fev\u00ed loknu munu vinkonurnar Skoppa og Skr\u00edtla hrei\u00f0ra um sig \u00ed K\u00falunni me\u00f0 n\u00fdja s\u00fdningu.  <!--more--> <br \/> \u00a0\u00a0\u00a0\u00a0\u00a0\u00a0\u00a0\u00a0\u00a0\u00a0\u00a0 <br \/> Prokofief samdi P\u00e9tur og \u00falfinn \u00e1ri\u00f0 1936 fyrir Barnaleikh\u00fas Moskvuborgar. T\u00f3nverki\u00f0 er sami\u00f0 me\u00f0 \u00fea\u00f0 fyrir augum a\u00f0 kynna ungu f\u00f3lki heim s\u00edgildrar t\u00f3nlistar og \u00feau hlj\u00f3\u00f0f\u00e6ri sem leiki\u00f0 er \u00e1 \u00ed sinf\u00f3n\u00eduhlj\u00f3msveit. S\u00f6gunni er mi\u00f0la\u00f0 af s\u00f6gumanni og hlj\u00f3\u00f0f\u00e6rum sem t\u00falka hinar \u00f3l\u00edku pers\u00f3nur \u00ed verkinu. Prokofief samdi b\u00e6\u00f0i t\u00f3nlistina og textann, og byggir verki\u00f0 me\u00f0al annars \u00e1 minningum s\u00ednum \u00far bernsku. Allt fr\u00e1 \u00fev\u00ed a\u00f0 t\u00f3nverki\u00f0 P\u00e9tur og \u00falfurinn var frumflutt hefur \u00fea\u00f0 noti\u00f0 g\u00edfurlegra vins\u00e6lda og \u00fea\u00f0 hefur unni\u00f0 s\u00e9r fastan sess \u00e1 verkefnaskr\u00e1 hlj\u00f3msveita um allan heim. <br \/> \u00a0\u00a0\u00a0\u00a0\u00a0\u00a0\u00a0\u00a0\u00a0\u00a0\u00a0 <br \/> Bernd Ogrodnik hefur unni\u00f0 vi\u00f0 br\u00fa\u00f0uger\u00f0 og br\u00fa\u00f0ustj\u00f3rnun fyrir<br \/> leikh\u00fas, sj\u00f3nvarp og kvikmyndir v\u00ed\u00f0a um heim. Fyrsta br\u00fa\u00f0uger\u00f0arverkefni hans \u00e1 \u00cdslandi var kvikmyndin um Papp\u00edrs-P\u00e9sa. Hann hefur gert br\u00fa\u00f0ur fyrir tv\u00e6r leiks\u00fdningar \u00ed \u00dej\u00f3\u00f0leikh\u00fasinu, Klaufa og k\u00f3ngsd\u00e6tur og Koddamanninn. Hann setti einnig upp br\u00fa\u00f0us\u00fdningu fyrir fullor\u00f0na, Umbreytingu-Lj\u00f3\u00f0 \u00e1 hreyfingu, h\u00e9r \u00ed \u00dej\u00f3\u00f0leikh\u00fasinu \u00e1ri\u00f0 2006. Hann ger\u00f0i br\u00fa\u00f0ur fyrir Ronju r\u00e6ningjad\u00f3ttur \u00ed Borgarleikh\u00fasinu og Litlu hryllingsb\u00fa\u00f0ina hj\u00e1 Leikf\u00e9lagi Akureyrar. \u00c1ri\u00f0 2006 veitti<\/p>\n<p> \u00cdslandsdeild IBBY veitti Bernd vi\u00f0urkenningu fyrir framlag til barnamenningar \u00e1 \u00cdslandi. Bernd hefur ennfremur unni\u00f0 barnab\u00f3k um P\u00e9tur og \u00falfinn me\u00f0 myndum \u00far br\u00fa\u00f0us\u00fdningu sinni.<br \/> \u00a0\u00a0\u00a0\u00a0\u00a0\u00a0\u00a0\u00a0\u00a0\u00a0\u00a0 <br \/> Um b\u00faninga \u00ed s\u00fdningunni s\u00e9r Helga Bj\u00f6rt M\u00f6ller en hlj\u00f3\u00f0vinnslu annast Ari Baldursson. T\u00f3nlistin \u00ed s\u00fdningunni er upptaka Sinf\u00f3n\u00eduhlj\u00f3msveitar t\u00e9kkneska r\u00edkis\u00fatvarpsins \u00e1 P\u00e9tri og \u00falfinum sem ger\u00f0 var \u00e1ri\u00f0 1989. Hlj\u00f3msveitarstj\u00f3ri er Ondrej Lenard. <\/p>\n<p> {mos_fb_discuss:2} <\/p>","protected":false},"excerpt":{"rendered":"<p>Hin s\u00edvins\u00e6la br\u00fa\u00f0us\u00fdning Bernds Ogrodnik um P\u00e9tur og \u00falfinn er \u00e1 lei\u00f0inni aftur \u00e1 fjalirnar \u00ed \u00dej\u00f3\u00f0leikh\u00fasinu. Verki\u00f0 byggir \u00e1 t\u00f3nlist og s\u00f6gu\u00fer\u00e6\u00f0i r\u00fassneska t\u00f3nsk\u00e1ldsins Sergei Prokofief en Bernd gerir br\u00fa\u00f0ur og st\u00fdrir \u00feeim \u00ed \u00feessari \u00e6gif\u00f6gru og st\u00f3rskemmtilegu s\u00fdningu sem sl\u00f3 \u00ed gegn hj\u00e1 \u00e1horfendum \u00e1 \u00f6llum aldri \u00ed vor. S\u00fdnt ver\u00f0ur \u00ed K\u00falunni, [&hellip;]<\/p>\n","protected":false},"author":3,"featured_media":1751,"comment_status":"open","ping_status":"open","sticky":false,"template":"","format":"standard","meta":{"_et_pb_use_builder":"","_et_pb_old_content":"","_et_gb_content_width":"","footnotes":""},"categories":[187],"tags":[],"class_list":["post-1752","post","type-post","status-publish","format-standard","has-post-thumbnail","hentry","category-allar-frir","et-has-post-format-content","et_post_format-et-post-format-standard"],"_links":{"self":[{"href":"https:\/\/leiklist.is\/en\/wp-json\/wp\/v2\/posts\/1752","targetHints":{"allow":["GET"]}}],"collection":[{"href":"https:\/\/leiklist.is\/en\/wp-json\/wp\/v2\/posts"}],"about":[{"href":"https:\/\/leiklist.is\/en\/wp-json\/wp\/v2\/types\/post"}],"author":[{"embeddable":true,"href":"https:\/\/leiklist.is\/en\/wp-json\/wp\/v2\/users\/3"}],"replies":[{"embeddable":true,"href":"https:\/\/leiklist.is\/en\/wp-json\/wp\/v2\/comments?post=1752"}],"version-history":[{"count":0,"href":"https:\/\/leiklist.is\/en\/wp-json\/wp\/v2\/posts\/1752\/revisions"}],"wp:featuredmedia":[{"embeddable":true,"href":"https:\/\/leiklist.is\/en\/wp-json\/"}],"wp:attachment":[{"href":"https:\/\/leiklist.is\/en\/wp-json\/wp\/v2\/media?parent=1752"}],"wp:term":[{"taxonomy":"category","embeddable":true,"href":"https:\/\/leiklist.is\/en\/wp-json\/wp\/v2\/categories?post=1752"},{"taxonomy":"post_tag","embeddable":true,"href":"https:\/\/leiklist.is\/en\/wp-json\/wp\/v2\/tags?post=1752"}],"curies":[{"name":"wp","href":"https:\/\/api.w.org\/{rel}","templated":true}]}}