{"id":1694,"date":"2008-01-29T11:16:38","date_gmt":"2008-01-29T11:16:38","guid":{"rendered":"http:\/\/wp.leiklist.is\/?p=1694"},"modified":"2008-01-29T11:16:38","modified_gmt":"2008-01-29T11:16:38","slug":"ellesdemog-jagums","status":"publish","type":"post","link":"https:\/\/leiklist.is\/en\/ellesdemog-jagums\/","title":{"rendered":"\u00d3\u00feell\u00f3, Desdem\u00f3na og Jag\u00f3 frums\u00fdnt"},"content":{"rendered":"<p>\u00deann 30. jan\u00faar ver\u00f0ur samvinnuverkefni Draumasmi\u00f0junnar, Leikf\u00e9lags Reykjav\u00edkur og \u00cdslenska dansflokksins frums\u00fdnt \u00e1 litla svi\u00f0i Borgarleikh\u00fassins. Verki\u00f0 heitir \u00d3\u00feell\u00f3, Desdem\u00f3na og Jag\u00f3 og er n\u00fdst\u00e1rleg leikger\u00f0 Gunnars I. Gunnsteinssonar \u00e1 \u00d3\u00feell\u00f3 eftir William Shakespeare, en Gunnar er jafnframt leikstj\u00f3ri verksins.  <!--more--> <br \/> \u00a0<br \/> \u00cd s\u00fdningunni eru a\u00f0eins \u00ferj\u00fa hlutverk og hefur hvert hlutverkanna sitt eigi\u00f0 tj\u00e1ningarform, \u00fe.e.a.s. dans, t\u00e1knm\u00e1l og tala\u00f0 m\u00e1l. \u00deessum \u00f3l\u00edku tj\u00e1ningarformum er h\u00e9r stefnt saman og standa \u00feau annars vegar sj\u00e1lfst\u00e6\u00f0 e\u00f0a tvinnast saman \u00ed dramat\u00edska framvindu \u00f6rlaga \u00feriggja h\u00f6fu\u00f0pers\u00f3nanna \u00ed einu \u00feekktasta\u00a0 leikverki\u00a0 Shakespeare. Framsetning verksins er fyrst og fremst sj\u00f3nr\u00e6n, en \u00f6\u00f0rum skynf\u00e6rum er \u00fe\u00f3 einnig gert h\u00e1tt undir h\u00f6f\u00f0i me\u00f0 frumsaminni t\u00f3nlist eftir R\u00fanar \u00de\u00f3risson og lj\u00f3\u00f0r\u00e6nni \u00fe\u00fd\u00f0ingu Helga H\u00e1lfdanarsonar. M\u00e1 me\u00f0 sanni segja a\u00f0 h\u00e9r s\u00e9 \u00e1 fer\u00f0inni sannkalla\u00f0 augna og eyrnakonfekt fyrir alla sem unna sk\u00e1ldskap, fagurri list og langar a\u00f0 sj\u00e1 n\u00fdjar lei\u00f0ir farnar \u00ed leikh\u00fasinu.<br \/> \u00a0<br \/> \u00cd hlutverki \u00d3\u00feell\u00f3s er dansarinn Brad Sykes. Desdem\u00f3na er \u00ed h\u00f6ndum Elsu G. Bj\u00f6rnsd\u00f3ttur og Jag\u00f3 er leikinn af Hilmi Sn\u00e6 Gu\u00f0nasyni.\u00a0 A\u00f0rir a\u00f0standendur s\u00fdningarinnar eru \u00c1str\u00f3s Gunnarsd\u00f3ttir, dansh\u00f6fundur, Vignir J\u00f3hannsson myndlistarma\u00f0ur, sem hannar leikmyndina og Mar\u00eda \u00d3lafsd\u00f3ttir b\u00faningah\u00f6nnu\u00f0ur. Magn\u00fas Arnar Sigur\u00f0sson hannar l\u00fdsinguna en t\u00f3nlistin er \u00ed h\u00f6ndum R\u00fanars \u00de\u00f3rissonar, g\u00edtarleikara sem b\u00e6\u00f0i semur og flytur hana \u00e1 s\u00fdningum.\u00a0 Elsa G. Bj\u00f6rnsd\u00f3ttir og Hj\u00f6rd\u00eds Anna Haraldsd\u00f3ttir hafa \u00fe\u00fdtt texta Desdem\u00f3nu yfir \u00e1 t\u00e1knm\u00e1l og er \u00feetta \u00ed fyrsta skipti sem texti\u00a0Shakespeare er \u00fe\u00fdddur yfir \u00e1 t\u00e1knm\u00e1l. Uppsetningin er styrkt af Menntam\u00e1lar\u00e1\u00f0uneytinu.<\/p>\n<p> \u00a0<br \/> N\u00e6stu s\u00fdningar ver\u00f0a:<br \/> Sun. 3. febr\u00faar<br \/> Sun. 10 febr\u00faar<br \/> Lau. 16. febr\u00faar<br \/> Sun. 24. febr\u00faar<br \/> Fim. 28. febr\u00faar<br \/> \u00a0<br \/> Mi\u00f0asala \u00ed s\u00edma 568 8000 &#8211; Takmarka\u00f0ur s\u00fdningarfj\u00f6ldi! <\/p>\n<div align=\"right\"> {mos_fb_discuss:2} <\/div>","protected":false},"excerpt":{"rendered":"<p>\u00deann 30. jan\u00faar ver\u00f0ur samvinnuverkefni Draumasmi\u00f0junnar, Leikf\u00e9lags Reykjav\u00edkur og \u00cdslenska dansflokksins frums\u00fdnt \u00e1 litla svi\u00f0i Borgarleikh\u00fassins. Verki\u00f0 heitir \u00d3\u00feell\u00f3, Desdem\u00f3na og Jag\u00f3 og er n\u00fdst\u00e1rleg leikger\u00f0 Gunnars I. Gunnsteinssonar \u00e1 \u00d3\u00feell\u00f3 eftir William Shakespeare, en Gunnar er jafnframt leikstj\u00f3ri verksins.<\/p>","protected":false},"author":3,"featured_media":1693,"comment_status":"open","ping_status":"open","sticky":false,"template":"","format":"standard","meta":{"_et_pb_use_builder":"","_et_pb_old_content":"","_et_gb_content_width":"","footnotes":""},"categories":[187],"tags":[],"class_list":["post-1694","post","type-post","status-publish","format-standard","has-post-thumbnail","hentry","category-allar-frir","et-has-post-format-content","et_post_format-et-post-format-standard"],"_links":{"self":[{"href":"https:\/\/leiklist.is\/en\/wp-json\/wp\/v2\/posts\/1694","targetHints":{"allow":["GET"]}}],"collection":[{"href":"https:\/\/leiklist.is\/en\/wp-json\/wp\/v2\/posts"}],"about":[{"href":"https:\/\/leiklist.is\/en\/wp-json\/wp\/v2\/types\/post"}],"author":[{"embeddable":true,"href":"https:\/\/leiklist.is\/en\/wp-json\/wp\/v2\/users\/3"}],"replies":[{"embeddable":true,"href":"https:\/\/leiklist.is\/en\/wp-json\/wp\/v2\/comments?post=1694"}],"version-history":[{"count":0,"href":"https:\/\/leiklist.is\/en\/wp-json\/wp\/v2\/posts\/1694\/revisions"}],"wp:featuredmedia":[{"embeddable":true,"href":"https:\/\/leiklist.is\/en\/wp-json\/"}],"wp:attachment":[{"href":"https:\/\/leiklist.is\/en\/wp-json\/wp\/v2\/media?parent=1694"}],"wp:term":[{"taxonomy":"category","embeddable":true,"href":"https:\/\/leiklist.is\/en\/wp-json\/wp\/v2\/categories?post=1694"},{"taxonomy":"post_tag","embeddable":true,"href":"https:\/\/leiklist.is\/en\/wp-json\/wp\/v2\/tags?post=1694"}],"curies":[{"name":"wp","href":"https:\/\/api.w.org\/{rel}","templated":true}]}}