{"id":1692,"date":"2008-01-25T16:11:31","date_gmt":"2008-01-25T16:11:31","guid":{"rendered":"http:\/\/wp.leiklist.is\/?p=1692"},"modified":"2008-01-25T16:11:31","modified_gmt":"2008-01-25T16:11:31","slug":"magneir-orgarleikh","status":"publish","type":"post","link":"https:\/\/leiklist.is\/en\/magneir-orgarleikh\/","title":{"rendered":"Magn\u00fas Geir \u00ed Borgarleikh\u00fasi\u00f0"},"content":{"rendered":"<p>Magn\u00fas Geir \u00de\u00f3r\u00f0arson hefur veri\u00f0 r\u00e1\u00f0inn \u00ed st\u00f6\u00f0u leikh\u00fasstj\u00f3ra Borgarleikh\u00fassins. Stj\u00f3rn Leikf\u00e9lags Reykjav\u00edkur var einr\u00f3ma \u00ed vali s\u00ednu \u00e1 n\u00e6sta leikh\u00fasstj\u00f3ra. Inga J\u00f3na \u00de\u00f3r\u00f0ard\u00f3ttir, forma\u00f0ur stj\u00f3rnar LR, tilkynnti um r\u00e1\u00f0ninguna \u00e1 fundi me\u00f0 starfsf\u00f3lki Borgarleikh\u00fassins \u00ed h\u00e1deginu \u00ed dag. R\u00e1\u00f0i\u00f0 er \u00ed st\u00f6\u00f0u Borgarleikh\u00fasstj\u00f3ra til fj\u00f6gurra \u00e1ra \u00ed senn en Gu\u00f0j\u00f3n Pedersen, sem gegnt hefur starfinu s\u00ed\u00f0ustu \u00e1tta \u00e1r, l\u00e6tur af st\u00f6rfum \u00ed lok \u00feessa leik\u00e1rs.  <!--more--> <\/p>\n<p> Magn\u00fas Geir nam leikstj\u00f3rn vi\u00f0 The Bristol Old Vic Theatre School, er master \u00ed leikh\u00fasfr\u00e6\u00f0um fr\u00e1 The University of Wales, og MBA fr\u00e1 H\u00e1sk\u00f3lanum \u00ed Reykjav\u00edk. Hann hefur leikst\u00fdrt fj\u00f6lda leiks\u00fdninga.  Me\u00f0al uppsetninga hans eru Stone Free \u00ed Borgarleikh\u00fasinu, Ve\u00f0m\u00e1li\u00f0, Hedwig og Elda\u00f0 me\u00f0 Elvis \u00ed Loftkastalanum, Stars in the Morning Sky \u00ed Edinborg og Vicious Circle \u00ed Bristol og London.  Magn\u00fas Geir var leikh\u00fasstj\u00f3ri Leikf\u00e9lags \u00cdslands um fimm \u00e1ra skei\u00f0. Me\u00f0al s\u00fdninga sem hann leikst\u00fdr\u00f0i fyrir f\u00e9lagi\u00f0 \u00ed I\u00f0n\u00f3 voru Stj\u00f6rnur \u00e1 morgunhimni, Romm\u00ed, Leitum a\u00f0 ungri st\u00falku, \u00de\u00fasund eyja s\u00f3sa og R\u00fam fyrir einn. \u00de\u00e1 leikst\u00fdr\u00f0i hann \u00f3perunum D\u00edd\u00f3 og Eneas og Kr\u00fdning Poppeu \u00ed Borgarleikh\u00fasinu og Sweeney Todd \u00ed \u00cdslensku \u00f3perunni. Magn\u00fas Geir hefur veri\u00f0 leikh\u00fasstj\u00f3ri LA fr\u00e1 \u00fev\u00ed \u00ed apr\u00edl 2004. <\/p>\n<p> Hann hefur \u00ed leikh\u00fasstj\u00f3rat\u00ed\u00f0 sinni hj\u00e1 LA leikst\u00fdrt <a href=\"http:\/\/www.leikfelag.is\/default.asp?page_id=5406\">\u00d3liver<\/a>!, <a href=\"http:\/\/www.leikfelag.is\/default.asp?page_id=5546\">Fullkomnu br\u00fa\u00f0kaupi<\/a>,  <a href=\"http:\/\/www.leikfelag.is\/default.asp?page_id=5547\">Litlu hryllingsb\u00fa\u00f0inni<\/a> og <a href=\"http:\/\/www.leikfelag.is\/default.asp?page_id=7113\">Sv\u00f6rtum ketti<\/a> fyrir LA. Fullkomi\u00f0 br\u00fa\u00f0kaup er vins\u00e6lasta s\u00fdning LA fr\u00e1 upphafi. \u00d3liver! hlaut Gr\u00edmuna \u00e1ri\u00f0 2005 sem s\u00fdning \u00e1rsins a\u00f0 mati \u00e1horfenda. <\/p>\n<p> {mos_fb_discuss:3} \u00a0 <\/p>","protected":false},"excerpt":{"rendered":"<p>Magn\u00fas Geir \u00de\u00f3r\u00f0arson hefur veri\u00f0 r\u00e1\u00f0inn \u00ed st\u00f6\u00f0u leikh\u00fasstj\u00f3ra Borgarleikh\u00fassins. Stj\u00f3rn Leikf\u00e9lags Reykjav\u00edkur var einr\u00f3ma \u00ed vali s\u00ednu \u00e1 n\u00e6sta leikh\u00fasstj\u00f3ra. Inga J\u00f3na \u00de\u00f3r\u00f0ard\u00f3ttir, forma\u00f0ur stj\u00f3rnar LR, tilkynnti um r\u00e1\u00f0ninguna \u00e1 fundi me\u00f0 starfsf\u00f3lki Borgarleikh\u00fassins \u00ed h\u00e1deginu \u00ed dag. R\u00e1\u00f0i\u00f0 er \u00ed st\u00f6\u00f0u Borgarleikh\u00fasstj\u00f3ra til fj\u00f6gurra \u00e1ra \u00ed senn en Gu\u00f0j\u00f3n Pedersen, sem gegnt hefur [&hellip;]<\/p>\n","protected":false},"author":3,"featured_media":1691,"comment_status":"open","ping_status":"open","sticky":false,"template":"","format":"standard","meta":{"_et_pb_use_builder":"","_et_pb_old_content":"","_et_gb_content_width":"","footnotes":""},"categories":[187],"tags":[],"class_list":["post-1692","post","type-post","status-publish","format-standard","has-post-thumbnail","hentry","category-allar-frir","et-has-post-format-content","et_post_format-et-post-format-standard"],"_links":{"self":[{"href":"https:\/\/leiklist.is\/en\/wp-json\/wp\/v2\/posts\/1692","targetHints":{"allow":["GET"]}}],"collection":[{"href":"https:\/\/leiklist.is\/en\/wp-json\/wp\/v2\/posts"}],"about":[{"href":"https:\/\/leiklist.is\/en\/wp-json\/wp\/v2\/types\/post"}],"author":[{"embeddable":true,"href":"https:\/\/leiklist.is\/en\/wp-json\/wp\/v2\/users\/3"}],"replies":[{"embeddable":true,"href":"https:\/\/leiklist.is\/en\/wp-json\/wp\/v2\/comments?post=1692"}],"version-history":[{"count":0,"href":"https:\/\/leiklist.is\/en\/wp-json\/wp\/v2\/posts\/1692\/revisions"}],"wp:featuredmedia":[{"embeddable":true,"href":"https:\/\/leiklist.is\/en\/wp-json\/"}],"wp:attachment":[{"href":"https:\/\/leiklist.is\/en\/wp-json\/wp\/v2\/media?parent=1692"}],"wp:term":[{"taxonomy":"category","embeddable":true,"href":"https:\/\/leiklist.is\/en\/wp-json\/wp\/v2\/categories?post=1692"},{"taxonomy":"post_tag","embeddable":true,"href":"https:\/\/leiklist.is\/en\/wp-json\/wp\/v2\/tags?post=1692"}],"curies":[{"name":"wp","href":"https:\/\/api.w.org\/{rel}","templated":true}]}}