{"id":1649,"date":"2007-12-06T13:24:00","date_gmt":"2007-12-06T13:24:00","guid":{"rendered":"http:\/\/wp.leiklist.is\/?p=1649"},"modified":"2007-12-06T13:24:00","modified_gmt":"2007-12-06T13:24:00","slug":"gar-tr-stal-jum","status":"publish","type":"post","link":"https:\/\/leiklist.is\/en\/gar-tr-stal-jum\/","title":{"rendered":"\u00deegar Tr\u00f6lli stal j\u00f3lunum"},"content":{"rendered":"<p> Sunnudaginn 9. desember klukkan 14:00 frums\u00fdnir Leikf\u00e9lag Mosfellssveitar \u00ed B\u00e6jarleikh\u00fasinu leikriti\u00f0 <em>\u00deegar Tr\u00f6lli stal j\u00f3lunum<\/em>. \u00dea\u00f0 er unglingah\u00f3pur leikf\u00e9lagsins, krakkar \u00e1 aldrinum 13-16 \u00e1ra, sem stendur a\u00f0 uppsetningunni, en leikstj\u00f3rar eru Sigr\u00fan Har\u00f0ard\u00f3ttir og Agnes \u00deorkelsd\u00f3ttir Wild.   <\/p>\n<p> &nbsp; <\/p>\n<p>  <!--more--> <\/p>\n<p> H\u00f6fundur verksins er Dr. Seuss og er leikger\u00f0 unnin upp \u00far \u00edslenskri \u00fe\u00fd\u00f0ingu \u00deorsteins Valdimarssonar \u00e1 b\u00f3kinni og b\u00ed\u00f3mynd af Agnesi \u00deorkelsd\u00f3ttur Wild.  Alls koma \u00ferj\u00e1t\u00edu manns a\u00f0 s\u00fdningunni. \u00deetta er leiks\u00fdning sem b\u00f6rn og fullor\u00f0nir \u00e6ttu ekki a\u00f0 l\u00e1ta fram hj\u00e1 s\u00e9r fara.  Mi\u00f0aver\u00f0 a\u00f0eins kr\u00f3nur 1000,-<\/p>\n<p> S\u00fdningar ver\u00f0a \u00e1 eftirfarandi t\u00edmum \u00ed B\u00e6jarleikh\u00fasinu \u00ed Mosfellsb\u00e6:<\/p>\n<p> <em> Frums\u00fdning 09.12.07 sunnudagur kl.14:00 <strong>Uppselt<\/strong><br \/> 2. s\u00fdning 11.12.07 \u00feri\u00f0judaur    kl.19:00<br \/> 3. s\u00fdning  2.12.07 mi\u00f0vikudagur    kl.19:00<br \/> 4. s\u00fdning 13.12.07 fimmtudagur    kl.19:00<br \/> 5. s\u00fdning 14.12.07 f\u00f6studagur    kl.19:00<br \/> 6. s\u00fdning 20.12.07 fimmtudagur    kl.19:00<br \/> 7. s\u00fdning 21.12.07 f\u00f6studagur    kl.19:00<br \/> 8. s\u00fdning 22.12.07 laugardagur    kl.14:00<\/em> <\/p>\n<p> Mi\u00f0asala er \u00ed s\u00edma 5 66 77 88, sj\u00e1 n\u00e1nar \u00e1 www.leikmos.is\u00a0 <\/p>","protected":false},"excerpt":{"rendered":"<p>Sunnudaginn 9. desember klukkan 14:00 frums\u00fdnir Leikf\u00e9lag Mosfellssveitar \u00ed B\u00e6jarleikh\u00fasinu leikriti\u00f0 \u00deegar Tr\u00f6lli stal j\u00f3lunum. \u00dea\u00f0 er unglingah\u00f3pur leikf\u00e9lagsins, krakkar \u00e1 aldrinum 13-16 \u00e1ra, sem stendur a\u00f0 uppsetningunni, en leikstj\u00f3rar eru Sigr\u00fan Har\u00f0ard\u00f3ttir og Agnes \u00deorkelsd\u00f3ttir Wild. &nbsp;<\/p>","protected":false},"author":3,"featured_media":1648,"comment_status":"open","ping_status":"open","sticky":false,"template":"","format":"standard","meta":{"_et_pb_use_builder":"","_et_pb_old_content":"","_et_gb_content_width":"","footnotes":""},"categories":[187],"tags":[],"class_list":["post-1649","post","type-post","status-publish","format-standard","has-post-thumbnail","hentry","category-allar-frir","et-has-post-format-content","et_post_format-et-post-format-standard"],"_links":{"self":[{"href":"https:\/\/leiklist.is\/en\/wp-json\/wp\/v2\/posts\/1649","targetHints":{"allow":["GET"]}}],"collection":[{"href":"https:\/\/leiklist.is\/en\/wp-json\/wp\/v2\/posts"}],"about":[{"href":"https:\/\/leiklist.is\/en\/wp-json\/wp\/v2\/types\/post"}],"author":[{"embeddable":true,"href":"https:\/\/leiklist.is\/en\/wp-json\/wp\/v2\/users\/3"}],"replies":[{"embeddable":true,"href":"https:\/\/leiklist.is\/en\/wp-json\/wp\/v2\/comments?post=1649"}],"version-history":[{"count":0,"href":"https:\/\/leiklist.is\/en\/wp-json\/wp\/v2\/posts\/1649\/revisions"}],"wp:featuredmedia":[{"embeddable":true,"href":"https:\/\/leiklist.is\/en\/wp-json\/"}],"wp:attachment":[{"href":"https:\/\/leiklist.is\/en\/wp-json\/wp\/v2\/media?parent=1649"}],"wp:term":[{"taxonomy":"category","embeddable":true,"href":"https:\/\/leiklist.is\/en\/wp-json\/wp\/v2\/categories?post=1649"},{"taxonomy":"post_tag","embeddable":true,"href":"https:\/\/leiklist.is\/en\/wp-json\/wp\/v2\/tags?post=1649"}],"curies":[{"name":"wp","href":"https:\/\/api.w.org\/{rel}","templated":true}]}}