{"id":1627,"date":"2007-11-19T11:28:27","date_gmt":"2007-11-19T11:28:27","guid":{"rendered":"http:\/\/wp.leiklist.is\/?p=1627"},"modified":"2020-03-02T09:53:33","modified_gmt":"2020-03-02T09:53:33","slug":"leikilith","status":"publish","type":"post","link":"https:\/\/leiklist.is\/en\/leikilith\/","title":{"rendered":"Leiki\u00f0 \u00ed Lith\u00e1en"},"content":{"rendered":"<p>Leikf\u00e9lag Selfoss br\u00e1 \u00e1 haustd\u00f6gum undir sig betri f\u00e6tinum og f\u00f3r me\u00f0 s\u00fdninguna Hnerrinn, eftir Anton Chekov \u00e1 leiklistarh\u00e1t\u00ed\u00f0 \u00ed Roskisis \u00ed Lith\u00e1en. Forma\u00f0ur f\u00e9lagsins, Gu\u00f0finna Gunnarsd\u00f3ttir, var \u00ed leikh\u00f3pnum og rita\u00f0i fer\u00f0as\u00f6gu sem h\u00e9r er birt me\u00f0 g\u00f3\u00f0f\u00faslegu leyfi Su\u00f0urgluggans.  <!--more--> <br \/> F\u00e9lagar \u00far Leikf\u00e9lagi Selfoss eru n\u00fdkomnir heim \u00far leikfer\u00f0 til Lith\u00e1en \u00fear sem h\u00f3purinn t\u00f3k \u00fe\u00e1tt \u00ed leiklistarh\u00e1t\u00ed\u00f0inni Interrampa 2007 me\u00f0 s\u00fdninguna Hnerrinn eftir Anton Chekov. Fer\u00f0in t\u00f3kst \u00ed alla sta\u00f0i vel og var h\u00f3pnum einkar vel teki\u00f0. Er \u00feetta fyrsta leikfer\u00f0 f\u00e9lagsins \u00ed 23 \u00e1r, en s\u00ed\u00f0ast f\u00f3r Leikf\u00e9lagi\u00f0 \u00e1 vi\u00f0l\u00edka h\u00e1t\u00ed\u00f0 sem haldin var \u00e1 \u00cdrlandi. F\u00f6rinni var heiti\u00f0 til b\u00e6jarins Rokiskis, b\u00e6jar \u00e1 st\u00e6r\u00f0 vi\u00f0 \u00c1rborg sem liggur nor\u00f0arlega \u00ed Lith\u00e1en n\u00e1l\u00e6gt landam\u00e6rum Lettlands. Rokiskis er r\u00f3ma\u00f0ur mj\u00f3lkurframlei\u00f0slub\u00e6r og ostarnir sem \u00fear sem framleiddir eru v\u00ed\u00f0fr\u00e6gir og voru b\u00e6jarb\u00faar mj\u00f6g hissa og \u00e1n\u00e6g\u00f0ir a\u00f0 heyra a\u00f0 \u00ed heimab\u00e6 \u00cdslenska h\u00f3psins v\u00e6ri einnig vi\u00f0amikil framlei\u00f0sla \u00e1 mj\u00f3lkurafur\u00f0um. <\/p>\n<p> H\u00f3purinn t\u00e9kka\u00f0i sig og sitt hafurtask eldsnemma inn til \u00feess a\u00f0 tryggja n\u00fa a\u00f0 allt k\u00e6mist me\u00f0, en \u00ed farangrinum leyndust \u00fdmsir undarlegir leikh\u00fasmunir eins og gardd\u00ednustangir, ni\u00f0ursaga\u00f0ur hestvagn, uppstoppu\u00f0 rj\u00fapa og tv\u00e6r leikfangaskammbyssur. Skammbyssurnar atarna ur\u00f0u til \u00feess a\u00f0 framkv\u00e6mdastj\u00f3ri Bandalags \u00edslenskra leikf\u00e9laga, Vilborg Valgar\u00f0sd\u00f3ttir, var kalla\u00f0ur upp og h\u00fan l\u00e1tin m\u00e6ta til \u00f6ryggisg\u00e6slunnar \u00fear sem taskan me\u00f0 byssunum g\u00f3\u00f0u var \u00f3vart t\u00e9kku\u00f0 inn \u00e1 hennar nafni. Ger\u00f0ur Sigur\u00f0ard\u00f3ttir, stj\u00f3rnarli\u00f0i, redda\u00f0i m\u00e1linu me\u00f0 bl\u00ed\u00f0m\u00e6gli sinni og n\u00e1\u00f0i a\u00f0 sannf\u00e6ra \u00f6ryggisver\u00f0i um a\u00f0 byssurnar v\u00e6ru ekki \u00e1 lei\u00f0inni til \u00fatlanda til vafasamra verka. Fer\u00f0in \u00fat gekk a\u00f0 \u00f6\u00f0ru leyti vel, millilent var \u00ed Kaupmannah\u00f6fn og \u00fea\u00f0an flogi\u00f0 til Viln\u00edus, h\u00f6fu\u00f0borgar Lith\u00e1en. \u00dear bei\u00f0 okkar h\u00f3pur af leikurum fr\u00e1 R\u00fasslandi og Hollandi sem voru samfer\u00f0a okkur \u00ed r\u00fatu til Rokiskis. Eftir a\u00f0 hafa seti\u00f0 \u00ed aldagamalli r\u00fatu \u00ed r\u00fama \u00ferj\u00e1 t\u00edma var loksins komi\u00f0 \u00e1 \u00e1fangasta\u00f0 og teki\u00f0 vel \u00e1 m\u00f3ti h\u00f3pnum. <\/p>\n<p> H\u00e1t\u00ed\u00f0in var sett daginn eftir, en \u00e1\u00f0ur en h\u00fan h\u00f3fst, var fari\u00f0 \u00ed sko\u00f0unarfer\u00f0 me\u00f0 h\u00f3pinn um b\u00e6inn og sko\u00f0a\u00f0 athyglisvert safn um sv\u00e6\u00f0i\u00f0 sem sett hefur veri\u00f0 upp \u00ed h\u00f6ll greifa nokkurs sem h\u00e9t Jonas, en ansi margir karlmenn \u00ed Lith\u00e1en eru nefndir Jonas. Greifi \u00feessi \u00e1tti landi\u00f0 \u00fear sem Rokiskis stendur \u00ed dag og andsp\u00e6nis h\u00f6llinni sko\u00f0u\u00f0um vi\u00f0 fallega kirkju sem stendur \u00ed mi\u00f0jum b\u00e6num. Einnig fengum vi\u00f0 a\u00f0 sko\u00f0a svi\u00f0i\u00f0 \u00fear sem vi\u00f0 \u00e1ttum a\u00f0 s\u00fdna og reyndist \u00fea\u00f0 vera risast\u00f3rt, alv\u00f6ru svi\u00f0 \u00e1 st\u00e6r\u00f0 vi\u00f0 svi\u00f0i\u00f0 \u00ed fr\u00e1farandi, fyrirhugu\u00f0um, fyrrverandi menningarsal H\u00f3tel Selfoss. Sviti spratt fram \u00e1 ennum manna og h\u00f3fust a\u00f0 sj\u00e1lfs\u00f6g\u00f0u miklar spek\u00falasj\u00f3nir um hvernig vi\u00f0 g\u00e6tum gert okkur brei\u00f0ari og st\u00e6rri \u00e1 alla kanta til a\u00f0 koma vel \u00fat \u00e1 st\u00e6rra svi\u00f0i. \u00dea\u00f0 var\u00f0 svo seinni t\u00edma vandam\u00e1l, \u00fear sem vi\u00f0 \u00e1ttum a\u00f0 s\u00fdna \u00e1 h\u00e1degi \u00e1 sunnudegi og fengum ekki a\u00f0gang a\u00f0 svi\u00f0inu fyrr en seint \u00e1 laugardagskv\u00f6ldi. Leikstj\u00f3rinn H\u00f6r\u00f0ur Sigur\u00f0arson, \u00e1\u00f0urnefnd Vilborg og Gu\u00f0finna Gunnarsd\u00f3ttir, forma\u00f0ur Leikf\u00e9lagsins, f\u00f3ru \u00ed s\u00e9rstaka m\u00f3tt\u00f6ku hj\u00e1 b\u00e6jarstj\u00f3ra Rokiskis og voru leyst \u00fea\u00f0an \u00fat me\u00f0 gj\u00f6fum og nota\u00f0i forma\u00f0urinn t\u00e6kif\u00e6ri\u00f0 og afhenti b\u00e6jarstj\u00f3ranum myndab\u00f3k um \u00cdsland. Stressi var \u00fev\u00ed \u00fdtt til hli\u00f0ar og einbeitti f\u00f3lk s\u00e9r a\u00f0 \u00fev\u00ed a\u00f0 sko\u00f0a hva\u00f0 a\u00f0rir h\u00f3par hef\u00f0u fram a\u00f0 f\u00e6ra. Dagskr\u00e1in var \u00fe\u00e9tt og t\u00edminn lei\u00f0 hratt. Til vi\u00f0b\u00f3tar vi\u00f0 a\u00f0 horfa \u00e1 s\u00fdningar fr\u00e1 Lith\u00e1en, Eistlandi, R\u00fasslandi, Lettlandi og Hollandi, s\u00e1 hver h\u00f3pur um svok\u00f6llu\u00f0 workshop, \u00fear sem leikh\u00f3parnir kynntu s\u00edna starfsemi og t\u00f6lu\u00f0u um verkefnin s\u00edn. Einnig f\u00f3ru fram umr\u00e6\u00f0ur um allar s\u00fdningarnar \u00fear sem s\u00e9rfr\u00e6\u00f0ingar r\u00e6ddu um hvernig til hef\u00f0i tekist. <\/p>\n<p> <img loading=\"lazy\" decoding=\"async\" class=\"alignleft size-full wp-image-1626\" style=\"margin: 12px; float: left; width: 300px; height: 225px\" src=\"https:\/\/leiklist.is\/wp-content\/uploads\/2007\/11\/Adildarfelog_Sudur_Selfoss_06_07_lithaenhopur.jpg\" alt=\"lithaenhopur.jpg\" title=\"lithaenhopur.jpg\" width=\"300\" height=\"225\" \/>\u00c1 kv\u00f6ldin var bo\u00f0i\u00f0 upp \u00e1 samveru me\u00f0 \u00fdmsum upp\u00e1komum fr\u00e1 heimam\u00f6nnum, eitt kv\u00f6ldi\u00f0 sungu \u00fej\u00f3\u00f0dansarar og d\u00f6nsu\u00f0u og n\u00f6rru\u00f0u alla \u00ed dans me\u00f0 s\u00e9r sem var einkar skemmtilegt. Anna\u00f0 kv\u00f6ld var t\u00edskus\u00fdning fr\u00e1 h\u00f6nnu\u00f0um af sv\u00e6\u00f0inu, sem vakti mikla eftirtekt og lokakv\u00f6ldi\u00f0 h\u00f3fst me\u00f0 formlegri lokah\u00e1t\u00ed\u00f0 me\u00f0 tilheyrandi r\u00e6\u00f0uh\u00f6ldum og klappi. Eftir \u00fea\u00f0 var h\u00e1t\u00ed\u00f0arlokum fagna\u00f0 miki\u00f0 og lengi og kom \u00ed lj\u00f3s a\u00f0 R\u00fassar og \u00cdslendingar virtust eiga skap saman og s\u00e1tu saman sungu til skiptis r\u00fassnesk og \u00edslensk \u00fej\u00f3\u00f0l\u00f6g og v\u00edsur. Ekki virtist tungum\u00e1li\u00f0 skipta m\u00e1li \u00ed \u00feeim samskiptum.<\/p>\n<p> Kv\u00f6ldi\u00f0 fyrir s\u00fdningu fengum vi\u00f0 salinn afhentan til uppsetningar og t\u00f3k t\u00e6knili\u00f0 til \u00f3spilltra m\u00e1lanna a\u00f0 laga lj\u00f3s og gr\u00e6ja leiktj\u00f6ld. Finna \u00feurfti allskonar h\u00fasg\u00f6gn til a\u00f0 nota \u00ed s\u00fdningunni og st\u00fassast miki\u00f0. T\u00e6knili\u00f0i\u00f0 f\u00e9kk \u00fev\u00ed l\u00edtinn n\u00e6tursvefn og var a\u00f0 alla n\u00f3ttina. Svo var t\u00e6knirennsli eldsnemma um morguninn, enda fl\u00f3kin s\u00fdning me\u00f0 miki\u00f0 af skiptingum sem \u00feurftu a\u00f0 ganga upp. H\u00e1lft\u00edma fyrir s\u00fdningu var allt kl\u00e1rt, leikarar smelltu s\u00e9r \u00ed b\u00faninga og dr\u00f3gu andann dj\u00fapt. S\u00fdningin gekk fr\u00e1b\u00e6rlega vel og f\u00e9kk mj\u00f6g f\u00ednar vi\u00f0t\u00f6kur. \u00cd umr\u00e6\u00f0um eftir s\u00fdninguna var allri umgj\u00f6r\u00f0 hr\u00f3sa\u00f0 miki\u00f0 og miki\u00f0 tala\u00f0 um hversu vel okkur hef\u00f0i tekist til a\u00f0 endurspegla hinn sanna Chekovska anda. \u00de\u00f3 svo a\u00f0 f\u00f3lk hef\u00f0i ekki skili\u00f0 eitt aukateki\u00f0 or\u00f0 \u00ed leikritinu, \u00fe\u00e1 virtist sem s\u00f6gurnar hafi skila\u00f0 s\u00e9r og vorum vi\u00f0 mj\u00f6g \u00e1n\u00e6g\u00f0 me\u00f0 \u00fea\u00f0. \u00dea\u00f0 sem j\u00f3k enn meira \u00e1 \u00e1n\u00e6gju okkar var a\u00f0 r\u00fassarnir voru h\u00e6st\u00e1n\u00e6g\u00f0ir me\u00f0 s\u00fdninguna og n\u00e1lgu\u00f0ust formann f\u00e9lagsins s\u00e9rstaklega til a\u00f0 \u00feakka fyrir sig og s\u00f6g\u00f0u a\u00f0 Chekov v\u00e6ri \u00feeim s\u00e9rstaklega hjartf\u00f3lginn h\u00f6fundur og ekki \u00e1 allra f\u00e6ri a\u00f0 t\u00falka hann, en okkur hef\u00f0i tekist \u00fea\u00f0 vel. R\u00fassarnir vildu einnig bj\u00f3\u00f0a okkur a\u00f0 koma me\u00f0 s\u00fdninguna til R\u00fasslands, en \u00fea\u00f0 \u00e1 allt eftir a\u00f0 koma \u00ed lj\u00f3s.<\/p>\n<p> Vi\u00f0 \u00f6ndu\u00f0um l\u00e9ttar, skelltum okkur \u00ed mat, enginn t\u00edmi til a\u00f0 hv\u00edla sig og f\u00f3rum svo a\u00f0 horfa \u00e1 fleiri s\u00fdningar. Telst okkur til a\u00f0 alls h\u00f6fum vi\u00f0 s\u00e9\u00f0 n\u00edu s\u00fdningar \u00ed \u00fea\u00f0 heila, allar s\u00fdningar fyrir utan okkar eigin a\u00f0 sj\u00e1lfs\u00f6g\u00f0u. \u00de\u00e6r voru misjafnar eins og \u00fe\u00e6r voru margar, en \u00f3tr\u00falega magna\u00f0 a\u00f0 upplifa \u00fea\u00f0 a\u00f0 horfa \u00e1 s\u00fdningu \u00e1 framandi tungum\u00e1li og skilja alveg hva\u00f0 veri\u00f0 var a\u00f0 segja. Leikh\u00fasi\u00f0 virkar bara \u00feannig. <\/p>\n<p> Eftir a\u00f0 hafa kvatt lei\u00f0s\u00f6gumenn og umsj\u00f3narmenn me\u00f0 kostum og vilyr\u00f0um og viljayfirl\u00fdsingum um \u00e1framhald \u00e1 samskiptum og g\u00f3\u00f0um kynnum, var h\u00f3pnum r\u00falla\u00f0 upp \u00ed r\u00fatu og f\u00f6rinni heiti\u00f0 til h\u00f6fu\u00f0sta\u00f0arins Viln\u00edus \u00fear sem h\u00f3purinn nota\u00f0i t\u00e6kif\u00e6ri\u00f0 og hv\u00edldi l\u00fain bein og t\u00f3k \u00fat spennufall eftir helgina. <\/p>\n<p> Vi\u00f0 \u00ed Leikf\u00e9lagi Selfoss viljum \u00feakka \u00f6llum \u00feeim sem veittu fer\u00f0inni brautargengi me\u00f0 \u00f3metanlegum stu\u00f0ningi og l\u00edtum bj\u00f6rtum augum til frekara menningarsamskipta heima og heiman. Leikum N\u00fana!<\/p>\n<p> Hnerrali\u00f0i\u00f0 \u00ed Leikf\u00e9lagi Selfoss<\/p>","protected":false},"excerpt":{"rendered":"<p>Leikf\u00e9lag Selfoss br\u00e1 \u00e1 haustd\u00f6gum undir sig betri f\u00e6tinum og f\u00f3r me\u00f0 s\u00fdninguna Hnerrinn, eftir Anton Chekov \u00e1 leiklistarh\u00e1t\u00ed\u00f0 \u00ed Roskisis \u00ed Lith\u00e1en. Forma\u00f0ur f\u00e9lagsins, Gu\u00f0finna Gunnarsd\u00f3ttir, var \u00ed leikh\u00f3pnum og rita\u00f0i fer\u00f0as\u00f6gu sem h\u00e9r er birt me\u00f0 g\u00f3\u00f0f\u00faslegu leyfi Su\u00f0urgluggans.<\/p>","protected":false},"author":3,"featured_media":1625,"comment_status":"open","ping_status":"open","sticky":false,"template":"","format":"standard","meta":{"_et_pb_use_builder":"","_et_pb_old_content":"","_et_gb_content_width":"","footnotes":""},"categories":[200],"tags":[],"class_list":["post-1627","post","type-post","status-publish","format-standard","has-post-thumbnail","hentry","category-markvert","et-has-post-format-content","et_post_format-et-post-format-standard"],"_links":{"self":[{"href":"https:\/\/leiklist.is\/en\/wp-json\/wp\/v2\/posts\/1627","targetHints":{"allow":["GET"]}}],"collection":[{"href":"https:\/\/leiklist.is\/en\/wp-json\/wp\/v2\/posts"}],"about":[{"href":"https:\/\/leiklist.is\/en\/wp-json\/wp\/v2\/types\/post"}],"author":[{"embeddable":true,"href":"https:\/\/leiklist.is\/en\/wp-json\/wp\/v2\/users\/3"}],"replies":[{"embeddable":true,"href":"https:\/\/leiklist.is\/en\/wp-json\/wp\/v2\/comments?post=1627"}],"version-history":[{"count":0,"href":"https:\/\/leiklist.is\/en\/wp-json\/wp\/v2\/posts\/1627\/revisions"}],"wp:featuredmedia":[{"embeddable":true,"href":"https:\/\/leiklist.is\/en\/wp-json\/"}],"wp:attachment":[{"href":"https:\/\/leiklist.is\/en\/wp-json\/wp\/v2\/media?parent=1627"}],"wp:term":[{"taxonomy":"category","embeddable":true,"href":"https:\/\/leiklist.is\/en\/wp-json\/wp\/v2\/categories?post=1627"},{"taxonomy":"post_tag","embeddable":true,"href":"https:\/\/leiklist.is\/en\/wp-json\/wp\/v2\/tags?post=1627"}],"curies":[{"name":"wp","href":"https:\/\/api.w.org\/{rel}","templated":true}]}}