{"id":14870,"date":"2020-02-26T19:32:12","date_gmt":"2020-02-26T19:32:12","guid":{"rendered":"https:\/\/leiklist.is\/?p=14870"},"modified":"2020-06-16T22:52:48","modified_gmt":"2020-06-16T22:52:48","slug":"leiklistarskoli-bil-2020","status":"publish","type":"post","link":"https:\/\/leiklist.is\/en\/leiklistarskoli-bil-2020\/","title":{"rendered":"Leiklistarsk\u00f3li B\u00cdL 2020"},"content":{"rendered":"<p>[et_pb_section fb_built=&#8220;1&#8243; _builder_version=&#8220;3.22&#8243;][et_pb_row _builder_version=&#8220;3.25&#8243; background_size=&#8220;initial&#8220; background_position=&#8220;top_left&#8220; background_repeat=&#8220;repeat&#8220;][et_pb_column type=&#8220;4_4&#8243; _builder_version=&#8220;3.0.47&#8243; custom_padding=&#8220;|||&#8220; custom_padding__hover=&#8220;|||&#8220;][et_pb_text _builder_version=&#8220;4.4.1&#8243; hover_enabled=&#8220;0&#8243;]<\/p>\n<h4><span style=\"color: #ff0000;\"><strong>Leiklistarsk\u00f3li B\u00cdL var felldur ni\u00f0ur \u00ed \u00e1r vegna Covid-19. Sk\u00f3linn ver\u00f0ur haldinn 12.-19. j\u00fan\u00ed \u00e1ri\u00f0 2021.<\/strong><\/span><\/h4>\n<h4><strong>Starfst\u00edmi sk\u00f3lans er a\u00f0 \u00feessu sinni 13. &#8211; 21. j\u00fan\u00ed 2020 Reykjask\u00f3la \u00ed Hr\u00fatafir\u00f0i<\/strong><\/h4>\n<p><a href=\"https:\/\/leiklist.is\/wp-content\/uploads\/2020\/03\/Leiklistarskoli2020web.pdf\">B\u00e6klingur Leiklistarsk\u00f3lans 2020 \u00e1 PDF<\/a>.<\/p>\n<hr \/>\n<h4><img loading=\"lazy\" decoding=\"async\" class=\"alignright wp-image-21120 size-medium\" src=\"https:\/\/leiklist.is\/wp-content\/uploads\/2020\/02\/skolafolk-300x83.jpg\" alt=\"\" width=\"300\" height=\"83\" srcset=\"https:\/\/leiklist.is\/wp-content\/uploads\/2020\/02\/skolafolk-300x83.jpg 300w, https:\/\/leiklist.is\/wp-content\/uploads\/2020\/02\/skolafolk-600x167.jpg 600w, https:\/\/leiklist.is\/wp-content\/uploads\/2020\/02\/skolafolk-1024x284.jpg 1024w, https:\/\/leiklist.is\/wp-content\/uploads\/2020\/02\/skolafolk-768x213.jpg 768w, https:\/\/leiklist.is\/wp-content\/uploads\/2020\/02\/skolafolk-1536x427.jpg 1536w, https:\/\/leiklist.is\/wp-content\/uploads\/2020\/02\/skolafolk-1080x300.jpg 1080w, https:\/\/leiklist.is\/wp-content\/uploads\/2020\/02\/skolafolk.jpg 1800w\" sizes=\"auto, (max-width: 300px) 100vw, 300px\" \/>Kve\u00f0ja fr\u00e1 sk\u00f3lanefnd<\/h4>\n<p>K\u00e6ru leiklistarvinir!<br \/> \u00dea\u00f0 er okkur s\u00f6nn \u00e1n\u00e6gja a\u00f0 bj\u00f3\u00f0a ykkur velkomin \u00ed Reykjask\u00f3la \u00ed sumar \u00fear sem leiklistarsk\u00f3linn okkar ver\u00f0ur settur \u00ed tuttugasta og fj\u00f3r\u00f0a sinn. Vi\u00f0 vonum a\u00f0 \u00feetta sk\u00f3la\u00e1r ver\u00f0i sama uppspretta metna\u00f0ar, sk\u00f6punar og gle\u00f0i og veri\u00f0 hefur.<br \/> A\u00f0 \u00feessu sinni ver\u00f0a fj\u00f6gur fj\u00f6lbreytt n\u00e1mskei\u00f0 \u00ed bo\u00f0i. Vi\u00f0 bj\u00f3\u00f0um velkominn Hannes \u00d3la \u00c1g\u00fastsson sem kennir hj\u00e1 okkur \u00ed fyrsta sinn og ver\u00f0ur me\u00f0 Leiklist II, sem er framhald af n\u00e1mskei\u00f0inu sem A\u00f0albj\u00f6rg \u00c1rnad\u00f3ttir var me\u00f0 \u00ed fyrra. Einnig f\u00f6gnum vi\u00f0 \u00fev\u00ed a\u00f0 f\u00e1 Evu Bj\u00f6rgu Har\u00f0ard\u00f3ttur og Ingvar Gu\u00f0na Brynj\u00f3lfsson til okkar me\u00f0 framhald \u00e1 n\u00e1mskei\u00f0inu Bak vi\u00f0 tj\u00f6ldin sem Eva Bj\u00f6rg st\u00fdr\u00f0i 2018. \u00de\u00e1 m\u00e6tir \u00c1rni Kristj\u00e1nsson aftur, a\u00f0 \u00feessu sinni me\u00f0 Leikstj\u00f3rn I. S\u00e9rn\u00e1mskei\u00f0 um leikarann sem skapandi listamann ver\u00f0ur svo \u00ed h\u00f6ndum hins \u00ferautreynda kennara R\u00fanars Gu\u00f0brandssonar.<br \/> Vi\u00f0 vonum a\u00f0 sem flestir eigi \u00feess kost a\u00f0 nema og nj\u00f3ta.<br \/> Hl\u00f6kkum til a\u00f0 sj\u00e1 ykkur \u2013 me\u00f0 bestu kve\u00f0ju,\u2028<strong>Hrefna, D\u00fdrleif, Herd\u00eds, Hrund<\/strong> og <strong>G\u00edsli<\/strong><\/p>\n<hr \/>\n<p>&nbsp;<\/p>\n<h4><img loading=\"lazy\" decoding=\"async\" class=\"alignright wp-image-21118 size-medium\" src=\"https:\/\/leiklist.is\/wp-content\/uploads\/2020\/02\/ArniKristjans03-283x300.jpg\" alt=\"\" width=\"283\" height=\"300\" srcset=\"https:\/\/leiklist.is\/wp-content\/uploads\/2020\/02\/ArniKristjans03-283x300.jpg 283w, https:\/\/leiklist.is\/wp-content\/uploads\/2020\/02\/ArniKristjans03-600x637.jpg 600w, https:\/\/leiklist.is\/wp-content\/uploads\/2020\/02\/ArniKristjans03-768x815.jpg 768w, https:\/\/leiklist.is\/wp-content\/uploads\/2020\/02\/ArniKristjans03.jpg 800w\" sizes=\"auto, (max-width: 283px) 100vw, 283px\" \/>Leikstj\u00f3rn I \u2013 Grunnn\u00e1mskei\u00f0<\/h4>\n<p>Kennari <strong>\u00c1rni Kristj\u00e1nsson<\/strong><br \/> \u00de\u00e1ttt\u00f6kugjald: 101.000 kr.<br \/> N\u00e1mskei\u00f0i\u00f0 er grunnn\u00e1mskei\u00f0 fyrir leikstj\u00f3ra. \u00deeir ganga fyrir sem ekki hafa \u00e1\u00f0ur s\u00f3tt Leikstj\u00f3rn I.<\/p>\n<p>\u00c1 n\u00e1mskei\u00f0inu ver\u00f0ur fjalla\u00f0 nokku\u00f0 almennt um starf leikstj\u00f3rans, \u2013 hvert er hlutverk hans og hvernig leysir hann \u00fea\u00f0?<br \/> Huga\u00f0 ver\u00f0ur a\u00f0 undirb\u00faningi leikstj\u00f3rans, greiningarvinnu og skipulagningu \u00e1\u00f0ur en \u00e6fingar hefjast, en l\u00edka \u00fev\u00ed verki sem fram fer \u00e1 \u00e6fingat\u00edmanum me\u00f0 leikurum og \u00f6\u00f0rum a\u00f0standendum.<br \/> N\u00e1mskei\u00f0i\u00f0 ver\u00f0ur \u00fev\u00ed hvoru tveggja fr\u00e6\u00f0ilegt og verklegt.<br \/> Eftir a\u00f0 skr\u00e1ningu l\u00fdkur ver\u00f0a \u00f6llum \u00fe\u00e1tttakendum send verk til sko\u00f0unar og \u00feau s\u00ed\u00f0an l\u00f6g\u00f0 til grundvallar vinnunni \u00e1 Reykjum. Kennari mun einnig senda \u00fe\u00e1tttakendum verkefni til a\u00f0 \u00edhuga og leysa \u00e1\u00f0ur en n\u00e1mskei\u00f0i\u00f0 hefst, \u00feannig a\u00f0 \u00e1kve\u00f0ins undirb\u00fanings ver\u00f0ur krafist.<br \/> Kennsla fer fram me\u00f0 \u00fdmsum h\u00e6tti; fyrirlestrar, umr\u00e6\u00f0ur, verklegar \u00e6fingar, einstaklings verkefni, h\u00f3pverkefni, o.s.frv.<\/p>\n<p><strong>\u00c1rni Kristj\u00e1nsson<\/strong> \u00fatskrifa\u00f0ist me\u00f0 MA gr\u00e1\u00f0u \u00ed Leikstj\u00f3rn fr\u00e1 Bristol Old Vic \u00e1ri\u00f0 2016. \u00c1rni er listr\u00e6nn stj\u00f3rnandi leikh\u00f3psins Lakehouse og hefur me\u00f0 honum sett upp \u00ferj\u00fa verk \u00cd samhengi vi\u00f0 stj\u00f6rnurnar eftir Nick Payne (2017), Rej\u00fan\u00edon (2018) og n\u00fa \u00e1 Listah\u00e1t\u00ed\u00f0 2020 s\u00fdnir Lakehouse fyrsta \u00e1fanga af verkinu Einangrun. \u00c1rni hefur einnig leikst\u00fdrt gle\u00f0is\u00f6ngleiknum Journey to the centre of the Earth \u00e1 Rifi (2016) og \u00f3peruleikverkunum Selshamnum (2016) og Plast\u00f3perunni (2018).<br \/> \u00c1rni hefur a\u00f0sto\u00f0arleikst\u00fdrt fyrir Svein Einarsson \u00ed tveimur \u00f3perum, Cavalleria Rusticana &amp; Pagliacci (2008) og Baldursbr\u00e1 (2015), hann hefur einnig a\u00f0sto\u00f0arleikst\u00fdrt fyrir Baltasar Korm\u00e1k \u00ed \u00dej\u00f3\u00f0leikh\u00fasinu, Tom Morris \u00ed Bristol Old Vic og Donnacadh O\u2019Briain \u00ed MA n\u00e1minu.<br \/> \u00c1rni hefur skrifa\u00f0 t\u00f6luvert og vann Gr\u00edmuver\u00f0laun \u00e1ri\u00f0 2014 fyrir besta \u00fatvarpsleikrit me\u00f0 verki\u00f0 S\u00f6ngur hrafnanna. \u00c1rni er um \u00feessar mundir stundakennari vi\u00f0 LH\u00cd og kennir einnig leiklist \u00ed \u00ed Dalsk\u00f3la og var sk\u00f3lastj\u00f3ri Leiklistarsk\u00f3la Borgarleikh\u00fassins 2019-2020.<br \/> \u00deetta er \u00ed anna\u00f0 sinn sem \u00c1rni kennir vi\u00f0 sk\u00f3lann.<\/p>\n<hr \/>\n<h4><img loading=\"lazy\" decoding=\"async\" class=\"alignright wp-image-21122 size-medium\" src=\"https:\/\/leiklist.is\/wp-content\/uploads\/2020\/02\/HannesOli-217x300.jpg\" alt=\"\" width=\"217\" height=\"300\" srcset=\"https:\/\/leiklist.is\/wp-content\/uploads\/2020\/02\/HannesOli-217x300.jpg 217w, https:\/\/leiklist.is\/wp-content\/uploads\/2020\/02\/HannesOli.jpg 433w\" sizes=\"auto, (max-width: 217px) 100vw, 217px\" \/>Leiklist II<\/h4>\n<p>Kennari er <strong>Hannes \u00d3li \u00c1g\u00fastsson<\/strong><\/p>\n<p>Forkr\u00f6fur:<br \/> N\u00e1mskei\u00f0i\u00f0 er framhaldsn\u00e1mskei\u00f0 fyrir leikara og \u00e6tla\u00f0 \u00feeim sem s\u00f3tt hafa Leiklist I e\u00f0a samb\u00e6rileg n\u00e1mskei\u00f0. \u00deeir sem s\u00f3tt hafa Leiklist I og hafa ekki \u00e1\u00f0ur s\u00f3tt Leiklist II ganga fyrir.<br \/> \u00c1 \u00feessu n\u00e1mskei\u00f0i ver\u00f0ur \u00e1hersla l\u00f6g\u00f0 \u00e1 senuvinnu og karaktersk\u00f6pun. Unni\u00f0 ver\u00f0ur me\u00f0 handrit a\u00f0 verki, senur \u00far verkinu greindar \u00fat fr\u00e1 Kerfi L\u00edkamlegra Ger\u00f0a og unni\u00f0 me\u00f0 svi\u00f0setningu \u00e1 \u00feeim. Einnig ver\u00f0a sko\u00f0a\u00f0ar mismunandi lei\u00f0ir til a\u00f0 n\u00e1lgast karakter, hvernig byggjum vi\u00f0 pers\u00f3nur og l\u00edk\u00f6mnum \u00fe\u00e6r? Unni\u00f0 ver\u00f0ur me\u00f0 fors\u00f6gur, karakteropnanir og spuna. Raddvinna og f\u00f3kus\u00e6fingar ver\u00f0a einnig settar \u00e1 oddinn, og leitast vi\u00f0 a\u00f0 tengja sl\u00edka vinnu beint inn \u00ed senuvinnuna.<\/p>\n<p><strong>Hannes \u00d3li \u00c1g\u00fastsson<\/strong> \u00fatskrifa\u00f0ist fr\u00e1 leikarabraut leiklistardeildar Listah\u00e1sk\u00f3la \u00cdslands vori\u00f0 2009. Hann l\u00e9k \u00ed uppsetningum \u00dej\u00f3\u00f0leikh\u00fassins \u00e1 L\u00e9r konungur, Allir synir m\u00ednir og Bjart me\u00f0 k\u00f6flum og l\u00e9k \u00ed leiks\u00fdningunum 1984, Himnar\u00edki og helv\u00edti, N\u00fana 2019 og F\u00f3lk, sta\u00f0ir og hlutir \u00ed Borgarleikh\u00fasinu. Einnig l\u00e9k Hannes \u00ed Leigumor\u00f0ingjanum, Kaktus, Sek og Gullna hli\u00f0inu hj\u00e1 Leikf\u00e9lagi Akureyrar. Hannes hefur a\u00f0 auki unni\u00f0 talsvert me\u00f0 svi\u00f0slistah\u00f3punum Hreyfi\u00fer\u00f3unarsamsteypan (Shake me, \u00daps!), \u00c1hugaleikh\u00fas Atvinnumanna (\u00d3dau\u00f0legu verkin), So\u00f0i\u00f0 Svi\u00f0 (H\u00e6ttuf\u00f6r \u00ed Huli\u00f0sdal, Extravaganza) og \u00d3skab\u00f6rn \u00f3g\u00e6funnar \u00ed Illsku. Hannes var tilnefndur til Gr\u00edmuver\u00f0launa fyrir frammist\u00f6\u00f0u s\u00edna \u00ed Illsku og Himnar\u00edki og helv\u00edti. Me\u00f0al annarra verka sem Hannes hefur leiki\u00f0 \u00ed \u00e1 svi\u00f0i m\u00e1 nefna Muna\u00f0arlaus, Hnykill, \u00c9g er vindurinn og G\u00f3\u00f0i d\u00e1tinn Svejk. Me\u00f0al hlutverka Hannesar \u00ed kvikmyndum og sj\u00f3nvarpi m\u00e1 nefna sj\u00f3nvarps\u00fe\u00e6ttina H\u00e6 Gosi og Stellu Bl\u00f3mkvist, og kvikmyndirnar Bjarnfre\u00f0arson, Grimmd, H\u00e9ra\u00f0i\u00f0 og M\u00e1lmhaus, en Hannes hlaut tilnefningu til Edduver\u00f0launa fyrir \u00fea\u00f0 hlutverk. \u00de\u00e1 hefur Hannes veri\u00f0 mj\u00f6g \u00e1berandi \u00ed \u00c1ram\u00f3taskaupi Sj\u00f3nvarpsins undanfarin \u00e1r. Me\u00f0al erlendra verkefna m\u00e1 nefna hlutverk \u00ed sj\u00f3nvarps\u00fe\u00e1ttunum Sense8 og Documentary Now!, og kvikmyndinni Eurovision.<br \/> Hannes \u00d3li hefur sinnt stundakennslu vi\u00f0 svi\u00f0slistadeild Listah\u00e1sk\u00f3la \u00cdslands og leikarabraut Kvikmyndask\u00f3la \u00cdslands.<br \/> \u00deetta er \u00ed fyrsta sinn sem Hannes \u00d3li kennir vi\u00f0 sk\u00f3lann.<\/p>\n<hr \/>\n<h4><img loading=\"lazy\" decoding=\"async\" class=\"alignright wp-image-21124 size-full\" src=\"https:\/\/leiklist.is\/wp-content\/uploads\/2020\/02\/EvaOGIngvar.jpg\" alt=\"\" width=\"300\" height=\"200\" \/>Tj\u00f6ldin fr\u00e1: Framhald \u00e1 n\u00e1mskei\u00f0inu Bak vi\u00f0 tj\u00f6ldin \u00ed leikmynda- og b\u00faningager\u00f0<\/h4>\n<p>Kennarar eru <strong>Eva Bj\u00f6rg Har\u00f0ard\u00f3ttir og\u00a0Ingvar Gu\u00f0ni Brynj\u00f3lfsson<\/strong><\/p>\n<p>Forkr\u00f6fur: Ums\u00e6kjendur hafi s\u00f3tt grunnn\u00e1mskei\u00f0i\u00f0 \u201e\u00c1 bak vi\u00f0 tj\u00f6ldin\u201c, samb\u00e6rilegt n\u00e1mskei\u00f0 e\u00f0a hafi brennandi \u00e1huga\/umtalsver\u00f0a reynslu af vinnu vi\u00f0 leikmyndir, leikmuni og\/e\u00f0a b\u00faninga.<br \/> Hva\u00f0 ver\u00f0ur \u00e1 svi\u00f0inu \u00feegar tj\u00f6ldin dragast fr\u00e1? Markmi\u00f0 n\u00e1mskei\u00f0sins er a\u00f0 efla nemendur \u00ed a\u00f0 koma hugmyndum s\u00ednum \u00e1 svi\u00f0 og a\u00f0 eiga samskipti vi\u00f0 framkv\u00e6mdaa\u00f0ila. Kynnt ver\u00f0a verkf\u00e6ri og t\u00e6kni til a\u00f0 hugsa \u00fat fyrir rammann og koma hugmyndum s\u00ednum \u00ed verk.<br \/> Kennarar eru tveir og hafa umtalsver\u00f0a reynslu \u00ed leikmynda-, leikmuna-, b\u00faninga- og leikgervager\u00f0. \u00deeir skipta me\u00f0 s\u00e9r n\u00e1mskei\u00f0st\u00edmanum svo allir nemendur f\u00e1 s\u00f6mu kennslu. Einnig ver\u00f0ur n\u00e1mskei\u00f0i\u00f0 a\u00f0 einhverju leyti a\u00f0laga\u00f0 \u00fe\u00e1ttakendum.<br \/> N\u00e1mskei\u00f0i\u00f0 byggir \u00e1 mikilli virkni allra \u00fe\u00e1tttakenda en b\u00e6\u00f0i ver\u00f0ur unni\u00f0 \u00ed einstaklingsvinnu og h\u00f3pum. N\u00e1mskei\u00f0i\u00f0 skiptist \u00ed fyrirlestra, umr\u00e6\u00f0ur og verklegar \u00e6fingar.<br \/> Leikmynd og leikmunir:<br \/> Uppf\u00e6rsla m\u00f3dels\/teikninga \u00ed raunst\u00e6r\u00f0.<br \/> Efnisval, helstu eiginleikar og efnisfr\u00e6\u00f0i mest notu\u00f0u efna \u00ed leikmynd; st\u00e6r\u00f0ir, n\u00fdting, hva\u00f0 er h\u00e6gt og hva\u00f0 m\u00e1.<br \/> Hva\u00f0 m\u00e1 ekki. \u00d6ryggi, regluger\u00f0ir og kr\u00f6fur.<br \/> T\u00edmarammi, framgangur verks.<br \/> Unni\u00f0 a\u00f0 verkefnum.<br \/> B\u00faningar og leikgervi:<br \/> \u00dej\u00f3nusta gervis vi\u00f0 leikara\/hlutverk. A\u00f0fer\u00f0ir vi\u00f0 b\u00faninga- og leikgervager\u00f0.<br \/> Efnisval \u2013 hef\u00f0bundi\u00f0 og \u00f3hef\u00f0bundi\u00f0. Endurn\u00fdting.<br \/> B\u00faningager\u00f0 \u00e1n saumav\u00e9lar.<br \/> Unni\u00f0 a\u00f0 verkefnum.<br \/> Leita\u00f0 er eftir frumkv\u00e6\u00f0i nemenda og stendur nemendum stendur til bo\u00f0a a\u00f0 m\u00e6ta me\u00f0 \u201everkefni a\u00f0 heiman\u201c, og g\u00e6ti n\u00e1mskei\u00f0i\u00f0 \u00feannig n\u00fdst vi\u00f0 undirb\u00faning komandi verkefna.<br \/> Eftir a\u00f0 skr\u00e1ningu l\u00fdkur ver\u00f0ur \u00fe\u00e1tttakendum sendur listi yfir verkf\u00e6ri og efnivi\u00f0 sem gott er a\u00f0 hafa me\u00f0 s\u00e9r.<\/p>\n<p><strong>Ingvar Gu\u00f0ni Brynj\u00f3lfsson<\/strong> er h\u00fasasm\u00ed\u00f0ameistari og hefur m.a. starfa\u00f0 vi\u00f0 leikmyndir \u00ed leikh\u00fasum, sj\u00f3nvarpi og kvikmyndum. Ingvar hefur starfa\u00f0 me\u00f0 Leikf\u00e9lagi Selfoss, Hugleik, S\u00fdnum, Freyvangsleikh\u00fasinu og Leikf\u00e9lagi Mosfellssveitar, eins \u00ed \u00dej\u00f3\u00f0leikh\u00fasinu, Latab\u00e6 og me\u00f0 Mi\u00f0n\u00e6tti, \u00fdmist einn e\u00f0a me\u00f0 h\u00f3p. \u00deetta er \u00ed fyrsta sinn sem Ingvar kennir vi\u00f0 sk\u00f3lann.<\/p>\n<p><strong>Eva Bj\u00f6rg Har\u00f0ard\u00f3ttir<\/strong> lauk M.A. n\u00e1mi \u00ed leikmynda- og b\u00faningah\u00f6nnun (Theatre Design) fr\u00e1 University of the Arts London \u00e1ri\u00f0 2016. H\u00fan hefur einnig B.Ed. gr\u00e1\u00f0u \u00ed kennslufr\u00e6\u00f0um fr\u00e1 Kennarah\u00e1sk\u00f3la \u00cdslands. Eva Bj\u00f6rg er sj\u00e1lfst\u00e6tt starfandi leikmynda- og b\u00faningah\u00f6nnu\u00f0ur og hefur unni\u00f0 miki\u00f0 me\u00f0 sj\u00e1lfst\u00e6\u00f0um leikh\u00f3pum sem og \u00e1hugaf\u00e9l\u00f6gum. Eva Bj\u00f6rg stofna\u00f0i leikh\u00f3pinn Mi\u00f0n\u00e6tti \u00e1samt Agnesi Wild og Sigr\u00fanu Har\u00f0ard\u00f3ttur og hefur hanna\u00f0 \u00f6ll verkefni h\u00f3psins, en h\u00f3purinn einbeitir s\u00e9r a\u00f0 \u00fev\u00ed a\u00f0 framlei\u00f0a vanda\u00f0ar leiks\u00fdningar og sj\u00f3nvarpsefni fyrir b\u00f6rn. Eva Bj\u00f6rg hefur einnig hanna\u00f0 fyrir Menningarf\u00e9lag Akureyrar, Cauda Collective, Hringleik, Umskiptinga, Artik, Sirkus \u00cdslands, Spindrift Theatre, Lost Watch og fleiri. Einnig hefur Eva Bj\u00f6rg starfa\u00f0 vi\u00f0 kennslu, \u00ed kvikmyndum, vi\u00f0 b\u00faninga- og leikmunager\u00f0 og s\u00e9\u00f0 um svi\u00f0ssetningar og b\u00faninga fyrir vi\u00f0bur\u00f0i og heimilda\u00fe\u00e6tti. \u00deetta er \u00ed anna\u00f0 sinn sem Eva Bj\u00f6rg kennir vi\u00f0 sk\u00f3lann.<\/p>\n<hr \/>\n<h4><img loading=\"lazy\" decoding=\"async\" class=\"alignright wp-image-21126 size-medium\" src=\"https:\/\/leiklist.is\/wp-content\/uploads\/2020\/02\/RunarGud-200x300.jpg\" alt=\"\" width=\"200\" height=\"300\" srcset=\"https:\/\/leiklist.is\/wp-content\/uploads\/2020\/02\/RunarGud-200x300.jpg 200w, https:\/\/leiklist.is\/wp-content\/uploads\/2020\/02\/RunarGud.jpg 400w\" sizes=\"auto, (max-width: 200px) 100vw, 200px\" \/>Leikarinn sem skapandi listama\u00f0ur<\/h4>\n<p>Kennari er <strong>R\u00fanar Gu\u00f0brandsson<\/strong><\/p>\n<p>Forkr\u00f6fur: N\u00e1mskei\u00f0i\u00f0 er \u00e6tla\u00f0 \u00feeim sem hafa s\u00f3tt Leiklist I og II e\u00f0a samb\u00e6rileg n\u00e1mskei\u00f0 e\u00f0a hafa umtalsver\u00f0a reynslu af leiklist.<br \/> Leikarinn sem skapandi listama\u00f0ur (e\u00f0a Leikarinn sem h\u00f6fundur)<br \/> \u00c1 \u00feessu n\u00e1mskei\u00f0i ver\u00f0ur leitast vi\u00f0 a\u00f0 hj\u00e1lpa leikaranum a\u00f0 skapa og forma sitt eigi\u00f0 efni gegnum \u00fdmis konar \u00e6fingar og spunavinnu, b\u00e6\u00f0i sem einstaklingur og hluti af h\u00f3p.<br \/> Enda \u00fe\u00f3tt sk\u00f6pun s\u00e9 \u00fatgangspunktur \u00e1 n\u00e1mskei\u00f0inu sn\u00fdst \u00fea\u00f0 l\u00edka um t\u00e6kni, og \u00fej\u00e1lfun, \u00fev\u00ed: \u201cHversu skapandi sem vi\u00f0 erum, \u00fe\u00e1 h\u00f6fum vi\u00f0 engan farveg til a\u00f0 beina sk\u00f6punarkrafti okkar \u00ed &#8211; ef okkur skortir t\u00e6kni\u201d.<br \/> \u00de\u00e1tttakendum ver\u00f0ur s\u00ed\u00f0an gert a\u00f0 n\u00fdta s\u00e9r \u00fe\u00e1 t\u00e6kni sem \u00feau hafa tileinka\u00f0 s\u00e9r \u00e1 skapandi h\u00e1tt og ver\u00f0ur \u00fe\u00e1 unni\u00f0 me\u00f0 \u00fdmis konar spunaa\u00f0fer\u00f0ir og samsetningar.<br \/> \u00c1hersla ver\u00f0ur l\u00f6g\u00f0 \u00e1 pers\u00f3nulega og einl\u00e6ga tj\u00e1ningu og \u00ed \u00fev\u00ed sambandi m.a. unni\u00f0 me\u00f0 \u00e6fingar \u00fear sem \u00fe\u00e1tttakendur nota s\u00edna eigin reynslu (t.d.minningar) og \u00edmyndunarafl (langanir, vonir, \u00f3tta, drauma etc.), en einnig leitum vi\u00f0 v\u00edtt og breitt um ver\u00f6ld alla a\u00f0 efnivi\u00f0 til a\u00f0 skapa leikr\u00e6nar a\u00f0st\u00e6\u00f0ur og \u00fer\u00f3a s\u00f6gur.<br \/> \u00de\u00f3 oft ver\u00f0i unni\u00f0 \u00ed h\u00f3pum og p\u00f6rum ver\u00f0ur einstaklingurinn \u00e6vinlega \u00ed brennidepli \u00fear sem hann \u00fearf st\u00f6\u00f0ugt a\u00f0 spyrja sj\u00e1lfan sig: Hva\u00f0 vil \u00e9g segja me\u00f0 list minni?<br \/> Harmi og gle\u00f0i ver\u00f0ur gert jafnh\u00e1tt undir h\u00f6f\u00f0i og \u00fdmsar fr\u00e1sagnaa\u00f0fer\u00f0ir, st\u00edlar og stefnur sko\u00f0a\u00f0ar og reyndar \u00ed leit a\u00f0 innbl\u00e6stri. \u201cGo bananas, &#8211; but with control\u201d!!!<\/p>\n<p><strong>R\u00fanar Gu\u00f0brandsson<\/strong> nam upphaflega leiklist \u00ed Danm\u00f6rku og starfa\u00f0i \u00fear sem leikari um \u00e1rabil, me\u00f0 \u00fdmsum leikh\u00f3pum. Frekari \u00fej\u00e1lfun hlaut hann m.a. hj\u00e1 Odin leikh\u00fasinu \u00ed Holsterbro, hj\u00e1 leikh\u00f3pi Jerzy Grotowskis \u00ed Wroclaw \u00ed P\u00f3llandi, Dario Fo \u00e1 \u00cdtal\u00edu, Jury Alschitz \u00ed Kaupmannah\u00f6fn og v\u00ed\u00f0ar, og Anatoly Vasiliev \u00ed Moskvu. R\u00fanar lauk MA og MPhil gr\u00e1\u00f0um \u00ed leiklistarfr\u00e6\u00f0um og leikstj\u00f3rn fr\u00e1 De Montfort h\u00e1sk\u00f3lanum \u00ed Leicester \u00e1 Englandi og hefur loki\u00f0 fyrri hluta doktorsn\u00e1ms \u00ed fr\u00e6\u00f0unum. Hann hefur leikst\u00fdrt fj\u00f6lda leiks\u00fdninga h\u00e9rlendis og erlendis og fengist vi\u00f0 leiklistarkennslu og \u00fej\u00e1lfun leikara v\u00ed\u00f0a \u00ed Evr\u00f3pu. R\u00fanar var fyrsti pr\u00f3fessor \u00ed leikt\u00falkun vi\u00f0 Listah\u00e1sk\u00f3la \u00cdslands. Hann hefur reki\u00f0 leiksmi\u00f0juna Lab Loka s\u00ed\u00f0an 1992, stj\u00f3rna\u00f0 \u00fej\u00e1lfun h\u00f3psins og st\u00fdrt flestum verkefnum hans h\u00e9rlendis og erlendis. Hann hefur auk \u00feess fengist vi\u00f0 \u00fdmis konar tilraunastarfsemi \u00e1 vettvangi kvikmynda og gj\u00f6rningalistar.\u2029\u00deetta er \u00ed t\u00f3lfta sinn sem R\u00fanar kennir vi\u00f0 sk\u00f3lann.<\/p>\n<hr \/>\n<h4><img loading=\"lazy\" decoding=\"async\" class=\"alignright wp-image-21148 size-medium\" src=\"https:\/\/leiklist.is\/wp-content\/uploads\/2020\/02\/Reykjaskoli_small-300x125.jpg\" alt=\"\" width=\"300\" height=\"125\" srcset=\"https:\/\/leiklist.is\/wp-content\/uploads\/2020\/02\/Reykjaskoli_small-300x125.jpg 300w, https:\/\/leiklist.is\/wp-content\/uploads\/2020\/02\/Reykjaskoli_small.jpg 512w\" sizes=\"auto, (max-width: 300px) 100vw, 300px\" \/>Leiklistarsk\u00f3li Bandalags \u00edslenskra leikf\u00e9laga 2020 &#8211; Almennar uppl\u00fdsingar<\/h4>\n<p>Skr\u00e1ning \u00ed sk\u00f3lann stendur yfir fr\u00e1 kl. 16.00 \u00fe. 14. mars til 15. apr\u00edl. Ums\u00f3knir skal fylla \u00fat \u00e1 Leiklistarvefnum, www.leiklist.is. Opna\u00f0 ver\u00f0ur fyrir ums\u00f3knir 15. mars.<br \/> Reglan Fyrstur kemur \u2013 fyrstur f\u00e6r gildir vi\u00f0 skr\u00e1ningar gegn grei\u00f0slu sta\u00f0festingargjalds, kr. 40.000, ef innt\u00f6kuskilyr\u00f0um er fulln\u00e6gt a\u00f0 \u00f6\u00f0ru leyti. N\u00e1ist ekki \u00e1s\u00e6ttanlegur fj\u00f6ldi \u00e1 tilteki\u00f0 n\u00e1mskei\u00f0 fellur \u00fea\u00f0 ni\u00f0ur. Aldurstakmark \u00ed sk\u00f3lann er 18 \u00e1r. Sk\u00f3linn hefur sett s\u00e9r reglur, m.a. um umgengni, reykingar og \u00e1fengisneyslu, sem nemendur sam\u00feykkja a\u00f0 fara eftir \u00e1 starfst\u00edma sk\u00f3lans (sj\u00e1 einnig bls. 6).<br \/> Starfst\u00edmi sk\u00f3lans \u00e1 \u00feessu \u00e1ri er fr\u00e1 13. til 21. j\u00fan\u00ed. Sk\u00f3lasetning er laugardaginn 13. j\u00fan\u00ed kl. 9.00 og hefjast n\u00e1mskei\u00f0in strax \u00fear \u00e1 eftir. Nemendur eru velkomnir a\u00f0 Reykjask\u00f3la kv\u00f6ldi\u00f0 fyrir sk\u00f3lasetningu, fr\u00e1 kl. 20.00 en ekki er bo\u00f0i\u00f0 upp \u00e1 kv\u00f6ldver\u00f0. Sk\u00f3laslit eru kl. 12.00 sunnudaginn 16. j\u00fan\u00ed. Vi\u00f0urkenningarskj\u00f6l og merki sk\u00f3lans ver\u00f0a afhent vi\u00f0 sk\u00f3laslit.<br \/> A\u00f0sta\u00f0a \u00ed Reykjask\u00f3la: Svefnherbergin eru b\u00fain 2 uppb\u00fanum r\u00famum, \u00fe.e. koddi, s\u00e6ng, lak og s\u00e6ngurf\u00f6t fylgja me\u00f0, litlu bor\u00f0i og tveim st\u00f3lum. Nemendur hafi me\u00f0 s\u00e9r handkl\u00e6\u00f0i og sundf\u00f6t. Sundlaug, gufuba\u00f0 og heitir pottar eru \u00e1 sta\u00f0num. Haldi\u00f0 er lokah\u00f3f s\u00ed\u00f0asta kv\u00f6ldi\u00f0 \u00fear sem f\u00f3lk kl\u00e6\u00f0ir sig upp \u00e1, kve\u00f0ur kennarana s\u00edna og skemmtir hvert \u00f6\u00f0ru me\u00f0 dansi og s\u00f6ng.<br \/> \u00de\u00e1ttt\u00f6kugjald \u00e1 n\u00e1mskei\u00f0 er 101.000 kr. Sta\u00f0festingargjald er kr. 40.000 og grei\u00f0ist \u00fea\u00f0 vi\u00f0 skr\u00e1ningu. Sta\u00f0festingargjald er \u00f3endurkr\u00e6ft nema gegn framv\u00edsun l\u00e6knisvottor\u00f0s. H\u00e6gt er a\u00f0 grei\u00f0a s\u00edmlei\u00f0is me\u00f0 grei\u00f0slukorti.<br \/> Gjaldi\u00f0 skal vera a\u00f0 fullu greitt 10 d\u00f6gum fyrir sk\u00f3lasetningu. Innifali\u00f0 \u00ed \u00fe\u00e1ttt\u00f6kugjaldi er gisting, matur, kennsla og g\u00f6gn.<br \/> Me\u00f0limum a\u00f0ildarf\u00e9laga Bandalags \u00edslenskra leikf\u00e9laga er bent \u00e1 a\u00f0 f\u00e9l\u00f6gin geta s\u00f3tt um sm\u00e1 styrk til Bandalagsins ef \u00feau senda nemendur \u00ed sk\u00f3lann.<br \/> Kennarar sk\u00f3lans og starfsf\u00f3lk:<br \/> Sk\u00f3last\u00fdra \u2014 D\u00fdrleif J\u00f3nsd\u00f3ttir, <a href=\"mailto:dillajons@gmail.com\">dillajons@gmail.com<\/a><br \/> Sk\u00f3last\u00fdra \u2014 Hrefna Fri\u00f0riksd\u00f3ttir, <a href=\"mailto:hrefnafr@hi.is\">hrefnafr@hi.is<\/a><br \/> Leiklist I \u2014 Hannes \u00d3li \u00c1g\u00fastsson, <a href=\"mailto:hannesoli@gmail.com\">hannesoli@gmail.com<\/a><br \/> Leikritun II \u2014 \u00c1rni Kristj\u00e1nsson, <a href=\"mailto:arnikristjans.arkandi@gmail.com\">arnikristjans.arkandi@gmail.com<\/a> S\u00e9rn\u00e1mskei\u00f0 fyrir leikara \u2014 R\u00fanar Gu\u00f0brandsson, <a href=\"mailto:labloki@mmedia.is\">labloki@mmedia.is<\/a><br \/> Bak vi\u00f0 tj\u00f6ldin II &#8211; Eva Bj\u00f6rg Har\u00f0ard\u00f3ttir, <a href=\"mailto:evabjorg@gmail.com\">evabjorg@gmail.com<\/a> &amp; Ingvar Brynj\u00f3lfsson, <a href=\"mailto:ingvarbryn@simnet.is\">ingvarbryn@simnet.is<\/a><\/p>\n<hr \/>\n<p>Ums\u00f3kn telst gild \u00feegar sta\u00f0festingargjald hefur veri\u00f0 greitt. Grei\u00f0a skal \u00ed s\u00ed\u00f0asta lagi \u2028 15. apr\u00edl til Bandalags \u00edsl. leikf\u00e9laga og senda tilkynningu \u00e1 netfangi\u00f0 info@leiklist.is. \u2028 Grei\u00f0a skal inn \u00e1 reikning:<br \/> Kt. 440169-0239 \/ Banki 334-26-5463<\/p>\n<p><strong>Bandalag \u00edslenskra leikf\u00e9laga, Kleppsm\u00fdrarvegi 8, 104 Reykjav\u00edk<br \/> s\u00edmi 551 6974, netfang <a href=\"mailto:info@leiklist.is\">info@leiklist.is<\/a>, veffang <a href=\"http:\/\/www.leiklist.is\">www.leiklist.is<\/a><\/strong><\/p>\n<p>&nbsp;<\/p>\n<p>[\/et_pb_text][\/et_pb_column][\/et_pb_row][\/et_pb_section]<\/p>\n","protected":false},"excerpt":{"rendered":"<p>Leiklistarsk\u00f3li B\u00cdL var felldur ni\u00f0ur \u00ed \u00e1r vegna Covid-19. Sk\u00f3linn ver\u00f0ur haldinn 12.-19. j\u00fan\u00ed \u00e1ri\u00f0 2021. Starfst\u00edmi sk\u00f3lans er a\u00f0 \u00feessu sinni 13. &#8211; 21. j\u00fan\u00ed 2020 Reykjask\u00f3la \u00ed Hr\u00fatafir\u00f0i B\u00e6klingur Leiklistarsk\u00f3lans 2020 \u00e1 PDF. Kve\u00f0ja fr\u00e1 sk\u00f3lanefnd K\u00e6ru leiklistarvinir! \u00dea\u00f0 er okkur s\u00f6nn \u00e1n\u00e6gja a\u00f0 bj\u00f3\u00f0a ykkur velkomin \u00ed Reykjask\u00f3la \u00ed sumar \u00fear sem [&hellip;]<\/p>\n","protected":false},"author":3,"featured_media":19882,"comment_status":"closed","ping_status":"closed","sticky":false,"template":"","format":"gallery","meta":{"_et_pb_use_builder":"on","_et_pb_old_content":"<h4><strong>Starfst\u00edmi sk\u00f3lans er a\u00f0 \u00feessu sinni 13. - 21. j\u00fan\u00ed 2020 Reykjask\u00f3la \u00ed Hr\u00fatafir\u00f0i<\/strong><\/h4><p><a href=\"https:\/\/leiklist.is\/wp-content\/uploads\/2020\/03\/Leiklistarskoli2020web.pdf\">B\u00e6klingur Leiklistarsk\u00f3lans 2020 \u00e1 PDF<\/a>.<\/p><hr \/><h4><img class=\"alignright wp-image-21120 size-medium\" src=\"https:\/\/leiklist.is\/wp-content\/uploads\/2020\/02\/skolafolk-300x83.jpg\" alt=\"\" width=\"300\" height=\"83\" \/>Kve\u00f0ja fr\u00e1 sk\u00f3lanefnd<\/h4><p>K\u00e6ru leiklistarvinir!<br \/>\u00dea\u00f0 er okkur s\u00f6nn \u00e1n\u00e6gja a\u00f0 bj\u00f3\u00f0a ykkur velkomin \u00ed Reykjask\u00f3la \u00ed sumar \u00fear sem leiklistarsk\u00f3linn okkar ver\u00f0ur settur \u00ed tuttugasta og fj\u00f3r\u00f0a sinn. Vi\u00f0 vonum a\u00f0 \u00feetta sk\u00f3la\u00e1r ver\u00f0i sama uppspretta metna\u00f0ar, sk\u00f6punar og gle\u00f0i og veri\u00f0 hefur.<br \/>A\u00f0 \u00feessu sinni ver\u00f0a fj\u00f6gur fj\u00f6lbreytt n\u00e1mskei\u00f0 \u00ed bo\u00f0i. Vi\u00f0 bj\u00f3\u00f0um velkominn Hannes \u00d3la \u00c1g\u00fastsson sem kennir hj\u00e1 okkur \u00ed fyrsta sinn og ver\u00f0ur me\u00f0 Leiklist II, sem er framhald af n\u00e1mskei\u00f0inu sem A\u00f0albj\u00f6rg \u00c1rnad\u00f3ttir var me\u00f0 \u00ed fyrra. Einnig f\u00f6gnum vi\u00f0 \u00fev\u00ed a\u00f0 f\u00e1 Evu Bj\u00f6rgu Har\u00f0ard\u00f3ttur og Ingvar Gu\u00f0na Brynj\u00f3lfsson til okkar me\u00f0 framhald \u00e1 n\u00e1mskei\u00f0inu Bak vi\u00f0 tj\u00f6ldin sem Eva Bj\u00f6rg st\u00fdr\u00f0i 2018. \u00de\u00e1 m\u00e6tir \u00c1rni Kristj\u00e1nsson aftur, a\u00f0 \u00feessu sinni me\u00f0 Leikstj\u00f3rn I. S\u00e9rn\u00e1mskei\u00f0 um leikarann sem skapandi listamann ver\u00f0ur svo \u00ed h\u00f6ndum hins \u00ferautreynda kennara R\u00fanars Gu\u00f0brandssonar.<br \/>Vi\u00f0 vonum a\u00f0 sem flestir eigi \u00feess kost a\u00f0 nema og nj\u00f3ta.<br \/>Hl\u00f6kkum til a\u00f0 sj\u00e1 ykkur \u2013 me\u00f0 bestu kve\u00f0ju,\u2028<strong>Hrefna, D\u00fdrleif, Herd\u00eds, Hrund<\/strong> og <strong>G\u00edsli<\/strong><\/p><hr \/><p>\u00a0<\/p><h4><img class=\"alignright wp-image-21118 size-medium\" src=\"https:\/\/leiklist.is\/wp-content\/uploads\/2020\/02\/ArniKristjans03-283x300.jpg\" alt=\"\" width=\"283\" height=\"300\" \/>Leikstj\u00f3rn I \u2013 Grunnn\u00e1mskei\u00f0<\/h4><p>Kennari <strong>\u00c1rni Kristj\u00e1nsson<\/strong><br \/>\u00de\u00e1ttt\u00f6kugjald: 101.000 kr.<br \/>N\u00e1mskei\u00f0i\u00f0 er grunnn\u00e1mskei\u00f0 fyrir leikstj\u00f3ra. \u00deeir ganga fyrir sem ekki hafa \u00e1\u00f0ur s\u00f3tt Leikstj\u00f3rn I.<\/p><p>\u00c1 n\u00e1mskei\u00f0inu ver\u00f0ur fjalla\u00f0 nokku\u00f0 almennt um starf leikstj\u00f3rans, \u2013 hvert er hlutverk hans og hvernig leysir hann \u00fea\u00f0?<br \/>Huga\u00f0 ver\u00f0ur a\u00f0 undirb\u00faningi leikstj\u00f3rans, greiningarvinnu og skipulagningu \u00e1\u00f0ur en \u00e6fingar hefjast, en l\u00edka \u00fev\u00ed verki sem fram fer \u00e1 \u00e6fingat\u00edmanum me\u00f0 leikurum og \u00f6\u00f0rum a\u00f0standendum.<br \/>N\u00e1mskei\u00f0i\u00f0 ver\u00f0ur \u00fev\u00ed hvoru tveggja fr\u00e6\u00f0ilegt og verklegt.<br \/>Eftir a\u00f0 skr\u00e1ningu l\u00fdkur ver\u00f0a \u00f6llum \u00fe\u00e1tttakendum send verk til sko\u00f0unar og \u00feau s\u00ed\u00f0an l\u00f6g\u00f0 til grundvallar vinnunni \u00e1 Reykjum. Kennari mun einnig senda \u00fe\u00e1tttakendum verkefni til a\u00f0 \u00edhuga og leysa \u00e1\u00f0ur en n\u00e1mskei\u00f0i\u00f0 hefst, \u00feannig a\u00f0 \u00e1kve\u00f0ins undirb\u00fanings ver\u00f0ur krafist.<br \/>Kennsla fer fram me\u00f0 \u00fdmsum h\u00e6tti; fyrirlestrar, umr\u00e6\u00f0ur, verklegar \u00e6fingar, einstaklings verkefni, h\u00f3pverkefni, o.s.frv.<\/p><p><strong>\u00c1rni Kristj\u00e1nsson<\/strong> \u00fatskrifa\u00f0ist me\u00f0 MA gr\u00e1\u00f0u \u00ed Leikstj\u00f3rn fr\u00e1 Bristol Old Vic \u00e1ri\u00f0 2016. \u00c1rni er listr\u00e6nn stj\u00f3rnandi leikh\u00f3psins Lakehouse og hefur me\u00f0 honum sett upp \u00ferj\u00fa verk \u00cd samhengi vi\u00f0 stj\u00f6rnurnar eftir Nick Payne (2017), Rej\u00fan\u00edon (2018) og n\u00fa \u00e1 Listah\u00e1t\u00ed\u00f0 2020 s\u00fdnir Lakehouse fyrsta \u00e1fanga af verkinu Einangrun. \u00c1rni hefur einnig leikst\u00fdrt gle\u00f0is\u00f6ngleiknum Journey to the centre of the Earth \u00e1 Rifi (2016) og \u00f3peruleikverkunum Selshamnum (2016) og Plast\u00f3perunni (2018).<br \/>\u00c1rni hefur a\u00f0sto\u00f0arleikst\u00fdrt fyrir Svein Einarsson \u00ed tveimur \u00f3perum, Cavalleria Rusticana & Pagliacci (2008) og Baldursbr\u00e1 (2015), hann hefur einnig a\u00f0sto\u00f0arleikst\u00fdrt fyrir Baltasar Korm\u00e1k \u00ed \u00dej\u00f3\u00f0leikh\u00fasinu, Tom Morris \u00ed Bristol Old Vic og Donnacadh O\u2019Briain \u00ed MA n\u00e1minu.<br \/>\u00c1rni hefur skrifa\u00f0 t\u00f6luvert og vann Gr\u00edmuver\u00f0laun \u00e1ri\u00f0 2014 fyrir besta \u00fatvarpsleikrit me\u00f0 verki\u00f0 S\u00f6ngur hrafnanna. \u00c1rni er um \u00feessar mundir stundakennari vi\u00f0 LH\u00cd og kennir einnig leiklist \u00ed \u00ed Dalsk\u00f3la og var sk\u00f3lastj\u00f3ri Leiklistarsk\u00f3la Borgarleikh\u00fassins 2019-2020.<br \/>\u00deetta er \u00ed anna\u00f0 sinn sem \u00c1rni kennir vi\u00f0 sk\u00f3lann.<\/p><hr \/><h4><img class=\"alignright wp-image-21122 size-medium\" src=\"https:\/\/leiklist.is\/wp-content\/uploads\/2020\/02\/HannesOli-217x300.jpg\" alt=\"\" width=\"217\" height=\"300\" \/>Leiklist II<\/h4><p>Kennari er <strong>Hannes \u00d3li \u00c1g\u00fastsson<\/strong><\/p><p>Forkr\u00f6fur:<br \/>N\u00e1mskei\u00f0i\u00f0 er framhaldsn\u00e1mskei\u00f0 fyrir leikara og \u00e6tla\u00f0 \u00feeim sem s\u00f3tt hafa Leiklist I e\u00f0a samb\u00e6rileg n\u00e1mskei\u00f0. \u00deeir sem s\u00f3tt hafa Leiklist I og hafa ekki \u00e1\u00f0ur s\u00f3tt Leiklist II ganga fyrir.<br \/>\u00c1 \u00feessu n\u00e1mskei\u00f0i ver\u00f0ur \u00e1hersla l\u00f6g\u00f0 \u00e1 senuvinnu og karaktersk\u00f6pun. Unni\u00f0 ver\u00f0ur me\u00f0 handrit a\u00f0 verki, senur \u00far verkinu greindar \u00fat fr\u00e1 Kerfi L\u00edkamlegra Ger\u00f0a og unni\u00f0 me\u00f0 svi\u00f0setningu \u00e1 \u00feeim. Einnig ver\u00f0a sko\u00f0a\u00f0ar mismunandi lei\u00f0ir til a\u00f0 n\u00e1lgast karakter, hvernig byggjum vi\u00f0 pers\u00f3nur og l\u00edk\u00f6mnum \u00fe\u00e6r? Unni\u00f0 ver\u00f0ur me\u00f0 fors\u00f6gur, karakteropnanir og spuna. Raddvinna og f\u00f3kus\u00e6fingar ver\u00f0a einnig settar \u00e1 oddinn, og leitast vi\u00f0 a\u00f0 tengja sl\u00edka vinnu beint inn \u00ed senuvinnuna.<\/p><p><strong>Hannes \u00d3li \u00c1g\u00fastsson<\/strong> \u00fatskrifa\u00f0ist fr\u00e1 leikarabraut leiklistardeildar Listah\u00e1sk\u00f3la \u00cdslands vori\u00f0 2009. Hann l\u00e9k \u00ed uppsetningum \u00dej\u00f3\u00f0leikh\u00fassins \u00e1 L\u00e9r konungur, Allir synir m\u00ednir og Bjart me\u00f0 k\u00f6flum og l\u00e9k \u00ed leiks\u00fdningunum 1984, Himnar\u00edki og helv\u00edti, N\u00fana 2019 og F\u00f3lk, sta\u00f0ir og hlutir \u00ed Borgarleikh\u00fasinu. Einnig l\u00e9k Hannes \u00ed Leigumor\u00f0ingjanum, Kaktus, Sek og Gullna hli\u00f0inu hj\u00e1 Leikf\u00e9lagi Akureyrar. Hannes hefur a\u00f0 auki unni\u00f0 talsvert me\u00f0 svi\u00f0slistah\u00f3punum Hreyfi\u00fer\u00f3unarsamsteypan (Shake me, \u00daps!), \u00c1hugaleikh\u00fas Atvinnumanna (\u00d3dau\u00f0legu verkin), So\u00f0i\u00f0 Svi\u00f0 (H\u00e6ttuf\u00f6r \u00ed Huli\u00f0sdal, Extravaganza) og \u00d3skab\u00f6rn \u00f3g\u00e6funnar \u00ed Illsku. Hannes var tilnefndur til Gr\u00edmuver\u00f0launa fyrir frammist\u00f6\u00f0u s\u00edna \u00ed Illsku og Himnar\u00edki og helv\u00edti. Me\u00f0al annarra verka sem Hannes hefur leiki\u00f0 \u00ed \u00e1 svi\u00f0i m\u00e1 nefna Muna\u00f0arlaus, Hnykill, \u00c9g er vindurinn og G\u00f3\u00f0i d\u00e1tinn Svejk. Me\u00f0al hlutverka Hannesar \u00ed kvikmyndum og sj\u00f3nvarpi m\u00e1 nefna sj\u00f3nvarps\u00fe\u00e6ttina H\u00e6 Gosi og Stellu Bl\u00f3mkvist, og kvikmyndirnar Bjarnfre\u00f0arson, Grimmd, H\u00e9ra\u00f0i\u00f0 og M\u00e1lmhaus, en Hannes hlaut tilnefningu til Edduver\u00f0launa fyrir \u00fea\u00f0 hlutverk. \u00de\u00e1 hefur Hannes veri\u00f0 mj\u00f6g \u00e1berandi \u00ed \u00c1ram\u00f3taskaupi Sj\u00f3nvarpsins undanfarin \u00e1r. Me\u00f0al erlendra verkefna m\u00e1 nefna hlutverk \u00ed sj\u00f3nvarps\u00fe\u00e1ttunum Sense8 og Documentary Now!, og kvikmyndinni Eurovision.<br \/>Hannes \u00d3li hefur sinnt stundakennslu vi\u00f0 svi\u00f0slistadeild Listah\u00e1sk\u00f3la \u00cdslands og leikarabraut Kvikmyndask\u00f3la \u00cdslands.<br \/>\u00deetta er \u00ed fyrsta sinn sem Hannes \u00d3li kennir vi\u00f0 sk\u00f3lann.<\/p><hr \/><h4><img class=\"alignright wp-image-21124 size-full\" src=\"https:\/\/leiklist.is\/wp-content\/uploads\/2020\/02\/EvaOGIngvar.jpg\" alt=\"\" width=\"300\" height=\"200\" \/>Tj\u00f6ldin fr\u00e1: Framhald \u00e1 n\u00e1mskei\u00f0inu Bak vi\u00f0 tj\u00f6ldin \u00ed leikmynda- og b\u00faningager\u00f0<\/h4><p>Kennarar eru <strong>Eva Bj\u00f6rg Har\u00f0ard\u00f3ttir og\u00a0Ingvar Gu\u00f0ni Brynj\u00f3lfsson<\/strong><\/p><p>Forkr\u00f6fur: Ums\u00e6kjendur hafi s\u00f3tt grunnn\u00e1mskei\u00f0i\u00f0 \u201e\u00c1 bak vi\u00f0 tj\u00f6ldin\u201c, samb\u00e6rilegt n\u00e1mskei\u00f0 e\u00f0a hafi brennandi \u00e1huga\/umtalsver\u00f0a reynslu af vinnu vi\u00f0 leikmyndir, leikmuni og\/e\u00f0a b\u00faninga.<br \/>Hva\u00f0 ver\u00f0ur \u00e1 svi\u00f0inu \u00feegar tj\u00f6ldin dragast fr\u00e1? Markmi\u00f0 n\u00e1mskei\u00f0sins er a\u00f0 efla nemendur \u00ed a\u00f0 koma hugmyndum s\u00ednum \u00e1 svi\u00f0 og a\u00f0 eiga samskipti vi\u00f0 framkv\u00e6mdaa\u00f0ila. Kynnt ver\u00f0a verkf\u00e6ri og t\u00e6kni til a\u00f0 hugsa \u00fat fyrir rammann og koma hugmyndum s\u00ednum \u00ed verk.<br \/>Kennarar eru tveir og hafa umtalsver\u00f0a reynslu \u00ed leikmynda-, leikmuna-, b\u00faninga- og leikgervager\u00f0. \u00deeir skipta me\u00f0 s\u00e9r n\u00e1mskei\u00f0st\u00edmanum svo allir nemendur f\u00e1 s\u00f6mu kennslu. Einnig ver\u00f0ur n\u00e1mskei\u00f0i\u00f0 a\u00f0 einhverju leyti a\u00f0laga\u00f0 \u00fe\u00e1ttakendum.<br \/>N\u00e1mskei\u00f0i\u00f0 byggir \u00e1 mikilli virkni allra \u00fe\u00e1tttakenda en b\u00e6\u00f0i ver\u00f0ur unni\u00f0 \u00ed einstaklingsvinnu og h\u00f3pum. N\u00e1mskei\u00f0i\u00f0 skiptist \u00ed fyrirlestra, umr\u00e6\u00f0ur og verklegar \u00e6fingar.<br \/>Leikmynd og leikmunir:<br \/>Uppf\u00e6rsla m\u00f3dels\/teikninga \u00ed raunst\u00e6r\u00f0.<br \/>Efnisval, helstu eiginleikar og efnisfr\u00e6\u00f0i mest notu\u00f0u efna \u00ed leikmynd; st\u00e6r\u00f0ir, n\u00fdting, hva\u00f0 er h\u00e6gt og hva\u00f0 m\u00e1.<br \/>Hva\u00f0 m\u00e1 ekki. \u00d6ryggi, regluger\u00f0ir og kr\u00f6fur.<br \/>T\u00edmarammi, framgangur verks.<br \/>Unni\u00f0 a\u00f0 verkefnum.<br \/>B\u00faningar og leikgervi:<br \/>\u00dej\u00f3nusta gervis vi\u00f0 leikara\/hlutverk. A\u00f0fer\u00f0ir vi\u00f0 b\u00faninga- og leikgervager\u00f0.<br \/>Efnisval \u2013 hef\u00f0bundi\u00f0 og \u00f3hef\u00f0bundi\u00f0. Endurn\u00fdting.<br \/>B\u00faningager\u00f0 \u00e1n saumav\u00e9lar.<br \/>Unni\u00f0 a\u00f0 verkefnum.<br \/>Leita\u00f0 er eftir frumkv\u00e6\u00f0i nemenda og stendur nemendum stendur til bo\u00f0a a\u00f0 m\u00e6ta me\u00f0 \u201everkefni a\u00f0 heiman\u201c, og g\u00e6ti n\u00e1mskei\u00f0i\u00f0 \u00feannig n\u00fdst vi\u00f0 undirb\u00faning komandi verkefna.<br \/>Eftir a\u00f0 skr\u00e1ningu l\u00fdkur ver\u00f0ur \u00fe\u00e1tttakendum sendur listi yfir verkf\u00e6ri og efnivi\u00f0 sem gott er a\u00f0 hafa me\u00f0 s\u00e9r.<\/p><p><strong>Ingvar Gu\u00f0ni Brynj\u00f3lfsson<\/strong> er h\u00fasasm\u00ed\u00f0ameistari og hefur m.a. starfa\u00f0 vi\u00f0 leikmyndir \u00ed leikh\u00fasum, sj\u00f3nvarpi og kvikmyndum. Ingvar hefur starfa\u00f0 me\u00f0 Leikf\u00e9lagi Selfoss, Hugleik, S\u00fdnum, Freyvangsleikh\u00fasinu og Leikf\u00e9lagi Mosfellssveitar, eins \u00ed \u00dej\u00f3\u00f0leikh\u00fasinu, Latab\u00e6 og me\u00f0 Mi\u00f0n\u00e6tti, \u00fdmist einn e\u00f0a me\u00f0 h\u00f3p. \u00deetta er \u00ed fyrsta sinn sem Ingvar kennir vi\u00f0 sk\u00f3lann.<\/p><p><strong>Eva Bj\u00f6rg Har\u00f0ard\u00f3ttir<\/strong> lauk M.A. n\u00e1mi \u00ed leikmynda- og b\u00faningah\u00f6nnun (Theatre Design) fr\u00e1 University of the Arts London \u00e1ri\u00f0 2016. H\u00fan hefur einnig B.Ed. gr\u00e1\u00f0u \u00ed kennslufr\u00e6\u00f0um fr\u00e1 Kennarah\u00e1sk\u00f3la \u00cdslands. Eva Bj\u00f6rg er sj\u00e1lfst\u00e6tt starfandi leikmynda- og b\u00faningah\u00f6nnu\u00f0ur og hefur unni\u00f0 miki\u00f0 me\u00f0 sj\u00e1lfst\u00e6\u00f0um leikh\u00f3pum sem og \u00e1hugaf\u00e9l\u00f6gum. Eva Bj\u00f6rg stofna\u00f0i leikh\u00f3pinn Mi\u00f0n\u00e6tti \u00e1samt Agnesi Wild og Sigr\u00fanu Har\u00f0ard\u00f3ttur og hefur hanna\u00f0 \u00f6ll verkefni h\u00f3psins, en h\u00f3purinn einbeitir s\u00e9r a\u00f0 \u00fev\u00ed a\u00f0 framlei\u00f0a vanda\u00f0ar leiks\u00fdningar og sj\u00f3nvarpsefni fyrir b\u00f6rn. Eva Bj\u00f6rg hefur einnig hanna\u00f0 fyrir Menningarf\u00e9lag Akureyrar, Cauda Collective, Hringleik, Umskiptinga, Artik, Sirkus \u00cdslands, Spindrift Theatre, Lost Watch og fleiri. Einnig hefur Eva Bj\u00f6rg starfa\u00f0 vi\u00f0 kennslu, \u00ed kvikmyndum, vi\u00f0 b\u00faninga- og leikmunager\u00f0 og s\u00e9\u00f0 um svi\u00f0ssetningar og b\u00faninga fyrir vi\u00f0bur\u00f0i og heimilda\u00fe\u00e6tti. \u00deetta er \u00ed anna\u00f0 sinn sem Eva Bj\u00f6rg kennir vi\u00f0 sk\u00f3lann.<\/p><hr \/><h4><img class=\"alignright wp-image-21126 size-medium\" src=\"https:\/\/leiklist.is\/wp-content\/uploads\/2020\/02\/RunarGud-200x300.jpg\" alt=\"\" width=\"200\" height=\"300\" \/>Leikarinn sem skapandi listama\u00f0ur<\/h4><p>Kennari er <strong>R\u00fanar Gu\u00f0brandsson<\/strong><\/p><p>Forkr\u00f6fur: N\u00e1mskei\u00f0i\u00f0 er \u00e6tla\u00f0 \u00feeim sem hafa s\u00f3tt Leiklist I og II e\u00f0a samb\u00e6rileg n\u00e1mskei\u00f0 e\u00f0a hafa umtalsver\u00f0a reynslu af leiklist.<br \/>Leikarinn sem skapandi listama\u00f0ur (e\u00f0a Leikarinn sem h\u00f6fundur)<br \/>\u00c1 \u00feessu n\u00e1mskei\u00f0i ver\u00f0ur leitast vi\u00f0 a\u00f0 hj\u00e1lpa leikaranum a\u00f0 skapa og forma sitt eigi\u00f0 efni gegnum \u00fdmis konar \u00e6fingar og spunavinnu, b\u00e6\u00f0i sem einstaklingur og hluti af h\u00f3p.<br \/>Enda \u00fe\u00f3tt sk\u00f6pun s\u00e9 \u00fatgangspunktur \u00e1 n\u00e1mskei\u00f0inu sn\u00fdst \u00fea\u00f0 l\u00edka um t\u00e6kni, og \u00fej\u00e1lfun, \u00fev\u00ed: \u201cHversu skapandi sem vi\u00f0 erum, \u00fe\u00e1 h\u00f6fum vi\u00f0 engan farveg til a\u00f0 beina sk\u00f6punarkrafti okkar \u00ed - ef okkur skortir t\u00e6kni\u201d.<br \/>\u00de\u00e1tttakendum ver\u00f0ur s\u00ed\u00f0an gert a\u00f0 n\u00fdta s\u00e9r \u00fe\u00e1 t\u00e6kni sem \u00feau hafa tileinka\u00f0 s\u00e9r \u00e1 skapandi h\u00e1tt og ver\u00f0ur \u00fe\u00e1 unni\u00f0 me\u00f0 \u00fdmis konar spunaa\u00f0fer\u00f0ir og samsetningar.<br \/>\u00c1hersla ver\u00f0ur l\u00f6g\u00f0 \u00e1 pers\u00f3nulega og einl\u00e6ga tj\u00e1ningu og \u00ed \u00fev\u00ed sambandi m.a. unni\u00f0 me\u00f0 \u00e6fingar \u00fear sem \u00fe\u00e1tttakendur nota s\u00edna eigin reynslu (t.d.minningar) og \u00edmyndunarafl (langanir, vonir, \u00f3tta, drauma etc.), en einnig leitum vi\u00f0 v\u00edtt og breitt um ver\u00f6ld alla a\u00f0 efnivi\u00f0 til a\u00f0 skapa leikr\u00e6nar a\u00f0st\u00e6\u00f0ur og \u00fer\u00f3a s\u00f6gur.<br \/>\u00de\u00f3 oft ver\u00f0i unni\u00f0 \u00ed h\u00f3pum og p\u00f6rum ver\u00f0ur einstaklingurinn \u00e6vinlega \u00ed brennidepli \u00fear sem hann \u00fearf st\u00f6\u00f0ugt a\u00f0 spyrja sj\u00e1lfan sig: Hva\u00f0 vil \u00e9g segja me\u00f0 list minni?<br \/>Harmi og gle\u00f0i ver\u00f0ur gert jafnh\u00e1tt undir h\u00f6f\u00f0i og \u00fdmsar fr\u00e1sagnaa\u00f0fer\u00f0ir, st\u00edlar og stefnur sko\u00f0a\u00f0ar og reyndar \u00ed leit a\u00f0 innbl\u00e6stri. \u201cGo bananas, - but with control\u201d!!!<\/p><p><strong>R\u00fanar Gu\u00f0brandsson<\/strong> nam upphaflega leiklist \u00ed Danm\u00f6rku og starfa\u00f0i \u00fear sem leikari um \u00e1rabil, me\u00f0 \u00fdmsum leikh\u00f3pum. Frekari \u00fej\u00e1lfun hlaut hann m.a. hj\u00e1 Odin leikh\u00fasinu \u00ed Holsterbro, hj\u00e1 leikh\u00f3pi Jerzy Grotowskis \u00ed Wroclaw \u00ed P\u00f3llandi, Dario Fo \u00e1 \u00cdtal\u00edu, Jury Alschitz \u00ed Kaupmannah\u00f6fn og v\u00ed\u00f0ar, og Anatoly Vasiliev \u00ed Moskvu. R\u00fanar lauk MA og MPhil gr\u00e1\u00f0um \u00ed leiklistarfr\u00e6\u00f0um og leikstj\u00f3rn fr\u00e1 De Montfort h\u00e1sk\u00f3lanum \u00ed Leicester \u00e1 Englandi og hefur loki\u00f0 fyrri hluta doktorsn\u00e1ms \u00ed fr\u00e6\u00f0unum. Hann hefur leikst\u00fdrt fj\u00f6lda leiks\u00fdninga h\u00e9rlendis og erlendis og fengist vi\u00f0 leiklistarkennslu og \u00fej\u00e1lfun leikara v\u00ed\u00f0a \u00ed Evr\u00f3pu. R\u00fanar var fyrsti pr\u00f3fessor \u00ed leikt\u00falkun vi\u00f0 Listah\u00e1sk\u00f3la \u00cdslands. Hann hefur reki\u00f0 leiksmi\u00f0juna Lab Loka s\u00ed\u00f0an 1992, stj\u00f3rna\u00f0 \u00fej\u00e1lfun h\u00f3psins og st\u00fdrt flestum verkefnum hans h\u00e9rlendis og erlendis. Hann hefur auk \u00feess fengist vi\u00f0 \u00fdmis konar tilraunastarfsemi \u00e1 vettvangi kvikmynda og gj\u00f6rningalistar.\u2029\u00deetta er \u00ed t\u00f3lfta sinn sem R\u00fanar kennir vi\u00f0 sk\u00f3lann.<\/p><hr \/><h4><img class=\"alignright wp-image-21148 size-medium\" src=\"https:\/\/leiklist.is\/wp-content\/uploads\/2020\/02\/Reykjaskoli_small-300x125.jpg\" alt=\"\" width=\"300\" height=\"125\" \/>Leiklistarsk\u00f3li Bandalags \u00edslenskra leikf\u00e9laga 2020 - Almennar uppl\u00fdsingar<\/h4><p>Skr\u00e1ning \u00ed sk\u00f3lann stendur yfir fr\u00e1 kl. 16.00 \u00fe. 14. mars til 15. apr\u00edl. Ums\u00f3knir skal fylla \u00fat \u00e1 Leiklistarvefnum, www.leiklist.is. Opna\u00f0 ver\u00f0ur fyrir ums\u00f3knir 15. mars.<br \/>Reglan Fyrstur kemur \u2013 fyrstur f\u00e6r gildir vi\u00f0 skr\u00e1ningar gegn grei\u00f0slu sta\u00f0festingargjalds, kr. 40.000, ef innt\u00f6kuskilyr\u00f0um er fulln\u00e6gt a\u00f0 \u00f6\u00f0ru leyti. N\u00e1ist ekki \u00e1s\u00e6ttanlegur fj\u00f6ldi \u00e1 tilteki\u00f0 n\u00e1mskei\u00f0 fellur \u00fea\u00f0 ni\u00f0ur. Aldurstakmark \u00ed sk\u00f3lann er 18 \u00e1r. Sk\u00f3linn hefur sett s\u00e9r reglur, m.a. um umgengni, reykingar og \u00e1fengisneyslu, sem nemendur sam\u00feykkja a\u00f0 fara eftir \u00e1 starfst\u00edma sk\u00f3lans (sj\u00e1 einnig bls. 6).<br \/>Starfst\u00edmi sk\u00f3lans \u00e1 \u00feessu \u00e1ri er fr\u00e1 13. til 21. j\u00fan\u00ed. Sk\u00f3lasetning er laugardaginn 13. j\u00fan\u00ed kl. 9.00 og hefjast n\u00e1mskei\u00f0in strax \u00fear \u00e1 eftir. Nemendur eru velkomnir a\u00f0 Reykjask\u00f3la kv\u00f6ldi\u00f0 fyrir sk\u00f3lasetningu, fr\u00e1 kl. 20.00 en ekki er bo\u00f0i\u00f0 upp \u00e1 kv\u00f6ldver\u00f0. Sk\u00f3laslit eru kl. 12.00 sunnudaginn 16. j\u00fan\u00ed. Vi\u00f0urkenningarskj\u00f6l og merki sk\u00f3lans ver\u00f0a afhent vi\u00f0 sk\u00f3laslit.<br \/>A\u00f0sta\u00f0a \u00ed Reykjask\u00f3la: Svefnherbergin eru b\u00fain 2 uppb\u00fanum r\u00famum, \u00fe.e. koddi, s\u00e6ng, lak og s\u00e6ngurf\u00f6t fylgja me\u00f0, litlu bor\u00f0i og tveim st\u00f3lum. Nemendur hafi me\u00f0 s\u00e9r handkl\u00e6\u00f0i og sundf\u00f6t. Sundlaug, gufuba\u00f0 og heitir pottar eru \u00e1 sta\u00f0num. Haldi\u00f0 er lokah\u00f3f s\u00ed\u00f0asta kv\u00f6ldi\u00f0 \u00fear sem f\u00f3lk kl\u00e6\u00f0ir sig upp \u00e1, kve\u00f0ur kennarana s\u00edna og skemmtir hvert \u00f6\u00f0ru me\u00f0 dansi og s\u00f6ng.<br \/>\u00de\u00e1ttt\u00f6kugjald \u00e1 n\u00e1mskei\u00f0 er 101.000 kr. Sta\u00f0festingargjald er kr. 40.000 og grei\u00f0ist \u00fea\u00f0 vi\u00f0 skr\u00e1ningu. Sta\u00f0festingargjald er \u00f3endurkr\u00e6ft nema gegn framv\u00edsun l\u00e6knisvottor\u00f0s. H\u00e6gt er a\u00f0 grei\u00f0a s\u00edmlei\u00f0is me\u00f0 grei\u00f0slukorti.<br \/>Gjaldi\u00f0 skal vera a\u00f0 fullu greitt 10 d\u00f6gum fyrir sk\u00f3lasetningu. Innifali\u00f0 \u00ed \u00fe\u00e1ttt\u00f6kugjaldi er gisting, matur, kennsla og g\u00f6gn.<br \/>Me\u00f0limum a\u00f0ildarf\u00e9laga Bandalags \u00edslenskra leikf\u00e9laga er bent \u00e1 a\u00f0 f\u00e9l\u00f6gin geta s\u00f3tt um sm\u00e1 styrk til Bandalagsins ef \u00feau senda nemendur \u00ed sk\u00f3lann.<br \/>Kennarar sk\u00f3lans og starfsf\u00f3lk:<br \/>Sk\u00f3last\u00fdra \u2014 D\u00fdrleif J\u00f3nsd\u00f3ttir, <a href=\"mailto:dillajons@gmail.com\">dillajons@gmail.com<\/a><br \/>Sk\u00f3last\u00fdra \u2014 Hrefna Fri\u00f0riksd\u00f3ttir, <a href=\"mailto:hrefnafr@hi.is\">hrefnafr@hi.is<\/a><br \/>Leiklist I \u2014 Hannes \u00d3li \u00c1g\u00fastsson, <a href=\"mailto:hannesoli@gmail.com\">hannesoli@gmail.com<\/a><br \/>Leikritun II \u2014 \u00c1rni Kristj\u00e1nsson, <a href=\"mailto:arnikristjans.arkandi@gmail.com\">arnikristjans.arkandi@gmail.com<\/a> S\u00e9rn\u00e1mskei\u00f0 fyrir leikara \u2014 R\u00fanar Gu\u00f0brandsson, <a href=\"mailto:labloki@mmedia.is\">labloki@mmedia.is<\/a><br \/>Bak vi\u00f0 tj\u00f6ldin II - Eva Bj\u00f6rg Har\u00f0ard\u00f3ttir, <a href=\"mailto:evabjorg@gmail.com\">evabjorg@gmail.com<\/a> & Ingvar Brynj\u00f3lfsson, <a href=\"mailto:ingvarbryn@simnet.is\">ingvarbryn@simnet.is<\/a><\/p><hr \/><p>Ums\u00f3kn telst gild \u00feegar sta\u00f0festingargjald hefur veri\u00f0 greitt. Grei\u00f0a skal \u00ed s\u00ed\u00f0asta lagi \u2028 15. apr\u00edl til Bandalags \u00edsl. leikf\u00e9laga og senda tilkynningu \u00e1 netfangi\u00f0 info@leiklist.is. \u2028 Grei\u00f0a skal inn \u00e1 reikning:<br \/>Kt. 440169-0239 \/ Banki 334-26-5463<\/p><p><strong>Bandalag \u00edslenskra leikf\u00e9laga, Kleppsm\u00fdrarvegi 8, 104 Reykjav\u00edk<br \/>s\u00edmi 551 6974, netfang <a href=\"mailto:info@leiklist.is\">info@leiklist.is<\/a>, veffang <a href=\"http:\/\/www.leiklist.is\">www.leiklist.is<\/a><\/strong><\/p><p>\u00a0<\/p>","_et_gb_content_width":"","footnotes":""},"categories":[187,190,200,229,213],"tags":[],"class_list":["post-14870","post","type-post","status-publish","format-gallery","has-post-thumbnail","hentry","category-allar-frir","category-skn","category-markvert","category-nam-og-namskeid","category-vikupostur","post_format-post-format-gallery","et-has-post-format-content","et_post_format-et-post-format-standard"],"_links":{"self":[{"href":"https:\/\/leiklist.is\/en\/wp-json\/wp\/v2\/posts\/14870","targetHints":{"allow":["GET"]}}],"collection":[{"href":"https:\/\/leiklist.is\/en\/wp-json\/wp\/v2\/posts"}],"about":[{"href":"https:\/\/leiklist.is\/en\/wp-json\/wp\/v2\/types\/post"}],"author":[{"embeddable":true,"href":"https:\/\/leiklist.is\/en\/wp-json\/wp\/v2\/users\/3"}],"replies":[{"embeddable":true,"href":"https:\/\/leiklist.is\/en\/wp-json\/wp\/v2\/comments?post=14870"}],"version-history":[{"count":0,"href":"https:\/\/leiklist.is\/en\/wp-json\/wp\/v2\/posts\/14870\/revisions"}],"wp:featuredmedia":[{"embeddable":true,"href":"https:\/\/leiklist.is\/en\/wp-json\/wp\/v2\/media\/19882"}],"wp:attachment":[{"href":"https:\/\/leiklist.is\/en\/wp-json\/wp\/v2\/media?parent=14870"}],"wp:term":[{"taxonomy":"category","embeddable":true,"href":"https:\/\/leiklist.is\/en\/wp-json\/wp\/v2\/categories?post=14870"},{"taxonomy":"post_tag","embeddable":true,"href":"https:\/\/leiklist.is\/en\/wp-json\/wp\/v2\/tags?post=14870"}],"curies":[{"name":"wp","href":"https:\/\/api.w.org\/{rel}","templated":true}]}}