{"id":1462,"date":"2007-06-12T10:01:56","date_gmt":"2007-06-12T10:01:56","guid":{"rendered":"http:\/\/wp.leiklist.is\/?p=1462"},"modified":"2007-06-12T10:01:56","modified_gmt":"2007-06-12T10:01:56","slug":"skb-settur-llefta-sinn","status":"publish","type":"post","link":"https:\/\/leiklist.is\/en\/skb-settur-llefta-sinn\/","title":{"rendered":"Sk\u00f3li B\u00cdL settur \u00ed ellefta sinn"},"content":{"rendered":"<p>Laugardaginn 9. j\u00fan\u00ed var Leiklistarsk\u00f3li Bandalagsins settur a\u00f0 H\u00fasabakka \u00ed Svarfa\u00f0ardal \u00ed ellefta sinn. Nemendur vi\u00f0 sk\u00f3lann eru um 40 talsins hj\u00e1 \u00feremur kennurum, \u00feeim \u00c1g\u00fastu Sk\u00falad\u00f3ttur, Agli Hei\u00f0ari Antoni P\u00e1lssyni og Stephen Harper. Stephen \u00feessi kemur fr\u00e1 Bretlandi og \u00e1 myndinni h\u00e9r til h\u00e6gri m\u00e1 sj\u00e1 gr\u00edmur sem hann vinnur me\u00f0 \u00ed kennslunni. Nemendur eru allir mj\u00f6g \u00e1n\u00e6g\u00f0ir me\u00f0 s\u00edna kennara og v\u00e6nta mikils af n\u00e1minu \u00fea\u00f0 sem eftir lifir vikunnar, en sk\u00f3lanum ver\u00f0ur sliti\u00f0 \u00e1 \u00fej\u00f3\u00f0h\u00e1t\u00ed\u00f0ardaginn 17. j\u00fan\u00ed.<\/p>\n<p>\u00a0<\/p>\n<p>\u00a0<\/p>\n<p>\u00a0<\/p>\n<p>\u00a0<\/p>\n<p> <!--more--> <\/p>\n<p><img loading=\"lazy\" decoding=\"async\" class=\"alignleft size-full wp-image-1459\" style=\"float: left; margin: 5px\" src=\"https:\/\/leiklist.is\/wp-content\/uploads\/2007\/06\/BIL_Skolinn_2007_busad.jpg\" alt=\"busad.jpg\" title=\"busad.jpg\" width=\"195\" height=\"146\" \/><img loading=\"lazy\" decoding=\"async\" class=\"alignright size-full wp-image-1460\" style=\"float: right; width: 195px; height: 146px; margin: 5px\" src=\"https:\/\/leiklist.is\/wp-content\/uploads\/2007\/06\/BIL_Skolinn_2007_busad2.jpg\" alt=\"busad2.jpg\" title=\"busad2.jpg\" width=\"195\" height=\"146\" \/>A\u00f0 venju voru n\u00fdjir nemendur busa\u00f0ir af \u00feeim eldri me\u00f0 miklum til\u00ferifum. Til vinstri m\u00e1 l\u00edta vaskan flokk eldri nemenda tilb\u00fana til a\u00f0 taka n\u00fdli\u00f0agreyin \u00ed bakar\u00edi\u00f0 og h\u00e9r til h\u00e6gri gefur a\u00f0 l\u00edta eitt f\u00f3rnarlambanna. <\/p>\n<p>Tveir nemendur, \u00feau Hrund\u00d3lafsd\u00f3ttir og \u00c1rmann Gu\u00f0mundsson, hafa s\u00f3tt sk\u00f3lann \u00f6ll \u00e1rin og \u00fe\u00f3ttivi\u00f0 h\u00e6fi a\u00f0 \u00feau dr\u00e6gu Bandalagsf\u00e1nann a\u00f0 h\u00fani vi\u00f0 setninguna (sj\u00e1 mynd h\u00e9r ne\u00f0st).<\/p>\n<p>Fylgist me\u00f0 fr\u00e9ttum af sk\u00f3lastarfinu \u00e1 spjallinu \u00fear sem umr\u00e6\u00f0u\u00fer\u00e1\u00f0ur er \u00ed gangi e\u00f0a stofni\u00f0 n\u00fdjan me\u00f0 \u00fev\u00ed a\u00f0 smella \u00e1 linkinn h\u00e9r a\u00f0 ne\u00f0an.<\/p>\n<p>\u00a0<\/p>\n<p><img loading=\"lazy\" decoding=\"async\" class=\"alignleft size-full wp-image-1461\" style=\"float: left; margin: 5px\" src=\"https:\/\/leiklist.is\/wp-content\/uploads\/2007\/06\/BIL_Skolinn_2007_skolasetning.jpg\" alt=\"skolasetning.jpg\" title=\"skolasetning.jpg\" width=\"187\" height=\"250\" \/>{mos_fb_discuss:3}  <\/p>","protected":false},"excerpt":{"rendered":"<p>Laugardaginn 9. j\u00fan\u00ed var Leiklistarsk\u00f3li Bandalagsins settur a\u00f0 H\u00fasabakka \u00ed Svarfa\u00f0ardal \u00ed ellefta sinn. Nemendur vi\u00f0 sk\u00f3lann eru um 40 talsins hj\u00e1 \u00feremur kennurum, \u00feeim \u00c1g\u00fastu Sk\u00falad\u00f3ttur, Agli Hei\u00f0ari Antoni P\u00e1lssyni og Stephen Harper. Stephen \u00feessi kemur fr\u00e1 Bretlandi og \u00e1 myndinni h\u00e9r til h\u00e6gri m\u00e1 sj\u00e1 gr\u00edmur sem hann vinnur me\u00f0 \u00ed kennslunni. Nemendur [&hellip;]<\/p>\n","protected":false},"author":3,"featured_media":1458,"comment_status":"open","ping_status":"open","sticky":false,"template":"","format":"standard","meta":{"_et_pb_use_builder":"","_et_pb_old_content":"","_et_gb_content_width":"","footnotes":""},"categories":[187],"tags":[],"class_list":["post-1462","post","type-post","status-publish","format-standard","has-post-thumbnail","hentry","category-allar-frir","et-has-post-format-content","et_post_format-et-post-format-standard"],"_links":{"self":[{"href":"https:\/\/leiklist.is\/en\/wp-json\/wp\/v2\/posts\/1462","targetHints":{"allow":["GET"]}}],"collection":[{"href":"https:\/\/leiklist.is\/en\/wp-json\/wp\/v2\/posts"}],"about":[{"href":"https:\/\/leiklist.is\/en\/wp-json\/wp\/v2\/types\/post"}],"author":[{"embeddable":true,"href":"https:\/\/leiklist.is\/en\/wp-json\/wp\/v2\/users\/3"}],"replies":[{"embeddable":true,"href":"https:\/\/leiklist.is\/en\/wp-json\/wp\/v2\/comments?post=1462"}],"version-history":[{"count":0,"href":"https:\/\/leiklist.is\/en\/wp-json\/wp\/v2\/posts\/1462\/revisions"}],"wp:featuredmedia":[{"embeddable":true,"href":"https:\/\/leiklist.is\/en\/wp-json\/"}],"wp:attachment":[{"href":"https:\/\/leiklist.is\/en\/wp-json\/wp\/v2\/media?parent=1462"}],"wp:term":[{"taxonomy":"category","embeddable":true,"href":"https:\/\/leiklist.is\/en\/wp-json\/wp\/v2\/categories?post=1462"},{"taxonomy":"post_tag","embeddable":true,"href":"https:\/\/leiklist.is\/en\/wp-json\/wp\/v2\/tags?post=1462"}],"curies":[{"name":"wp","href":"https:\/\/api.w.org\/{rel}","templated":true}]}}