{"id":1454,"date":"2007-06-07T09:02:42","date_gmt":"2007-06-07T09:02:42","guid":{"rendered":"http:\/\/wp.leiklist.is\/?p=1454"},"modified":"2020-03-08T14:50:46","modified_gmt":"2020-03-08T14:50:46","slug":"aundur-bandalags-enskra-leikfga-5-og-6-ma007","status":"publish","type":"post","link":"https:\/\/leiklist.is\/en\/aundur-bandalags-enskra-leikfga-5-og-6-ma007\/","title":{"rendered":"A\u00f0alfundur Bandalags \u00edslenskra leikf\u00e9laga 5. og 6. ma\u00ed 2007 \u00e1 Hallormssta\u00f0"},"content":{"rendered":"<p><strong><br \/>\n<\/strong><strong> 1. Fundarsetning. Kosning tveggja fundarstj\u00f3ra og fundarritara sem taka \u00feegar til starfa. L\u00f6gm\u00e6ti fundarins kanna\u00f0.<\/strong><br \/>\nFundarstj\u00f3rar: \u00de\u00f3rhallur P\u00e1lsson og Reg\u00edna Sigur\u00f0ard\u00f3ttir.<br \/>\nFundarritarar: Sigr\u00ed\u00f0ur L\u00e1ra Sigurj\u00f3nsd\u00f3ttir og \u00c1rmann Gu\u00f0mundsson.<br \/>\nTil fundarins var l\u00f6glega bo\u00f0a\u00f0.<\/p>\n<p><strong>2. Kj\u00f6rnefnd afgrei\u00f0ir kj\u00f6rbr\u00e9f og afhendir atkv\u00e6\u00f0aspj\u00f6ld, sk\u00fdrir st\u00f6\u00f0u m\u00e1la var\u00f0andi stj\u00f3rnarkj\u00f6r og augl\u00fdsir eftir till\u00f6gum.<\/strong><br \/>\nReg\u00edna Sigur\u00f0ard\u00f3ttir, forma\u00f0ur kj\u00f6rnefndar, kynnti starfandi kj\u00f6rnefnd. Auk hennar voru \u00ed nefndinni \u00d6rn Alexandersson. Ing\u00f3lfur \u00de\u00f3rsson starfar sem \u00feri\u00f0ji ma\u00f0ur kj\u00f6rnefndar \u00e1 \u00feessum fundi, \u00fear sem hvorki \u00feri\u00f0ji kj\u00f6rnefndarma\u00f0ur n\u00e9 varama\u00f0ur m\u00e6tir til fundarins. Gu\u00f0r\u00fan Halla J\u00f3nsd\u00f3ttir, forma\u00f0ur, og \u00de\u00f3rv\u00f6r Embla Gu\u00f0mundsd\u00f3ttir, ritari stj\u00f3rnar, eru \u00ed kj\u00f6ri til stj\u00f3rnar \u00e1 \u00feessum fundi. Embla gefur kost \u00e1 s\u00e9r \u00e1fram, en ekki Gu\u00f0r\u00fan Halla. \u00dar varastj\u00f3rn eiga a\u00f0 ganga: Gu\u00f0finna Gunnarsd\u00f3ttir, Hrund \u00d3lafsd\u00f3ttir og \u00d3l\u00f6f \u00de\u00f3r\u00f0ard\u00f3ttir og gefa \u00fe\u00e6r allar kost \u00e1 s\u00e9r \u00e1fram. Eitt frambo\u00f0 hefur borist til formanns. Formannsefni \u00f3ska\u00f0i nafnleyndar a\u00f0 sinni.<\/p>\n<p><strong>3. Menningarstefna Bandalagsins lesin og r\u00e6dd<\/strong><br \/>\n\u00deorgeir Tryggvason las. Engar umr\u00e6\u00f0ur ur\u00f0u.<\/p>\n<p><strong>4. Inntaka n\u00fdrra f\u00e9laga og f\u00e9l\u00f6g tekin af f\u00e9lagaskr\u00e1<\/strong><br \/>\nLeikf\u00e9lagi\u00f0 Pe\u00f0i\u00f0 \u00ed Reykjav\u00edk hefur s\u00f3tt um inng\u00f6ngu. Sam\u00feykkt.<br \/>\nLeikf\u00e9lagi\u00f0 B\u00fakolla sag\u00f0i sig \u00fat samt\u00f6kunum. Umf. Gn\u00fapverja og Leikkl\u00fabbur Laxd\u00e6la tekin \u00fat vegna \u00e1rgjaldaskulda.<\/p>\n<p><strong>5. Fundarger\u00f0 s\u00ed\u00f0asta a\u00f0alfundar afgreidd<\/strong><br \/>\nSam\u00feykkt samhlj\u00f3\u00f0a.<br \/>\n<strong><br \/>\n6. Sk\u00fdrsla stj\u00f3rnar<\/strong><br \/>\nForma\u00f0ur, Gu\u00f0r\u00fan Halla J\u00f3nsd\u00f3ttir, flutti.<\/p>\n<div align=\"center\"><strong><strong><span style=\"font-size: 12pt;\">\u00c1rssk\u00fdrsla <\/span><br \/>\nstj\u00f3rnar Bandalags \u00edslenskra leikf\u00e9laga<br \/>\nfyrir starfs\u00e1ri\u00f0 2006-2007<\/strong><\/strong>L\u00f6g\u00f0 fram \u00e1 a\u00f0alfundi \u00e1 Hallormssta\u00f0 5. ma\u00ed 2007.<\/div>\n<p><img loading=\"lazy\" decoding=\"async\" class=\"alignleft size-full wp-image-1446\" style=\"margin: 12px; float: left; width: 200px; height: 150px;\" title=\"adalstjorn.gif\" src=\"https:\/\/leiklist.is\/wp-content\/uploads\/2007\/06\/BIL_Adalfundir_2007_adalstjorn.gif\" alt=\"adalstjorn.gif\" width=\"200\" height=\"150\" \/><em> Stj\u00f3rn Bandalagsins er \u00feannig skipu\u00f0:<\/em><br \/>\nGu\u00f0r\u00fan Halla J\u00f3nsd\u00f3ttir, Akureyri, forma\u00f0ur<br \/>\nL\u00e1rus H\u00fanfj\u00f6r\u00f0 Vilhj\u00e1lmsson, Hafnarfir\u00f0i, varaforma\u00f0ur<br \/>\n\u00de\u00f3rv\u00f6r Embla Gu\u00f0mundsd\u00f3ttir, Reykholti, ritari<br \/>\nIng\u00f3lfur \u00de\u00f3rsson, Akureyri, me\u00f0stj\u00f3rnandi<br \/>\n\u00deorgeir Tryggvason, Reykjav\u00edk, me\u00f0stj\u00f3rnandi<\/p>\n<p><em> \u00cd varastj\u00f3rn eru:<\/em><br \/>\nMargr\u00e9t Tryggvad\u00f3ttir, Hvolsvelli<br \/>\n\u00c1rmann Gu\u00f0mundsson, Reykjav\u00edk<br \/>\n\u00d3l\u00f6f \u00de\u00f3r\u00f0ard\u00f3ttir, Mosfellsb\u00e6<br \/>\nHrund \u00d3lafsd\u00f3ttir, K\u00f3pavogi<br \/>\nGu\u00f0finna Gunnarsd\u00f3ttir, Selfossi<\/p>\n<p>Framkv\u00e6mdastj\u00f3ri Bandalagsins er Vilborg \u00c1rn\u00fd Valgar\u00f0sd\u00f3ttir og ritari skrifstofu er Sigr\u00ed\u00f0ur L\u00e1ra Sigurj\u00f3nsd\u00f3ttir.<\/p>\n<p><em>Stj\u00f3rnarfundir:<\/em><br \/>\nStj\u00f3rnin hefur komi\u00f0 saman til 6 reglulegra stj\u00f3rnarfunda fr\u00e1 s\u00ed\u00f0asta a\u00f0alfundi. \u00deeir hafa veri\u00f0 haldnir \u00e1 Seltjarnarnesi, Selfossi og \u00ed \u00fej\u00f3nustumi\u00f0st\u00f6\u00f0inni \u00ed Reykjav\u00edk.<br \/>\n\u00dear hefur m. a. veri\u00f0 fjalla\u00f0 um \u00fathlutun styrkja, m\u00e1lefni Leiklistarsk\u00f3la Bandalagsins, fj\u00e1rm\u00e1l Bandalagsins, rekstur Leiklistarvefjarins, NAR-, NEATA- og IATA-samstarfi\u00f0 og ritun s\u00f6gu Bandalagsins.<br \/>\nFundarger\u00f0ir stj\u00f3rnarfunda m\u00e1 finna \u00ed \u00e1rsriti Bandalagsin og \u00e1 leiklist.is undir Bandalagi\u00f0\/Fundir. Fundirnir eru yfirleitt l\u00edflegir, enda \u00fear r\u00e6tt um allt sem vi\u00f0kemur starfseminni.<\/p>\n<p><em>Leikf\u00e9l\u00f6gin:<\/em><br \/>\nA\u00f0ildarf\u00e9l\u00f6gin voru eftir s\u00ed\u00f0asta a\u00f0alfund 64 talsins. Starfandi leikf\u00e9l\u00f6g \u00e1 leik\u00e1rinu hafa veri\u00f0 41 eftir okkar bestu vitund og hafa \u00feau sett upp samtals 85 verkefni, \u00fear af eru 23 \u00edslenskt og 15 erlend leikrit \u00ed fullri lengd, 8 barnaleikrit auk 39 styttri verka og ein\u00fe\u00e1ttunga. L\u00edklega er \u00feessi tala \u00fe\u00f3 ekki endanleg og ver\u00f0ur ekki fyrr en unni\u00f0 hefur veri\u00f0 \u00far styrkums\u00f3knum leikf\u00e9laganna, sem berast eiga \u00fej\u00f3nustumi\u00f0st\u00f6\u00f0inni fyrir 10. j\u00fan\u00ed n.k. Ums\u00f3knarey\u00f0ubl\u00f6\u00f0 eru komin \u00e1 vefinn og ver\u00f0a send form\u00f6nnum og gjaldkerum \u00ed p\u00f3sti \u00e1 m\u00e1nudaginn. Styrkur fyrir verk \u00ed fullri lengd \u00e1 s\u00ed\u00f0asta leik\u00e1ri var kr. 308.341 og \u00e1lag fr\u00e1 20% til 30% af \u00feeirri upph\u00e6\u00f0. Vegna f\u00e6kkunar verkefna h\u00e6kka\u00f0i styrkurinn \u00far kr. 297.402 fr\u00e1 \u00e1rinu \u00e1\u00f0ur, en heildarupph\u00e6\u00f0 til \u00fathlutunar h\u00e6kka\u00f0i ekki milli \u00e1ra.<\/p>\n<p>A\u00f0alfundur 2006 sam\u00feykkti eftirfarandi starfs\u00e1\u00e6tlun fyrir leik\u00e1ri\u00f0 2006-2007:<\/p>\n<p><em>Almenn starfsemi:<\/em><br \/>\n<em><strong>1. Rekstur \u00fej\u00f3nustumi\u00f0st\u00f6\u00f0var \u00ed samr\u00e6mi vi\u00f0 l\u00f6g B\u00cdL.<\/strong><\/em><br \/>\n\u00cd \u00fej\u00f3nustumi\u00f0st\u00f6\u00f0inni starfar framkv\u00e6mdastj\u00f3ri \u00ed fullu starfi \u00e1samt ritara \u00ed h\u00e1lfu starfi, eins og veri\u00f0 hefur s\u00ed\u00f0ustu 14 \u00e1rin. Verkefnin hafa veri\u00f0 \u00feau s\u00f6mu og fyrr, \u00fe.e. \u00fej\u00f3nusta vi\u00f0 a\u00f0lidarf\u00e9l\u00f6gin, f\u00e9lagasamt\u00f6k, atvinnuleikh\u00fasin og einstaklinga \u00e1samt samskiptum vi\u00f0 opinbera a\u00f0ila \u00e1 innlendum og erlendum vettvangi.<br \/>\nSala \u00e1 leikh\u00fasfar\u00f0a og tengdum v\u00f6rum er a\u00f0altekjulindin eins og fram kemur \u00ed \u00e1rsreikningi sem lag\u00f0ur ver\u00f0ur fram h\u00e9r \u00e1 eftir.<\/p>\n<p><em><strong>2. Rekstur fasteigna skv. vi\u00f0halds\u00e1\u00e6tlun.<\/strong><\/em><br \/>\nVi\u00f0haldi utanh\u00fass hefur veri\u00f0 fresta\u00f0 \u00ed nokkur \u00e1r og s\u00f6mulei\u00f0is endurn\u00fdjun \u00feaks \u00e1 handritasal, en \u00fear h\u00f6fum vi\u00f0 \u00e1tt \u00ed linnulitlum lekavandam\u00e1lum.<\/p>\n<p><em><strong>3. \u00datg\u00e1fa \u00c1rsrits fyrir leik\u00e1ri\u00f0 2005-2006.<\/strong><\/em><br \/>\n\u00c1rsrit fyrir leik\u00e1ri\u00f0 2005-2006 kom \u00fat skv. \u00e1\u00e6tlun \u00ed september \u00e1 li\u00f0nu \u00e1ri. \u00dea\u00f0 var me\u00f0 svipu\u00f0u sni\u00f0i og fyrri \u00e1rsrit og \u00fev\u00ed var dreift \u00ed einu eintaki til hvers a\u00f0ildarf\u00e9lags, svo og til \u00feeirra opinberu a\u00f0ila sem m\u00e1li\u00f0 var\u00f0ar. \u00c1rsriti\u00f0 er \u00e1 vef Bandalagsins, leiklist.is, og au\u00f0velt fyrir hvern sem vill a\u00f0 prenta \u00fea\u00f0 \u00fat \u00fea\u00f0an. Ritstj\u00f3rn var \u00e1 h\u00f6ndum a\u00f0alstj\u00f3rnar Bandalagsins en efnis\u00f6flun og uppsetning var ger\u00f0 af starfsm\u00f6nnum. Fengin var utana\u00f0komandi a\u00f0sto\u00f0 vi\u00f0 pr\u00f3farkalestur og var riti\u00f0 lj\u00f3srita\u00f0 og bundi\u00f0 \u00e1 lj\u00f3sritunarstofu \u00fati \u00ed b\u00e6.<br \/>\n<em><strong><br \/>\n4. Starfsemi Leiklistarsk\u00f3la B\u00cdL skv. fyrirliggjandi n\u00e1mskei\u00f0a\u00e1\u00e6tlun.<\/strong><\/em><br \/>\nSk\u00f3lameistarar munu gera grein fyrir starfsemi sk\u00f3lans h\u00e9r \u00e1 eftir undir li\u00f0num sk\u00fdrslur nefnda.<\/p>\n<p><em><strong>5. Vi\u00f0hald vefs\u00ed\u00f0unnar leiklist.is skv. till\u00f6gum vefnefndar.<\/strong><\/em><br \/>\nL\u00e9nsherra vefs\u00ed\u00f0unnar mun gera grein fyrir \u00feessum li\u00f0 undir sk\u00fdrslur nefnda.<\/p>\n<p><em><strong>6. Leita\u00f0 eftir h\u00e6kku\u00f0um framl\u00f6gum \u00far opinberum sj\u00f3\u00f0um til starfsemi \u00e1hugaleikf\u00e9laganna, \u00fej\u00f3nustumi\u00f0st\u00f6\u00f0var Bandalagsins og Leiklistarsk\u00f3la \u00feess. <\/strong><\/em><br \/>\nForma\u00f0ur, ritari og framkv\u00e6mdastj\u00f3ri f\u00f3ru \u00e1 fund fj\u00e1rlaganefndar og \u00fatsk\u00fdr\u00f0u fyrir nefndarm\u00f6nnum hver sta\u00f0a Bandalagsins og a\u00f0ildarf\u00e9laga \u00feess v\u00e6ri og \u00f3sku\u00f0u eftir h\u00e6kkun. Framl\u00f6gin til f\u00e9laganna voru h\u00e6kku\u00f0 um 4.6 millj\u00f3nir en styrkurinn til skrifstofunnar l\u00e6kka\u00f0i um 100.000.-.<\/p>\n<p><em><strong>7. Halda \u00e1fram samstarfi vi\u00f0 \u00dej\u00f3\u00f0leikh\u00fasi\u00f0 me\u00f0 Athyglisver\u00f0ustu \u00e1hugaleiks\u00fdningu \u00e1rsins.<\/strong><\/em><br \/>\n\u00dea\u00f0 samstarf er \u00ed fullum gangi og ver\u00f0ur vali\u00f0 \u00e1 \u00e1hugas\u00fdningu \u00e1rsins kynnt \u00e1 \u00feessu \u00feingi eins og vani er.<br \/>\n<em><strong><br \/>\n8. Halda \u00e1fram samstarfi vi\u00f0 Borgarleikh\u00fasi\u00f0 me\u00f0 stuttverkah\u00e1t\u00ed\u00f0ina Margt sm\u00e1tt<\/strong><\/em><br \/>\nH\u00e1t\u00ed\u00f0in var ekki haldin \u00e1 leik\u00e1rinu. Nefnd um h\u00e1t\u00ed\u00f0ina mun skila sk\u00fdrslu um \u00e1st\u00e6\u00f0ur \u00feess og st\u00f6rf s\u00edn h\u00e9r \u00e1 eftir.<\/p>\n<p><strong>S\u00e9rverkefni starfs\u00e1rsins:<\/strong><br \/>\n<em><strong>1. Stefna a\u00f0 \u00fatg\u00e1fu S\u00f6gu Bandalagsins 1950-2000 \u00e1 leik\u00e1rinu<\/strong><\/em><br \/>\n\u00c1forma\u00f0 var a\u00f0 b\u00f3kin k\u00e6mi \u00fat \u00ed vor. \u00deorgeir Tryggvason ritnefndarma\u00f0ur flytur sk\u00fdrslu um gang verksins h\u00e9r \u00e1 eftir.<br \/>\n<em><strong><br \/>\n2. Halda haust\u00feing um m\u00e1lefni Leiklistarsk\u00f3lans \u00ed tilefni 10 \u00e1ra afm\u00e6lis hans<\/strong><\/em><br \/>\n\u00deingi\u00f0 var haldi\u00f0 \u00e1 Selfossi 30. september s.l. \u00deingi\u00f0 gekk mj\u00f6g vel og var vel teki\u00f0 \u00e1 m\u00f3ti okkur af heimam\u00f6nnum eins og alltaf \u00feegar vi\u00f0 fundum.<br \/>\n<em><strong><br \/>\n3. Athuga m\u00f6guleika Bandalagsins \u00e1 \u00fev\u00ed a\u00f0 gera leikritasafni\u00f0 a\u00f0 formlegu safni skv. safnal\u00f6gum<\/strong><\/em><br \/>\nStj\u00f3rnin skipa\u00f0i nefnd til framgangs \u00feessu m\u00e1li og mun h\u00fan skila sk\u00fdrslu um st\u00f6rf s\u00edn h\u00e9r \u00e1 eftir.<br \/>\n<em><strong><br \/>\n4. A\u00f0 kanna\u00f0ur ver\u00f0i rekstrargrundv\u00f6llur b\u00faningasafns \u00e1 grunni hugmynda \u00dej\u00f3\u00f0leikh\u00fassins<\/strong><\/em><br \/>\nStj\u00f3rnin skipa\u00f0i s\u00f6mulei\u00f0is nefnd til framgangs \u00feessu m\u00e1li og mun h\u00fan skila sk\u00fdrslu um st\u00f6rf s\u00edn h\u00e9r \u00e1 eftir.<\/p>\n<p><strong><em>5. A\u00f0 skipu\u00f0 ver\u00f0i nefnd sem kanni m\u00f6guleika \u00e1 a\u00f0 Bandalagi\u00f0 kaupi e\u00f0a taki a\u00f0 s\u00e9r rekstur H\u00fasabakka e\u00f0a samb\u00e6rilegs sta\u00f0ar<\/em><\/strong><br \/>\nNefnd var einnig skipu\u00f0 um \u00feetta m\u00e1l og mun h\u00fan skila sk\u00fdrslu um st\u00f6rf s\u00edn h\u00e9r \u00e1 eftir.<\/p>\n<p><strong>Erlent samstarf:<\/strong><br \/>\nHugleikur og Leikf\u00e9lag K\u00f3pavogs f\u00f3ru sem fulltr\u00faar okkar \u00e1 Nor\u00f0ur-evr\u00f3psku leiklistar-h\u00e1t\u00ed\u00f0ina \u00ed F\u00e6reyjum \u00ed \u00e1g\u00fast s\u00ed\u00f0astli\u00f0num, me\u00f0 s\u00fdninguna Memento mori eftir Hrefnu Fri\u00f0riksd\u00f3ttur \u00ed leikstj\u00f3rn \u00c1g\u00fastu Sk\u00falad\u00f3ttur. S\u00fdningunni var afar vel teki\u00f0 og var gaman a\u00f0 vera \u00edslendingur \u00ed salnum \u00feegar h\u00farrahr\u00f3pin gullu vi\u00f0 \u00ed lokin! S\u00fdningin mun einnig ver\u00f0a fulltr\u00fai \u00cdslands \u00e1 hinni a\u00f0\u00fej\u00f3\u00f0legu leiklistarh\u00e1t\u00ed\u00f0 IATA \u00ed Su\u00f0ur-K\u00f3reu \u00ed \u00e1g\u00fast nk.<br \/>\nForma\u00f0ur og framkv\u00e6mdastj\u00f3ri Bandalagsins s\u00e1tu NEATA- og NAR-fundi fyrir okkar h\u00f6nd \u00ed F\u00e6reyjum \u00e1 me\u00f0an \u00e1 h\u00e1t\u00ed\u00f0inni st\u00f3\u00f0.<br \/>\nSumarsk\u00f3li NUTU var \u00ed Esbo \u00ed Finnlandi s\u00ed\u00f0asta sumar. \u00deanga\u00f0 f\u00f3ru 7 nemendur auk \u00c1rna Gr\u00e9tars, sem er fulltr\u00fai \u00cdslands \u00ed stj\u00f3rn NUTU. Einn \u00edslenskur kennari kenndi vi\u00f0 sk\u00f3lann, Sigr\u00fan S\u00f3l \u00d3lafsd\u00f3ttir.<br \/>\nForma\u00f0ur og framkv\u00e6mdastj\u00f3ri \u00fe\u00e1\u00f0u bo\u00f0 Lith\u00e1\u00edska bandalagsins um a\u00f0 vera gestir leiklistarh\u00e1t\u00ed\u00f0ar sem haldin var \u00ed Shiauliai fyrst \u00ed desember 2006.<br \/>\nForma\u00f0ur B\u00cdL situr \u00ed stj\u00f3rnum NAR, Nordisk Amat\u00f6rteaterr\u00e5d og NEATA, North European Amateur Theater Alliance. Helsta verkefni stj\u00f3rnar NAR er a\u00f0 \u00fathluta styrkjum til \u00e1hugaleikh\u00f3pa sem s\u00e6kja vilja leiklistarh\u00e1t\u00ed\u00f0ir e\u00f0a heims\u00e6kja \u00e1hugaleikf\u00e9l\u00f6g \u00e1 \u00f6\u00f0rum Nor\u00f0url\u00f6ndum. Auk \u00feess stendur NAR fyrir og styrkir \u00fdmis verkefni, svo sem leiklistarh\u00e1t\u00ed\u00f0ir og n\u00e1mskei\u00f0. \u00c1 starfs\u00e1rinu s\u00f3tti forma\u00f0ur fundi \u00ed Helsinki og Riga, s\u00e1 fyrri var NAR-fundur en \u00ed Riga voru hvortveggja NAR- og NEATA-fundir auk \u00feess sem sko\u00f0a\u00f0ar voru a\u00f0st\u00e6\u00f0ur fyrir NEATA-h\u00e1t\u00ed\u00f0ina sem haldin ver\u00f0ur \u00ed Riga sumari\u00f0 2008.<\/p>\n<p><img loading=\"lazy\" decoding=\"async\" class=\"alignright size-full wp-image-1447\" style=\"margin: 12px; float: right; width: 200px; height: 150px;\" title=\"adalf2007b.gif\" src=\"https:\/\/leiklist.is\/wp-content\/uploads\/2007\/06\/BIL_Adalfundir_2007_adalf2007b.gif\" alt=\"adalf2007b.gif\" width=\"200\" height=\"150\" \/><strong>Lokaor\u00f0:<\/strong><br \/>\nEf horft er til \u00feess hve margt hefur veri\u00f0 gert \u00e1 \u00feessu starfs\u00e1ri, m\u00e1 kannski segja a\u00f0 vi\u00f0 getum bara veri\u00f0 nokku\u00f0 s\u00e1tt me\u00f0 hvernig starfi\u00f0 gengur en \u00e9g er ekki \u00feeirrar sko\u00f0unar. Bandalag \u00edslenskra leikf\u00e9laga er stofna\u00f0 fyrir t\u00e6pum 60 \u00e1rum sem m\u00e1lsvari leikf\u00e9laganna, vettvangur hagsmunabar\u00e1ttu en eins og oft er sagt, ke\u00f0jan er ekki sterkari en veikasti hlekkurinn og okkar akkilesarh\u00e6ll er \u00e1hugaleysi forsvarsmanna leikf\u00e9laganna \u00e1 starfi B\u00cdL og \u00feeirri hagsmunabar\u00e1ttu sem \u00fear fer fram.<br \/>\nA\u00f0 t\u00e6plega 1\/4 leikf\u00e9laga skuli senda fulltr\u00faa til a\u00f0alfunda \u00e1r eftir \u00e1r er hneisa og varla vi\u00f0 \u00fev\u00ed a\u00f0 b\u00faast a\u00f0 \u00feeir sem landinu stj\u00f3rna finni \u00fer\u00fdsting fr\u00e1 okkur, me\u00f0an okkur sj\u00e1lfum vir\u00f0ist standa sl\u00e9tt \u00e1 sama um hva\u00f0 h\u00e9r fer fram.<br \/>\n\u00dea\u00f0 er afar br\u00fdnt a\u00f0 f\u00e9l\u00f6gin sendi fulltr\u00faa s\u00edna \u00e1 a\u00f0alfundi, haustfundi og s\u00e9u \u00ed g\u00f3\u00f0u sambandi vi\u00f0 stj\u00f3rn og \u00fej\u00f3nustumi\u00f0st\u00f6\u00f0, \u00feannig og a\u00f0eins \u00feannig s\u00fdnum vi\u00f0 \u00feann slagkraft sem \u00fearf til a\u00f0 gera leikf\u00e9l\u00f6gin s\u00fdnileg, sterk og fagleg.<br \/>\n\u00c9g hef starfa\u00f0 innan hreyfingarinnar markvisst \u00ed sautj\u00e1n \u00e1r, vita\u00f0 af henni \u00ed 22 \u00e1r og veri\u00f0 \u00ed stj\u00f3rn s\u00ed\u00f0an 1992. \u00c9g byrja\u00f0i \u00ed varastj\u00f3rn og var \u00fear \u00ed eitt \u00e1r, var kosin \u00ed a\u00f0alstj\u00f3rn \u00ed Vestmannaeyjum 1993 og hef s\u00ed\u00f0an veri\u00f0 me\u00f0stj\u00f3rnandi, ritari, varaforma\u00f0ur og loks forma\u00f0ur s\u00ed\u00f0ustu tv\u00f6 \u00e1r og hef n\u00fa \u00e1kve\u00f0i\u00f0 a\u00f0 gefa ekki kost \u00e1 m\u00e9r til \u00e1framhaldandi starfa, enda b\u00fain a\u00f0 pr\u00f3fa alla st\u00f3la \u00ed stj\u00f3rn og held a\u00f0 sl\u00edk \u00feaulseta s\u00e9 einsd\u00e6mi!<br \/>\n\u00c9g \u00e1 margar g\u00f3\u00f0ar minningar fr\u00e1 \u00feessum t\u00edma, mj\u00f6g margt hefur \u00e1unnist sem \u00e9g er afar stolt af a\u00f0 hafa \u00e1tt \u00fe\u00e1tt \u00ed a\u00f0 gera a\u00f0 veruleika. M\u00e1 \u00fear me\u00f0al annars nefna kaupin \u00e1 h\u00fasn\u00e6\u00f0inu okkar a\u00f0 Laugarvegi 96, sk\u00f3linn okkar, Leiklistarvefurinn, auki\u00f0 samstarf vi\u00f0 hin Nor\u00f0url\u00f6ndin og stofnun NEATA, athygliver\u00f0asta \u00e1hugaleiks\u00fdning \u00e1rsins \u00ed \u00dej\u00f3\u00f0leikh\u00fasinu, en \u00fea\u00f0 samstarf komst \u00e1 me\u00f0 bo\u00f0i fyrrverandi \u00dej\u00f3\u00f0leikh\u00fasstj\u00f3ra \u00e1 \u00feinginu \u00ed Eyjum 1993, stuttverkah\u00e1t\u00ed\u00f0ir \u00ed samstarfi vi\u00f0 Borgarleikh\u00fasi\u00f0 og d\u00e1samleg kynni m\u00edn af \u00f3tr\u00falegum fj\u00f6lda h\u00e6fileikab\u00fanta sem fyrirfinnast \u00ed miklu magni \u00ed okkar r\u00f6\u00f0um. Au\u00f0vita\u00f0 hefur \u00feessi t\u00edmi ekkert bara veri\u00f0 dans \u00e1 r\u00f3sum en allt sem mi\u00f0ur hefur fari\u00f0 bliknar \u00ed samanbur\u00f0i vi\u00f0 g\u00f3\u00f0u stundirnar og sigrana sem unnist hafa.<br \/>\n\u00c9g vil nota \u00feetta t\u00e6kif\u00e6ri til a\u00f0 \u00feakka \u00f6llum \u00feeim sem hafa seti\u00f0 me\u00f0 m\u00e9r \u00ed stj\u00f3rnum s\u00ed\u00f0ustu 15 \u00e1r k\u00e6rlega fyrir giftur\u00edkt og oftast \u00e1n\u00e6gjulegt samstarf, riturum Bandalagsins, nefndarm\u00f6nnum \u00f6llum og ykkur sem \u00e9g hef kynnst og unni\u00f0 me\u00f0 \u00e1 a\u00f0alfundum, haustfundum, h\u00e1t\u00ed\u00f0um og annars sta\u00f0ar \u00feakka \u00e9g l\u00edka skemmtilega samveru og samvinnu og mun \u00e1n vafa flytja \u00feessa \u00feakkargj\u00f6r\u00f0 oftar \u00e1 \u00feessum s\u00ed\u00f0ustu metrum. En s\u00ed\u00f0ast en ekki s\u00edst vil \u00e9g \u00feakka Vilborgu vinkonu minni og framkv\u00e6mdastj\u00f3ra Bandalagsins s\u00ed\u00f0ustu 14 \u00e1r, fr\u00e1b\u00e6rt samstarf sem aldrei hefur bori\u00f0 skugga \u00e1.<br \/>\n<em><br \/>\nAkureyri 5. ma\u00ed 2007,<\/em><\/p>\n<p>Gu\u00f0r\u00fan Halla J\u00f3nsd\u00f3ttir,<br \/>\nforma\u00f0ur.<\/p>\n<p>Fyrirspurn um \u00e1st\u00e6\u00f0ur \u00farsagnar leikf\u00e9laga. \u00d6ll hef\u00f0u falli\u00f0 \u00fat af f\u00e9lagaskr\u00e1 vegna \u00e1rgjaldaskulda nema B\u00fakolla, sem t\u00f3k \u00e1kv\u00f6r\u00f0un um a\u00f0 segja sig \u00far Bandalaginu \u00fear til starfsemi h\u00e6fist a\u00f0 n\u00fdju.<\/p>\n<p>\u00deorgeir Tryggvason b\u00e6tti \u00fev\u00ed vi\u00f0 a\u00f0 Hugleikur f\u00f3r einnig \u00e1 tv\u00e6r leiklistarh\u00e1t\u00ed\u00f0ir \u00ed R\u00fasslandi, eftir s\u00ed\u00f0asta a\u00f0alfund. \u00dea\u00f0 var a\u00f0 l\u00edkindum s\u00ed\u00f0asta fer\u00f0 f\u00e9lagsins me\u00f0 s\u00fdninguna Undir hamrinum eftir Hildi \u00de\u00f3r\u00f0ard\u00f3ttur \u00ed leikstj\u00f3rn \u00c1g\u00fastu Sk\u00falad\u00f3ttur sem haf\u00f0i gert \u00fea\u00f0 gott \u00e1 erlendum h\u00e1t\u00ed\u00f0um \u00e1rin \u00e1 undan. Var \u00feetta mikil fer\u00f0 og eftirminnileg og l\u00edklega \u00ed fyrsta sinn sem \u00cdslendingar leika austan Volgu.<\/p>\n<p>Nokkrar umr\u00e6\u00f0ur spunnust um slaka m\u00e6tingu fulltr\u00faa fr\u00e1 leikf\u00e9l\u00f6gum \u00e1 a\u00f0alfundi. Fram kom a\u00f0 Hulda H\u00e1konard\u00f3ttir hef\u00f0i teki\u00f0 a\u00f0 s\u00e9r a\u00f0 hringja \u00ed formenn allra f\u00e9laga fyrir \u00feremur \u00e1rum og spurt um \u00e1st\u00e6\u00f0ur \u00feess a\u00f0 f\u00e9l\u00f6g sendi ekki fulltr\u00faa \u00e1 a\u00f0alfund. \u00dat \u00far \u00feeim samt\u00f6lum kom engin ein sk\u00fdring \u00e1 \u00fev\u00ed a\u00f0 fundarm\u00f6nnum \u00e1 a\u00f0alfundum hefur fari\u00f0 svo f\u00e6kkandi.<\/p>\n<p>\u00deorgeir taldi einu \u00e1st\u00e6\u00f0una sem h\u00e6gt v\u00e6ri a\u00f0 gera eitthva\u00f0 me\u00f0 vera \u00fe\u00e1 a\u00f0 menn v\u00e6ru s\u00e1ttir vi\u00f0 a\u00f0 a\u00f0rir stj\u00f3rnu\u00f0u Bandalaginu. \u00dea\u00f0 \u00feyrfti a\u00f0 koma stj\u00f3rnum f\u00e9laganna \u00ed skilning um a\u00f0 starfsemi Bandalagsins s\u00e9 \u00e1 \u00e1byrg\u00f0 \u00feeirra allra.<\/p>\n<p>\u00ddmsar till\u00f6gur komu til \u00farb\u00f3ta. V\u00edsa\u00f0 var \u00e1 f\u00f3sturf\u00e9lagasamband stj\u00f3rnarmanna vi\u00f0 \u00e1kve\u00f0in f\u00e9l\u00f6g, stungi\u00f0 upp \u00e1 a\u00f0 stofnu\u00f0 yr\u00f0i nefnd um m\u00e1li\u00f0 og s\u00fdnileiki starfseminnar efldur. Sem og a\u00f0 skemmtilegheitum Bandalags\u00feinga yr\u00f0i haldi\u00f0 betur \u00e1 lofti innan f\u00e9laganna.<\/p>\n<p><strong>7. Framkv\u00e6mdastj\u00f3ri leggur fram endursko\u00f0a\u00f0a reikninga s\u00ed\u00f0asta \u00e1rs og sk\u00fdrir \u00fe\u00e1<\/strong><br \/>\nNokku\u00f0 var r\u00e6tt um um vaxtagj\u00f6ld. Fram kom a\u00f0 um \u00ferj\u00e1r millj\u00f3nir vanta\u00f0i \u00ed reksturinn til \u00feess a\u00f0 hann v\u00e6ri alltaf \u00ed pl\u00fas og ekki \u00feyrfti a\u00f0 taka nein yfirdr\u00e1ttarl\u00e1n \u00e1 \u00e1rinu. \u00c1rgj\u00f6ld h\u00e6kku\u00f0 \u00ed fyrra um 10.000.-. Leikf\u00e9l\u00f6gin hafa ekki gert athugasemdir vi\u00f0 \u00fea\u00f0.<br \/>\n<strong><br \/>\n8. Umr\u00e6\u00f0ur um sk\u00fdrslu stj\u00f3rnar og afgrei\u00f0sla reikninga<br \/>\n<\/strong>Umr\u00e6\u00f0ur um sk\u00fdrslu formanns h\u00f6f\u00f0u \u00feegar fari\u00f0 fram. Reikningar sam\u00feykktir samhlj\u00f3\u00f0a.<\/p>\n<p><em>Reg\u00edna Sigur\u00f0ard\u00f3ttir, forma\u00f0ur kj\u00f6rnefndar sk\u00fdr\u00f0i fr\u00e1 st\u00f6\u00f0u m\u00e1la \u00ed formanns- og stj\u00f3rnarkj\u00f6ri.<br \/>\nFrambo\u00f0 haf\u00f0i borist til formanns Bandalagsins. Frambj\u00f3\u00f0andi var \u00deorgeir Tryggvason.<br \/>\n\u00de\u00f3rv\u00f6r Embla Gu\u00f0mundsd\u00f3ttir haf\u00f0i bo\u00f0i\u00f0 sig fram til \u00e1framhaldandi setu \u00ed stj\u00f3rn.<br \/>\nGu\u00f0finna Gunnarsd\u00f3ttir, Hrund \u00d3lafsd\u00f3ttir og \u00d3l\u00f6f \u00de\u00f3r\u00f0ard\u00f3ttir bu\u00f0u sig allar fram \u00ed stj\u00f3rn, en \u00ed varastj\u00f3rn, n\u00e6\u00f0u \u00fe\u00e6r ekki kj\u00f6ri.<br \/>\nHjalti Stef\u00e1n Kristj\u00e1nsson haf\u00f0i bo\u00f0i\u00f0 sig fram \u00ed varastj\u00f3rn.<br \/>\nEnn var opi\u00f0 fyrir frambo\u00f0.<\/em><\/p>\n<p><strong>9. Sk\u00fdrslur nefnda og umr\u00e6\u00f0ur um \u00fe\u00e6r.<\/strong><\/p>\n<p><em><strong>Undirb\u00faningsnefnd leiklistarh\u00e1t\u00ed\u00f0ar NEATA \u00e1 \u00cdslandi 2010<\/strong><\/em><br \/>\nNefndin skiptist \u00ed su\u00f0urdeild og nor\u00f0urdeild.<\/p>\n<p>\u00deorgeir Tryggvason sag\u00f0i fr\u00e1 starfi su\u00f0urdeildar.<br \/>\n\u00cd henni eru \u00deorgeir Tryggvason og L\u00e1rus Vilhj\u00e1lmsson.<br \/>\nSu\u00f0urdeild hefur funda\u00f0 einu sinni og r\u00e6tt ums\u00f3knir um styrki og kynningarm\u00e1l. Nefndin telur a\u00f0 leita \u00feurfi allra lei\u00f0a til a\u00f0 f\u00e1 sem st\u00e6rstan styrktara\u00f0ila a\u00f0 h\u00e1t\u00ed\u00f0inni. Eins \u00fe\u00f3tti \u00feeim r\u00e9tt a\u00f0 athuga hvernig bandal\u00f6g landanna sem hafa \u00e1\u00f0ur hafa haldi\u00f0 sl\u00edkar h\u00e1t\u00ed\u00f0ir hafa sn\u00fai\u00f0 s\u00e9r \u00ed fj\u00e1rm\u00f6gnun. En undirb\u00faningsvinna \u00fearf a\u00f0 hefjast n\u00fana.<\/p>\n<p>Gu\u00f0r\u00fan Halla sag\u00f0i fr\u00e1 starfi nor\u00f0urdeildar. \u00cd henni sitja Gu\u00f0r\u00fan Halla J\u00f3nsd\u00f3ttir og Ing\u00f3lfur \u00de\u00f3rsson. Halla f\u00f3r til fundar vi\u00f0 b\u00e6jarstj\u00f3ra og menningarfulltr\u00faa \u00e1 Akureyri og \u00fear t\u00f3ku menn vel undir a\u00f0 halda h\u00e1t\u00ed\u00f0ina \u00ed b\u00e6num. Halla r\u00e6ddi einnig um a\u00f0 leita \u00e6tti eftir styrk til menningarsj\u00f3\u00f0s Ev\u00f3pusambandsins fyrir h\u00e1t\u00ed\u00f0ina \u00ed Riga 2008. R\u00e6tt var \u00ed stj\u00f3rn NAR a\u00f0 reynt yr\u00f0i a\u00f0 s\u00e6kja um 5 \u00e1ra styrk til verkefnisins, sem f\u00e6ri \u00fe\u00e1 l\u00edka \u00ed kostna\u00f0 vegna undirb\u00fanings h\u00e1t\u00ed\u00f0arinnar 2010. S\u00e1 styrkur getur numi\u00f0 allt a\u00f0 10 millj\u00f3num kr\u00f3na. Gera \u00fearf grein fyrir a\u00f0 einhver hluti kostna\u00f0ar ver\u00f0i lag\u00f0ur fram h\u00e9\u00f0an, \u00e1 m\u00f3ti. Ums\u00f3knir \u00fearf a\u00f0 fylla mj\u00f6g vel og n\u00e1kv\u00e6mlega \u00fat og svara \u00f6llum spurningum. Og \u00fatvega \u00fearf alls kyns g\u00f6gn. En styrkurinn er r\u00edflegur og borgar sig a\u00f0 s\u00e6kja um hann. Bandal\u00f6gin \u00e1 Nor\u00f0url\u00f6ndunum \u00feurfa a\u00f0 taka \u00fe\u00e1tt \u00ed \u00feessari ums\u00f3kn.<br \/>\nSpurt var hvort menningarh\u00fas \u00e1 Akureyri yr\u00f0i risi\u00f0 \u00e1ri\u00f0 2010.<br \/>\nHalla: \u00dea\u00f0 \u00e1 a\u00f0 ver\u00f0a tilb\u00fai\u00f0 til notkunar 2010. Einnig b\u00fai\u00f0 a\u00f0 festa h\u00e1t\u00ed\u00f0inni pl\u00e1ss \u00ed H\u00fasinu.<\/p>\n<p><strong>Sk\u00f3lanefnd<\/strong><br \/>\nHrefna Fri\u00f0riksd\u00f3ttir flutti sk\u00fdrsluna.<\/p>\n<p><img loading=\"lazy\" decoding=\"async\" class=\"alignright size-full wp-image-1448\" style=\"margin: 12px; float: right; width: 180px; height: 240px;\" title=\"styrur.gif\" src=\"https:\/\/leiklist.is\/wp-content\/uploads\/2007\/06\/BIL_Adalfundir_2007_styrur.gif\" alt=\"styrur.gif\" width=\"180\" height=\"240\" \/><span style=\"font-size: 10pt;\"><strong>Sk\u00fdrsla sk\u00f3lanefndar \u00e1 a\u00f0alfundi B\u00cdL 4.-6. ma\u00ed 2007<\/strong><\/span><\/p>\n<p>Leiklistarsk\u00f3linn var settur \u00ed 10. sinn \u00ed j\u00fan\u00ed 2006 a\u00f0 H\u00fasabakka \u00ed Svarfa\u00f0ardal. \u00deessa sk\u00f3la\u00e1rs ver\u00f0ur \u00f6rugglega helst minnst fyrir a\u00f0 vera \u00fea\u00f0 s\u00ed\u00f0asta \u00fear sem hinar einu s\u00f6nnu sk\u00f3last\u00fdrur fr\u00e1 upphafi sk\u00f3lastarfsins, Gunnhildur Sigur\u00f0ard\u00f3ttir og Sigr\u00ed\u00f0ur Karlsd\u00f3ttir, h\u00e9ldu s\u00ednum mildu, styrku h\u00f6ndum um stj\u00f3rnartaumana. \u00de\u00e6r hafa unni\u00f0 fr\u00e1b\u00e6rt og einfaldlega \u00f3metanlegt starf \u00ed \u00fe\u00e1gu sk\u00f3lans og eiga allar heimsins \u00feakkir skildar.<br \/>\nH\u00farra fyrir Gunnhildi og Sirr\u00fd!<\/p>\n<p>\u00deetta sumar \u00ed Svarfa\u00f0ardalnum var\u00f0 einnig \u00f3dau\u00f0legt \u00fear sem G\u00edsli Einarsson og hans vinnumenn \u00ed sj\u00f3nvarps\u00fe\u00e6ttinum \u0093\u00dat og su\u00f0ur\u0094 heims\u00f3ttu sk\u00f3lann. Afraksturinn s\u00e1st \u00ed sj\u00f3nvarpi allra landsmanna s\u00ed\u00f0ar um sumari\u00f0 og er vonandi til \u00e1 hverju g\u00f3\u00f0u menningarheimili.<\/p>\n<p>\u00c1 s\u00ed\u00f0asta starfs\u00e1ri sk\u00f3lans voru haldin alls fimm hef\u00f0bundin n\u00e1mskei\u00f0.<br \/>\n\u00derj\u00fa n\u00e1mskei\u00f0 voru \u00ed bo\u00f0i \u00ed Svarfa\u00f0ardalunum. Leikstj\u00f3rn II, kennari var Sigr\u00fan Valbergsd\u00f3ttir, Hvernig segir\u00f0u s\u00f6gu?, kennari \u00c1g\u00fasta Sk\u00falad\u00f3ttir og s\u00e9rn\u00e1mskei\u00f0 fyrir leikara, kennari Steinunn Kn\u00fatsd\u00f3ttir. Alls voru 33 nemendur \u00e1 \u00feessum n\u00e1mskei\u00f0um.<\/p>\n<p><img loading=\"lazy\" decoding=\"async\" class=\"alignleft size-full wp-image-1449\" style=\"margin: 12px; float: left; width: 200px; height: 150px;\" title=\"skoli2006.gif\" src=\"https:\/\/leiklist.is\/wp-content\/uploads\/2007\/06\/BIL_Adalfundir_2007_skoli2006.gif\" alt=\"skoli2006.gif\" width=\"200\" height=\"150\" \/>\u00de\u00e1 var Gr\u00e9ta Bo\u00f0a fengin til a\u00f0 halda tv\u00f6 helgarn\u00e1mskei\u00f0 \u00ed f\u00f6r\u00f0un \u00ed okt\u00f3ber, hi\u00f0 fyrra byrjenda- og hi\u00f0 s\u00ed\u00f0ara framhaldsn\u00e1mskei\u00f0. Samtals s\u00f3tti 31 nemandi \u00feau n\u00e1mskei\u00f0. Anna\u00f0 f\u00f6r\u00f0unarn\u00e1mskei\u00f0anna var haldi\u00f0 \u00ed h\u00fasn\u00e6\u00f0i Halaleikh\u00f3psins og \u00fe\u00f6kkum vi\u00f0 \u00fea\u00f0 g\u00f3\u00f0a samstarf.<\/p>\n<p>Haldi\u00f0 var n\u00e1mskei\u00f0 \u00ed stj\u00f3rnun leikf\u00e9laga \u00ed tengslum vi\u00f0 haustfund Bandalagsins \u00e1 Selfossi \u00ed lok september 2006 fyrir \u00fe\u00e1 sem s\u00f3ttu fundinn, alls um 50 manns. Svo var haldi\u00f0 framhaldsn\u00e1mskei\u00f0 \u00ed stj\u00f3rnun leikf\u00e9laga \u00ed n\u00f3vember \u00ed h\u00fasn\u00e6\u00f0i Leikf\u00e9lags Hafnarfjar\u00f0ar. \u00de\u00f6kkum vi\u00f0 k\u00e6rlega fyrir \u00feau afnot en n\u00e1mskei\u00f0i\u00f0 e\u00f0a fyrirlestrana s\u00f3ttu 25 manns.<\/p>\n<p>Li\u00f0inn \u00e1ratugur markar au\u00f0vita\u00f0 \u00e1kve\u00f0in t\u00edmam\u00f3t \u00ed s\u00f6gu sk\u00f3lans og var \u00e1kve\u00f0i\u00f0 a\u00f0 gera \u00fdmislegt til a\u00f0 fagna. Haldin var vegleg lokaveisla eftir n\u00e1mskei\u00f0in \u00ed Svarfa\u00f0ardalnum og \u00f6llum fyrrverandi nemendum og kennurum bo\u00f0i\u00f0 a\u00f0 nj\u00f3ta \u00f6rleikritah\u00e1t\u00ed\u00f0ar og lokah\u00f3fs.<\/p>\n<p>Stj\u00f3rn Bandalagsins \u00e1kva\u00f0 a\u00f0 leggja fyrir spurningak\u00f6nnun um \u00e1hrif sk\u00f3lans \u00e1 starfsemi leikf\u00e9laga og \u00e1kve\u00f0i\u00f0 var a\u00f0 halda m\u00e1l\u00feing um sk\u00f3lann \u00ed tengslum vi\u00f0 haustfund \u00e1 Selfossi \u00feann 30. september 2006. \u00dear fjalla\u00f0i Gunnhildur Sigur\u00f0ard\u00f3ttir um a\u00f0draganda og starfsemi sk\u00f3lans, Margr\u00e9t Tryggvad\u00f3ttir um h\u00fasn\u00e6\u00f0ism\u00e1lin og undirritu\u00f0 ger\u00f0i grein fyrir ni\u00f0urst\u00f6\u00f0um k\u00f6nnunarinnar \u00e1 \u00e1hrifum sk\u00f3lans. Svo kom Sigr\u00ed\u00f0ur L\u00e1ra Sigurj\u00f3nsd\u00f3ttir og l\u00fdsti sk\u00f3lanum fr\u00e1 sj\u00f3narh\u00f3li s\u00edns leikf\u00e9lags, Hugleiks, Gu\u00f0mundur L\u00fa\u00f0v\u00edk \u00deorvaldsson lag\u00f0i til sj\u00f3narhorn nemanda og \u00c1g\u00fasta Sk\u00falad\u00f3ttir sj\u00f3narh\u00f3l kennara vi\u00f0 sk\u00f3lann.<\/p>\n<p>\u00c1 m\u00e1l\u00feinginu kom m.a. fram a\u00f0 alls hafa 25 kennarar kennt vi\u00f0 sk\u00f3lann fr\u00e1 upphafi \u0096 sk\u00f3lann hafa s\u00f3tt 205 nemendur fr\u00e1 29 leikf\u00e9l\u00f6gum alls 417 sinnum.<\/p>\n<p>Spurningak\u00f6nnunin um \u00e1hrif sk\u00f3lans olli nokkrum vonbrig\u00f0um en einungis b\u00e1rust sv\u00f6r fr\u00e1 11 leikf\u00e9l\u00f6gum. Ni\u00f0urst\u00f6\u00f0ur voru \u00fe\u00f3 nokku\u00f0 samhlj\u00f3ma um a\u00f0 sk\u00f3linn hef\u00f0i skila\u00f0 betri s\u00fdningum, auki\u00f0 fj\u00f6lbreytni starfsins og dregi\u00f0 \u00far r\u00e1\u00f0ningum utana\u00f0komandi a\u00f0ila og \u00fear me\u00f0 kostna\u00f0i.<\/p>\n<p>M\u00e1l\u00feingi\u00f0 \u00ed heild sinni var mj\u00f6g l\u00e6rd\u00f3msr\u00edkt og \u00e9g hvet alla til a\u00f0 kynna s\u00e9r frj\u00f3ar umr\u00e6\u00f0ur sem \u00fear f\u00f3ru fram me\u00f0 \u00fev\u00ed a\u00f0 lesa fundarger\u00f0ina \u00e1 leiklist.is.<\/p>\n<p>\u00cd tengslum vi\u00f0 m\u00e1l\u00feingi\u00f0 var formlega skipt um sk\u00f3last\u00fdrur leiklistarsk\u00f3lans og \u00e9g t\u00f3k vi\u00f0 starfinu \u00e1samt D\u00fdrleifi J\u00f3nsd\u00f3ttur. \u00de\u00e1 ur\u00f0u \u00e1kve\u00f0nar breytingar \u00e1 sk\u00f3lanefnd, \u00e9g t\u00f3k formlega s\u00e6ti sem a\u00f0alnefndarma\u00f0ur \u00ed sta\u00f0 Huldar \u00d3skarsd\u00f3ttur, \u00e1kve\u00f0i\u00f0 var a\u00f0 hafa engan varamann \u00ed nefndinni og \u00fe\u00f6kkum vi\u00f0 Huld fyrir hennar g\u00f3\u00f0a starf. A\u00f0rar breytingar voru ekki ger\u00f0ar.<\/p>\n<p>\u00de\u00e1 er komi\u00f0 a\u00f0 starfi sk\u00f3lans \u00e1 komandi sk\u00f3la\u00e1ri en hann ver\u00f0ur me\u00f0 nokku\u00f0 hef\u00f0bundnu sni\u00f0i. \u00deann 9. j\u00fan\u00ed hefjast a\u00f0 H\u00fasabakka \u00ed Svarfa\u00f0ardal eftirfarandi n\u00e1mskei\u00f0:<br \/>\nLeiklist I &#8211; byrjendan\u00e1mskei\u00f0 fyrir leikara, kennari \u00c1g\u00fasta Sk\u00falad\u00f3ttir. 18 nemendur eru skr\u00e1\u00f0ir og 8 eru \u00e1 bi\u00f0lista.<br \/>\nS\u00e9rn\u00e1mskei\u00f0 fyrir leikara, kennari Stephen Harper fr\u00e1 Bretlandi. 18 nemendur skr\u00e1\u00f0ir og 3 \u00e1 bi\u00f0lista. Ein af hugmyndum sem fram komu \u00e1 m\u00e1l\u00feinginu um sk\u00f3lann var a\u00f0 f\u00e1 erlenda kennara og f\u00e1um vi\u00f0 fer\u00f0astyrk fr\u00e1 NAR vegna \u00feessa, DKK 1.500<br \/>\nS\u00e9rn\u00e1mskei\u00f0 fyrir leikstj\u00f3ra, kennari er Egill Hei\u00f0ar Anton P\u00e1lsson. 6 nemendur skr\u00e1\u00f0ir og m\u00f6guleiki a\u00f0 b\u00e6ta vi\u00f0. Hvetjum vi\u00f0 alla til a\u00f0 sko\u00f0a vandlega hvort ekki eru einhverjir leikf\u00e9lagar sem \u00e6ttu a\u00f0 n\u00fdta s\u00e9r \u00feetta flotta n\u00e1mskei\u00f0. Egill Hei\u00f0ar kennir \u00ed leiklistardeild Listah\u00e1sk\u00f3la \u00cdslands og hann hefur vaki\u00f0 athygli fyrir sterka s\u00fdn og frumlegar s\u00fdningar h\u00e9r \u00e1 landi og erlendis.<\/p>\n<p>\u00de\u00e1 ver\u00f0a haldin b\u00e6\u00f0i byrjenda og framhaldsn\u00e1mskei\u00f0 \u00ed f\u00f6r\u00f0un \u00ed okt\u00f3ber. Frekari uppl\u00fdsingar um n\u00e1mskei\u00f0in m\u00e1 finna \u00e1 leiklist.is.<\/p>\n<p>\u00c1 s\u00ed\u00f0asta a\u00f0alfundi voru r\u00e6ddar nokkrar \u00e1hyggjur af dr\u00e6mum \u00e1huga \u00e1 n\u00e1mskei\u00f0um sk\u00f3lans og velt upp spurningum eins og \u00feeim hvort marka\u00f0urinn v\u00e6ri mettur \u00ed bili og hvort rangar \u00e1herslur v\u00e6ru \u00ed n\u00e1mskei\u00f0sframbo\u00f0i. A\u00f0s\u00f3knin \u00ed \u00e1r vir\u00f0ist alls ekki benda til \u00feess, s\u00e9rstaklega vir\u00f0ist b\u00e6\u00f0i \u00fe\u00f6rf og \u00e1hugi \u00e1 n\u00e1mskei\u00f0um fyrir leikara, \u00fear er b\u00fai\u00f0 a\u00f0 b\u00e6ta vi\u00f0 nemendum fr\u00e1 \u00fev\u00ed sem \u00e1\u00e6tla\u00f0 var \u00ed upphafi og samt eru bi\u00f0listar.<\/p>\n<p>H\u00fasn\u00e6\u00f0ism\u00e1l sk\u00f3lans eru enn sem fyrr ofarlega \u00e1 baugi og \u00e1 \u00feessum fundi ver\u00f0ur flutt s\u00e9rst\u00f6k sk\u00fdrsla h\u00fasn\u00e6\u00f0isnefndar leiklistarsk\u00f3lans. \u00deess m\u00e1 geta a\u00f0 sk\u00f3lanefnd hitti umsj\u00f3narkonu Ei\u00f0a \u00ed vetur til a\u00f0 r\u00e6\u00f0a m\u00f6guleika \u00e1 sk\u00f3lastarfi \u00fear. Mat sk\u00f3lanefndar var a\u00f0 starfsemi h\u00f3telsins myndi v\u00e6ntanlega setja sk\u00f3lastarfi all verulegar skor\u00f0ur auk \u00feess sem \u00f3v\u00edst virtist um gott a\u00f0gengi fyrir fatla\u00f0a a\u00f0 \u00f6llu \u00fev\u00ed h\u00fasn\u00e6\u00f0i sem vi\u00f0 \u00feyrftum \u00e1 a\u00f0 halda. \u00c1kve\u00f0i\u00f0 hefur veri\u00f0 a\u00f0 stj\u00f3rnarmenn og sk\u00f3last\u00fdrur sko\u00f0i h\u00fasn\u00e6\u00f0i\u00f0 a\u00f0 Ei\u00f0um betur \u00ed tengslum vi\u00f0 \u00feennan a\u00f0alfund.<\/p>\n<p>\u00cd sk\u00f3lanefnd eru:<br \/>\nHrefna Fri\u00f0riksd\u00f3ttir<br \/>\nD\u00fdrleif J\u00f3nsd\u00f3ttir<br \/>\nHerd\u00eds \u00deorgeirsd\u00f3ttir<br \/>\nGunnhildur Sigur\u00f0ard\u00f3ttir,<br \/>\nSigr\u00ed\u00f0ur Karlsd\u00f3ttir.<\/p>\n<p><em><strong>Vefnefnd<\/strong><\/em><br \/>\nH\u00f6r\u00f0ur Sigur\u00f0arson flutti <a href=\"https:\/\/leiklist.is\/wp-content\/uploads\/2007\/06\/BIL_Adalfundir_2007_skyrslavefnefndar2007.pdf\" target=\"_blank\" rel=\"noopener noreferrer\">sk\u00fdrslu vefnefndar.<\/a><\/p>\n<p>Spurt var hvort eithvern t\u00edma hafi eitthva\u00f0 or\u00f0i\u00f0 \u00far \u00feeirri upphaflegu hugmynd a\u00f0 h\u00fdsa vefi fyrir a\u00f0ildarf\u00e9l\u00f6g.<br \/>\nSvar: \u00dea\u00f0 st\u00f3\u00f0 til bo\u00f0a, en enginn s\u00f3ttist eftir \u00fev\u00ed.<\/p>\n<p>Spurt var hva\u00f0 Exton-augl\u00fdsingin hef\u00f0i kosta\u00f0.<br \/>\nSvar: 100.000 kr\u00f3nur \u00e1 \u00e1ri. Kostna\u00f0ur vi\u00f0 vefinn hefur veri\u00f0 um 200.000 kall. \u00deegar augl\u00fdsingar eru seldar \u00e1 vefinn er r\u00e1\u00f0r\u00fam fyrir sveigjanleika me\u00f0 st\u00e6r\u00f0, sta\u00f0setningu, birtingarlengd og \u00fatlit. Ver\u00f0i\u00f0 r\u00e6\u00f0st a\u00f0 \u00feessum \u00fe\u00e1ttum. En \u00fea\u00f0 munar um allt.<\/p>\n<p>Spurt var hvort vefnefnd myndi hafa frumkv\u00e6\u00f0i a\u00f0 uppsetningu \u00e1 sigurverkinu \u00far stuttverkakeppninni \u00ed haust.<br \/>\nSvar: Leiklestrar \u00e1 verkum \u00ed \u00feremur efstu s\u00e6tunum voru \u00e1 afhendingu. \u00dea\u00f0 v\u00e6ri gaman a\u00f0 gera eitthva\u00f0 meira me\u00f0 \u00feetta, en \u00fea\u00f0 haf\u00f0i ekkert veri\u00f0 r\u00e6tt.<br \/>\n<em><br \/>\n<strong>Undirb\u00faningsnefnd stuttverkah\u00e1t\u00ed\u00f0arinnar Margt sm\u00e1tt<\/strong><\/em><br \/>\n\u00c1rmann Gu\u00f0mundsson flutti sk\u00fdrsluna.<br \/>\nNefndina skipu\u00f0u \u00c1rmann Gu\u00f0mundsson, Hrund \u00d3lafsd\u00f3ttir og \u00d3l\u00f6f \u00de\u00f3r\u00f0ard\u00f3ttir. Lagt var af sta\u00f0 me\u00f0 a\u00f0 gera h\u00e1t\u00ed\u00f0ina a\u00f0 meiri \u0084h\u00e1t\u00ed\u00f0\u0093 en hefur veri\u00f0 undanfarnar h\u00e1t\u00ed\u00f0ir. Fyrir l\u00e1 fr\u00e1 s\u00ed\u00f0asta a\u00f0alfundi \u00e1kv\u00f6r\u00f0un um a\u00f0 halda skyldi h\u00e1t\u00ed\u00f0ina \u00ed kringum p\u00e1ska en \u00feegar til kom reyndist s\u00e1 t\u00edmi ekki hentugur og \u00fev\u00ed var reynt a\u00f0 finna annan t\u00edma og \u00fe\u00e1 seinni partinn \u00ed ma\u00ed. Vegna \u00f6flugs starfs og margra s\u00fdninga \u00ed Borgarleikh\u00fasinu reyndist ekki m\u00f6gulegt fyrir forsvarsf\u00f3lk leikh\u00fassins a\u00f0 finna heppilegan t\u00edma \u00ed vor. \u00dev\u00ed hefur nefndin lagt til a\u00f0 h\u00e1t\u00ed\u00f0inni ver\u00f0i fresta\u00f0 til hausts. N\u00e1nar tilteki\u00f0 til m\u00e1na\u00f0arm\u00f3tanna september\/okt\u00f3ber.<br \/>\n<em><strong><br \/>\nS\u00f6guritunarnefnd<\/strong><\/em><br \/>\n\u00deorgeir Tryggvason flutti sk\u00fdrsluna.<br \/>\nVinnu vi\u00f0 ritun og samsetningu s\u00f6gunnar n\u00e1nast loki\u00f0. \u00dea\u00f0 sem n\u00fa liggur fyrir er a\u00f0 safna a\u00f0ilum \u00e1 Tab\u00fala gratorium. M\u00f6guleiki er a\u00f0 leikf\u00e9l\u00f6g geti teki\u00f0 a\u00f0 s\u00e9r a\u00f0 safna sl\u00edkum fyrir pr\u00f3sentur. Selja \u00fearf um 200 eint\u00f6k af b\u00f3kinni til a\u00f0 h\u00fan standi undir prentkostna\u00f0i. Spurning hven\u00e6r hentar best a\u00f0 r\u00e1\u00f0ast \u00ed lokasprettinn a\u00f0 vinnunni fyrir \u00fatg\u00e1fu, me\u00f0 tilliti til \u00fatg\u00e1fut\u00edma.<br \/>\n<em><strong><br \/>\nNefnd um handritasafn<\/strong><\/em><br \/>\n\u00c1rmann Gu\u00f0mundsson flutti sk\u00fdrslu.<br \/>\nNefndina skipu\u00f0u \u00c1rmann Gu\u00f0mundsson og Hrefna Fri\u00f0riksd\u00f3ttir. Markmi\u00f0 nefndarinnar er a\u00f0 leita lei\u00f0a til a\u00f0 finna fj\u00e1rmagn til a\u00f0 gera handritasafn Bandalagsins a\u00f0 l\u00f6gformlegu safni sem s\u00f3tt geti styrki til rekstrarins til opinberra a\u00f0ila. Fyrir liggur a\u00f0 \u00feetta safn er algerlega einstakt safn og \u00ed \u00fev\u00ed f\u00f3lgin gr\u00ed\u00f0arleg menningarver\u00f0m\u00e6ti. \u00dev\u00ed ver\u00f0ur a\u00f0 gera r\u00e1\u00f0stafanir til a\u00f0 tryggja var\u00f0veislu \u00feess en eins og sta\u00f0an er \u00fea\u00f0 einungis til \u00ed lj\u00f3sritum \u00e1 skrifstofu Bandalagsins.<\/p>\n<p>Leita\u00f0 var eftir \u00e1liti fr\u00e1 Safnar\u00e1\u00f0i hvort m\u00f6guleiki v\u00e6ri a\u00f0 Handritasafn Bandalagsins heyr\u00f0i undir \u00fea\u00f0 og g\u00e6ti \u00fear me\u00f0 s\u00f3tt um styrki til \u00feess, skv. \u00e1kv\u00e6\u00f0um safnalaga. Svo reyndist ekki vera \u00fear sem \u00fea\u00f0 flokkast sem skjalasafn en ekki munasafn. Hins vegar v\u00e6ri m\u00f6guleiki a\u00f0 s\u00e6kja \u00feanga\u00f0 styrki ef \u00fea\u00f0 yr\u00f0i gert \u00ed samvinnu vi\u00f0 Leikminjasafni\u00f0 sem vi\u00f0 erum a\u00f0ili a\u00f0 en Leikminjasafni\u00f0 uppfyllir skilyr\u00f0i safnalaga og hefur fengi\u00f0 styrki. Einnig er m\u00f6guleiki a\u00f0 s\u00e6kja um verkefnastyrk beint til Menntam\u00e1lar\u00e1\u00f0uneytisins og \u00fearf a\u00f0 sko\u00f0a betur hva\u00f0a m\u00f6guleikar henta okkar best.<\/p>\n<p>Eitt af \u00fev\u00ed sem \u00fearf a\u00f0 sko\u00f0a er hvort vi\u00f0 eigum a\u00f0 f\u00e1 til samstarfs vi\u00f0 okkur \u00ed \u00feetta verkefni, a\u00f0ila eins st\u00f3ru leikh\u00fasin, Leiksk\u00e1ldaf\u00e9lagi\u00f0, Landsb\u00f3kasafni\u00f0, Listah\u00e1sk\u00f3lann, Leikminjasafni\u00f0 \u00fear sem \u00feessir a\u00f0ilar eiga talsver\u00f0ra hagsmuna a\u00f0 g\u00e6ta a\u00f0 framt\u00ed\u00f0 handritasafnsins s\u00e9 trygg\u00f0. Nefndin fer fram \u00e1 a\u00f0 f\u00e1 a\u00f0 starfa \u00e1fram a\u00f0 \u00feessu m\u00e1li.<br \/>\n<em><br \/>\n<\/em><img loading=\"lazy\" decoding=\"async\" class=\"alignleft size-full wp-image-1451\" style=\"margin: 12px; float: left; width: 200px; height: 150px;\" title=\"adalf2007a.gif\" src=\"https:\/\/leiklist.is\/wp-content\/uploads\/2007\/06\/BIL_Adalfundir_2007_adalf2007a.gif\" alt=\"adalf2007a.gif\" width=\"200\" height=\"150\" \/><em> Umr\u00e6\u00f0ur:<\/em><br \/>\nR\u00e6tt var um framhaldi\u00f0. \u00ddmsir m\u00f6guleikar \u00e1 a\u00f0 b\u00e6ta var\u00f0veislu safnsins voru r\u00e6ddir. B\u00e6\u00f0i a\u00f0 taka afrit af \u00fev\u00ed \u00e1 papp\u00edr og geyma annars sta\u00f0ar og a\u00f0 koma \u00fev\u00ed \u00e1 rafr\u00e6nt form. Kanna \u00fearf hver kostna\u00f0ur yr\u00f0i af sl\u00edku og hvort einhvers sta\u00f0ar v\u00e6ri h\u00e6gt a\u00f0 leita eftir styrkjum til \u00feess verkefnis. Stungi\u00f0 var upp \u00e1 a\u00f0 s\u00e6kja um til Evr\u00f3pusambandsins.<br \/>\nStungi\u00f0 var upp \u00e1 a\u00f0 nefndin starfa\u00f0i \u00e1fram a\u00f0 \u00feeim verkefnum.<br \/>\n<em><strong><br \/>\nNefnd um rekstur \u00e1 B\u00faningasafni \u00dej\u00f3\u00f0leikh\u00fassins<\/strong><\/em><br \/>\nEmbla Gu\u00f0mundsd\u00f3ttir sk\u00fdr\u00f0i fr\u00e1 st\u00f6rfum nefndarinnar.<br \/>\nEnn hefur ekki veri\u00f0 haldinn fundur me\u00f0 \u00dej\u00f3\u00f0leikh\u00fasinu um m\u00e1li\u00f0. Tala\u00f0 var vi\u00f0 h\u00e1sk\u00f3lann \u00e1 Bifr\u00f6st um m\u00f6guleika \u00e1 a\u00f0 einhver nemandi ger\u00f0i \u00feetta a\u00f0 verkefni s\u00ednu. Kanna \u00fearf hvort rekstrargrundv\u00f6llur er fyrir hendi og funda me\u00f0 \u00dej\u00f3\u00f0leikh\u00fasinu.<\/p>\n<p><em><strong> Nefnd um kaup e\u00f0a rekstur \u00e1 h\u00fasn\u00e6\u00f0i fyrir leiklistarsk\u00f3la Bandalagsins<\/strong><\/em><br \/>\nMargr\u00e9t Tryggvad\u00f3ttir sag\u00f0i fr\u00e1 st\u00f6rfum nefndarinnar.<br \/>\nBarnask\u00f3linn a\u00f0 H\u00fasabakka er ekki til s\u00f6lu e\u00f0a rekstrarleigu, enda a\u00f0gengism\u00e1l \u00ed \u00f3lestri \u00fear. Haft var samband vi\u00f0 Ei\u00f0amenn, stj\u00f3rn og sk\u00f3lanefnd sko\u00f0ar h\u00fasakost \u00fear a\u00f0 fundi loknum \u00e1 sunnudegi. Einnig var athuga\u00f0 me\u00f0 Hrafnagilssk\u00f3la, en allt er \u00ed \u00f3vissu me\u00f0 framt\u00ed\u00f0 \u00feess sk\u00f3la. Annars hafa heimavistarsk\u00f3lar almennt mj\u00f6g sl\u00e6mt a\u00f0gengi. B\u00fai\u00f0 er a\u00f0 segja upp h\u00f3telinu h\u00e9r \u00e1 Hallormssta\u00f0 svo jafnvel k\u00e6mi til \u00e1lita a\u00f0 hafa sk\u00f3lann \u00ed h\u00fasn\u00e6\u00f0i a\u00f0alfundar. \u00c6skilegt er a\u00f0 sk\u00f3linn s\u00e9 utan \u00fe\u00e9ttb\u00fdliskjarna en \u00fe\u00f3 \u00ed n\u00e1grenni sl\u00edks. \u00de\u00f3 a\u00f0 starfsemi sk\u00f3lans a\u00f0 H\u00fasabakka s\u00e9 or\u00f0in tilfinningam\u00e1l fyrir margt sk\u00f3laf\u00f3lk er a\u00f0alatri\u00f0i\u00f0 a\u00f0 n\u00e1mskei\u00f0 s\u00e9 h\u00e6gt a\u00f0 halda me\u00f0 a\u00f0gengi fyrir alla. Spurning hvort \u00feeir sem ekki hafa veri\u00f0 \u00ed sk\u00f3lanum hafi sko\u00f0un \u00e1 \u00fev\u00ed hvar hann \u00e6tti a\u00f0 vera.<br \/>\n<em><br \/>\nUmr\u00e6\u00f0ur:<\/em><br \/>\nFundarmenn virtust \u00e1s\u00e1ttir um a\u00f0 \u00fe\u00f3 vel hef\u00f0i fari\u00f0 um starfsemi sk\u00f3lans \u00e1 H\u00fasabakka \u00fe\u00e1 yr\u00f0i hann a\u00f0 sj\u00e1lfs\u00f6g\u00f0u fluttur ef a\u00f0gengilegt h\u00fasn\u00e6\u00f0i fengist \u00e1 g\u00f3\u00f0u ver\u00f0i.<\/p>\n<p>R\u00e6tt var um h\u00fasn\u00e6\u00f0ism\u00e1l sk\u00f3lans og r\u00e6tt um \u00fdmsa m\u00f6gulega sta\u00f0i, svo sem Hrafnagilssk\u00f3la og Hafral\u00e6kjarsk\u00f3la. Fram kom a\u00f0 Hrafnagilssk\u00f3li v\u00e6ri a\u00f0 m\u00f6rgu leyti afar heppilegur kostur, en a\u00f0 ekki v\u00e6ri vita\u00f0 hva\u00f0 yr\u00f0i um \u00fea\u00f0 h\u00fasn\u00e6\u00f0i \u00ed framt\u00ed\u00f0inni. H\u00f3teli\u00f0 sem v\u00e6ri a\u00f0 fara \u00e6tti alla innanstokksmuni svo ekki v\u00e6ri v\u00edst a\u00f0 \u00ed framt\u00ed\u00f0inni yr\u00f0i \u00fear gistir\u00fdmi. Fram kom a\u00f0 l\u00edklega v\u00e6ri best a\u00f0 senda skriflega fyrirspurn til a\u00f0 vita hvar \u00feau m\u00e1l st\u00e6\u00f0u.<br \/>\n\u00c1sa Hildur ger\u00f0ir athugasemd vi\u00f0 a\u00f0 \u00e1 Hallormssta\u00f0 hef\u00f0i ekki veri\u00f0 a\u00f0gengi fyrir fatla\u00f0a, eins og sagt hef\u00f0i veri\u00f0, og spur\u00f0i hve vissir menn v\u00e6ru um a\u00f0gengi \u00e1 \u00f6\u00f0rum st\u00f6\u00f0um sem r\u00e6tt hef\u00f0i veri\u00f0 um. H\u00fan t\u00f3k \u00fe\u00f3 fram a\u00f0 tilt\u00f6lulega l\u00edti\u00f0 \u00feyrfti a\u00f0 gera til \u00feess a\u00f0 gera Hallormssta\u00f0arsk\u00f3la a\u00f0gengilegan.<br \/>\nGu\u00f0r\u00fan Halla getur meti\u00f0 a\u00f0gengi, en sko\u00f0a\u00f0i ekki Hallormssta\u00f0ask\u00f3la sj\u00e1lf.<br \/>\nSpurt var hvert starfssvi\u00f0 nefndarinnar hef\u00f0i veri\u00f0.<br \/>\n\u00deorgeir svara\u00f0i og sag\u00f0i a\u00f0 e.t.v. hef\u00f0i farvegurinn a\u00f0 skipa nefnd ekki veri\u00f0 mj\u00f6g g\u00e1fulegur \u00e1 \u00feessu stigi m\u00e1lsins. Nefndin hef\u00f0i enda\u00f0 \u00ed h\u00fasn\u00e6\u00f0isleit me\u00f0 sk\u00f3lanefnd og veri\u00f0 v\u00e6ri a\u00f0 sko\u00f0a nokkra spennandi kosti.<br \/>\nEmbla Gu\u00f0mundsd\u00f3ttir stakk upp \u00e1 a\u00f0 sveitarf\u00e9l\u00f6gum yr\u00f0u send formleg erindi \u00fear sem grennslast v\u00e6ri fyrir um hvort \u00fear v\u00e6ri a\u00f0 finna h\u00fasn\u00e6\u00f0i sem henta\u00f0i sk\u00f3lanum. \u00dea\u00f0 vita menn hva\u00f0 er \u00ed bo\u00f0i \u00e1 hverjum sta\u00f0, og \u00feeim ber skylda til a\u00f0 taka formleg erindi fyrir og svara \u00feeim. \u00deetta myndi spara Bandalaginu mikla vinnu vi\u00f0 h\u00fasn\u00e6\u00f0isleit.<br \/>\nMar\u00eda Gu\u00f0mundsd\u00f3ttir fr\u00e1 Leikf\u00e9lagi Mosfellssveitar l\u00fdsti \u00e1n\u00e6gju sinni me\u00f0 a\u00f0 veri\u00f0 v\u00e6ri fari\u00f0 a\u00f0 huga a\u00f0 a\u00f0gengism\u00e1lum. H\u00fan skora\u00f0i \u00e1 stj\u00f3rn a\u00f0 vinna hratt og sj\u00e1 til \u00feess a\u00f0 allir g\u00e6tu s\u00f3tt sk\u00f3lann n\u00e6sta \u00e1r, \u00f3h\u00e1\u00f0 f\u00f6tlun.<\/p>\n<p><img loading=\"lazy\" decoding=\"async\" class=\"alignright size-full wp-image-1452\" style=\"margin: 12px; float: right; width: 140px; height: 105px;\" title=\"adalfundurhallormsstad.gif\" src=\"https:\/\/leiklist.is\/wp-content\/uploads\/2007\/06\/BIL_Adalfundir_2007_adalfundurhallormsstad.gif\" alt=\"adalfundurhallormsstad.gif\" width=\"140\" height=\"105\" \/><strong>10. Dr\u00f6g a\u00f0 starfs\u00e1\u00e6tlun n\u00e6sta \u00e1rs kynnt og skipa\u00f0 \u00ed starfsh\u00f3pa.<br \/>\n<\/strong><br \/>\nTillaga stj\u00f3rnar a\u00f0 starfs\u00e1\u00e6tlun lesin:<\/p>\n<div align=\"center\"><strong>Tillaga a\u00f0 starfs\u00e1\u00e6tlun<br \/>\nstj\u00f3rnar og a\u00f0ildarf\u00e9laga Bandalags \u00edslenskra leikf\u00e9laga<br \/>\nleik\u00e1ri\u00f0 2007-2008:<br \/>\n<\/strong><\/div>\n<p><span style=\"font-size: 10pt;\"><em>Almenn starfsemi:<br \/>\n1. Rekstur \u00fej\u00f3nustumi\u00f0st\u00f6\u00f0var \u00ed samr\u00e6mi vi\u00f0 l\u00f6g B\u00cdL<br \/>\n2. Rekstur fasteigna skv. vi\u00f0halds\u00e1\u00e6tlun<br \/>\n3. \u00datg\u00e1fa \u00c1rsrits fyrir leik\u00e1ri\u00f0 2006-2007<br \/>\n4. Starfsemi Leiklistarsk\u00f3la B\u00cdL skv. n\u00e1mskei\u00f0a\u00e1\u00e6tlun<br \/>\n5. Rekstur vefs\u00ed\u00f0unnar leiklist.is skv. till\u00f6gum vefnefndar<br \/>\n6. Leita eftir h\u00e6kku\u00f0um framl\u00f6gum \u00far opinberum sj\u00f3\u00f0um til starfsemi \u00e1hugaleikf\u00e9laganna, \u00fej\u00f3nustumi\u00f0st\u00f6\u00f0var Bandalagsins og Leiklistarsk\u00f3la \u00feess.<br \/>\n7. Halda \u00e1fram samstarfi vi\u00f0 \u00dej\u00f3\u00f0leikh\u00fasi\u00f0 me\u00f0 Athyglisver\u00f0ustu \u00e1hugas\u00fdningu \u00e1rsins<\/em><\/span><\/p>\n<p>S\u00e9rverkefni starfs\u00e1rsins:<br \/>\n1. Halda ein\u00fe\u00e1ttungah\u00e1t\u00ed\u00f0 \u00ed tengslum vi\u00f0 a\u00f0alfund 2008<br \/>\n2. Hefja undirb\u00faning NEATA- h\u00e1t\u00ed\u00f0ar 2010<\/p>\n<p>Fundarm\u00f6nnum skipt \u00ed h\u00f3pa.<br \/>\nH\u00e1degishl\u00e9.<\/p>\n<p><strong>11. Kj\u00f6rnefnd tilkynnir ni\u00f0urst\u00f6\u00f0ur s\u00ednar og m\u00e6lir me\u00f0 a.m.k. 1 a\u00f0ila \u00ed hvert s\u00e6ti sem kj\u00f3sa skal \u00ed.<\/strong><\/p>\n<p>Tillaga kj\u00f6rnefndar \u00e1 a\u00f0alfundi Bandalags \u00edslenskra leikf\u00e9laga 5. \u0096 6. ma\u00ed 2007 m\u00e6lir me\u00f0 eftirt\u00f6ldum a\u00f0ilum til frambo\u00f0s \u00ed stj\u00f3rn B\u00cdL:<\/p>\n<p>Til formanns til tveggja \u00e1ra:<br \/>\n\u00deorgeir Tryggvason.<\/p>\n<p>\u00cd a\u00f0alstj\u00f3rn:<br \/>\n\u00de\u00f3rv\u00f6r Embla Gu\u00f0mundsd\u00f3ttir<\/p>\n<p>\u00cd a\u00f0al- e\u00f0a varastj\u00f3rn:<br \/>\nGu\u00f0finna Gunnarsd\u00f3ttir<br \/>\n\u00d3l\u00f6f \u00de\u00f3r\u00f0ard\u00f3ttir<br \/>\nHrund \u00d3lafsd\u00f3ttir<\/p>\n<p>\u00cd varastj\u00f3rn:<br \/>\nHjalti Stef\u00e1n Kristj\u00e1nsson<br \/>\nKj\u00f3sa skal einn fulltr\u00faa \u00ed a\u00f0alstj\u00f3rn til tveggja \u00e1ra og einn til eins \u00e1rs.<br \/>\nKj\u00f3sa skal \u00ferj\u00e1 fulltr\u00faa \u00ed varastj\u00f3rn til tveggja \u00e1ra.<\/p>\n<p>Undirskrift:<br \/>\nHallormssta\u00f0 5. ma\u00ed, 2007<\/p>\n<p>Reg\u00edna Sigur\u00f0ard\u00f3ttir<br \/>\n\u00d6rn Alexandersson<br \/>\nIng\u00f3lfur \u00de\u00f3rsson<\/p>\n<p>Frambj\u00f3\u00f0endur kynntu sig stuttlega og st\u00f6rf s\u00edn innan hreyfingarinnar.<\/p>\n<p><em>Umr\u00e6\u00f0uh\u00f3par t\u00f3ku til starfa.<br \/>\nDagskr\u00e1 framhaldi\u00f0 kl. 15.00<br \/>\n<\/em><br \/>\n<strong>12. Lagabreytingar<\/strong><br \/>\nEngar lagabreytingatill\u00f6gur l\u00e1gu fyrir fundinum.<\/p>\n<p><strong>13. Till\u00f6gur lag\u00f0ar fyrir fundinn<\/strong><\/p>\n<p>Vilborg Valgar\u00f0st\u00f3ttir, framkv\u00e6mdastj\u00f3ri Bandalagsins lag\u00f0i fram eftirfarandi till\u00f6gur.<br \/>\n<em>1. Stj\u00f3rn Bandalagsins veri\u00f0 vali\u00f0 a\u00f0 setja af sta\u00f0 nefnd sem endursko\u00f0a skal l\u00f6g Bandalagsins fyrir n\u00e6sta a\u00f0alfund.<\/em><\/p>\n<p><em>2. A\u00f0alfundur Bandalags \u00edslenskra leikf\u00e9laga sam\u00feykkir a\u00f0 1.500.000.- af verkefnastyrk r\u00edkisins ver\u00f0i veitt \u00ed rekstur \u00fej\u00f3nustumi\u00f0at\u00f6\u00f0varinnar.<br \/>\n<\/em><br \/>\nGu\u00f0r\u00fan Halla J\u00f3nsd\u00f3ttir lag\u00f0i fram eftirfarandi till\u00f6gu:<\/p>\n<p><em>A\u00f0 stj\u00f3rn og framkv\u00e6mdastj\u00f3ra Bandalagsins ver\u00f0i fali\u00f0 a\u00f0 selja h\u00fasn\u00e6\u00f0i Bandalagsins a\u00f0 Laugavegi 96 og kaupa anna\u00f0 hentugra sem fyrst.<br \/>\n<\/em><br \/>\n<em>Umr\u00e6\u00f0ur:<\/em><br \/>\nVilborg sag\u00f0i fr\u00e1 \u00fev\u00ed a\u00f0 \u00fe\u00e6r Gu\u00f0r\u00fan Halla hef\u00f0u a\u00f0 undanf\u00f6rnu veri\u00f0 a\u00f0 sko\u00f0a l\u00f6g Bandalagsins og \u00fer\u00f3a till\u00f6gur a\u00f0 \u00fdmsum breytingum. H\u00fan m\u00e6lti me\u00f0 a\u00f0 \u00feeirri vinnu yr\u00f0i haldi\u00f0 \u00e1fram og lagabreytingar yr\u00f0u lag\u00f0ar fyrir n\u00e6sta a\u00f0alfund. Eina og h\u00e1lfa millj\u00f3nin hefur alltaf veri\u00f0 tekin af verkefnastyrkjum, en a\u00f0eins \u00ed fyrra var leita\u00f0 eftir sam\u00feykki a\u00f0alfundar.<br \/>\nSpurt hvort \u00fea\u00f0 dyg\u00f0i til a\u00f0 skrifstofan yr\u00f0i ekki \u00ed m\u00ednus um \u00e1ram\u00f3t.<br \/>\nSvo var ekki.<br \/>\nMenn veltu fyrir s\u00e9r hvort snjallt v\u00e6ri a\u00f0 taka meira af verkefnastyrkjum til skrifstofunnar til a\u00f0 r\u00e9tta fj\u00e1rlagahallann.<br \/>\nLj\u00f3st var, af fundi me\u00f0 r\u00e1\u00f0uneytisf\u00f3lki, a\u00f0 ekki st\u00f3\u00f0 til a\u00f0 h\u00e6kka framl\u00f6gin til skrifstofunnar frekar en till\u00f6gur stj\u00f3rnar a\u00f0 \u00fathlutun verkefnastyrks v\u00e6ru jafnan afgreiddar eins og \u00fe\u00e6r v\u00e6ru lag\u00f0ar fram.<\/p>\n<p>Gu\u00f0r\u00fan Halla taldi br\u00fdnt a\u00f0 fara \u00ed h\u00fasn\u00e6\u00f0ism\u00e1l vegna handritasafns, a\u00f0gengis, vi\u00f0halds, og r\u00e9tt a\u00f0 reyna a\u00f0 gera \u00feetta \u00e1 me\u00f0an ver\u00f0 \u00e1 101 sv\u00e6\u00f0inu h\u00e9ldist svona h\u00e1tt. Ef peningar fengjust \u00e1 milli g\u00e6ti n\u00fdst til a\u00f0 lei\u00f0r\u00e9tta fj\u00e1rlagahallann \u00e1 \u00fej\u00f3nustumi\u00f0st\u00f6\u00f0inni, a\u00f0 einhverju leyti.<\/p>\n<p>H\u00f6r\u00f0ur Sigur\u00f0arson lag\u00f0i til a\u00f0 allar till\u00f6gur yr\u00f0u sam\u00feykktar. Hann beindi tilm\u00e6lum til stj\u00f3rnar og \u00feeirra sem f\u00e6ru lagabreytingavinnu a\u00f0 missa ekki sj\u00f3nar \u00e1 \u00e1st\u00e6\u00f0um endursko\u00f0unar laganna. Hann sag\u00f0ist treysta Vilborgu til a\u00f0 meta fj\u00e1r\u00fe\u00f6rf skrifstofunnar og sag\u00f0ist ekki sj\u00e1 \u00e1st\u00e6\u00f0u til a\u00f0 r\u00e6\u00f0a \u00fe\u00e1 till\u00f6gu frekar. T\u00edmab\u00e6rt v\u00e6ri a\u00f0 skipta um h\u00fasn\u00e6\u00f0i<\/p>\n<p>Till\u00f6gur bornar undir atkv\u00e6\u00f0i og allar sam\u00feykktar samhlj\u00f3\u00f0a.<\/p>\n<p><strong>14. Starfs\u00e1\u00e6tlun afgreidd<\/strong><br \/>\nNi\u00f0urst\u00f6\u00f0ur umr\u00e6\u00f0uh\u00f3pa<\/p>\n<p><strong>H\u00f3pur 1.<br \/>\nH\u00f3pstj\u00f3ri: Hjalti Stef\u00e1n Kristj\u00e1nsson<br \/>\n<\/strong><br \/>\nH\u00f3pur 1.<br \/>\nH\u00f3pstj\u00f3ri: Hjalti Stef\u00e1n Kristj\u00e1nsson<br \/>\nAlmenn starfsemi:<br \/>\n1. Vi\u00f0 l\u00fdsum yfir almennri \u00e1n\u00e6gju me\u00f0 starfsemi \u00fej\u00f3nustumi\u00f0st\u00f6\u00f0varinnar<br \/>\n2. Ekki vita\u00f0 hvort skemmdir hafa or\u00f0i\u00f0 \u00e1 h\u00fasn\u00e6\u00f0inu vegna framkv\u00e6mda \u00ed n\u00e1grenninu, athuga \u00fea\u00f0 og b\u00f3taskyldu \u00ed framhaldinu. Nau\u00f0synlegt er a\u00f0 gott a\u00f0gengi s\u00e9 a\u00f0 n\u00fdju h\u00fasn\u00e6\u00f0i. Gefum stj\u00f3rn gr\u00e6nt lj\u00f3s \u00e1 \u0084fasteignabrask\u0093 og flutninga \u00far 101<br \/>\n3. F\u00f6gnum \u00fev\u00ed a\u00f0 \u00fea\u00f0 s\u00e9 komi\u00f0 \u00e1 g\u00f3\u00f0an reksp\u00f6l<br \/>\n4. Vantar a\u00f0 f\u00e1 b\u00faninga- og gervan\u00e1mskei\u00f0 aftur. Kominn t\u00edmi \u00e1 Leikritun I. \u00deeir gangi fyrir sem ekki hafa s\u00f3tt \u00fea\u00f0 n\u00e1mskei\u00f0 \u00e1\u00f0ur.<br \/>\n5. S\u00ed\u00f0an er tengsl almennra f\u00e9laga vi\u00f0 Bandalagi\u00f0, gott a\u00f0 geta fari\u00f0 \u00e1 vefinn, \u00fearf a\u00f0 efla gagnr\u00fdnina inni \u00e1 henni. Reyna a\u00f0 efla tengingu f\u00e9laganna og notkun \u00e1 s\u00ed\u00f0unni, t.d. me\u00f0 formannalistanum. Senda \u00e6tti link \u00e1 n\u00fdja al\u00feingismenn til a\u00f0 kynna vefinn en g\u00e6ta \u00feess a\u00f0 hafa \u00fea\u00f0 \u00ed sambandi vi\u00f0 uppl\u00fdsingar.<br \/>\n6. N\u00fdta s\u00e9r kosningaskrifstofur allra flokkanna og koma me\u00f0 fyrirspurnir \u00e1 frambj\u00f3\u00f0endur fram a\u00f0 kosningum. Mj\u00f6g skr\u00fdti\u00f0 a\u00f0 framlag til skrifstofu hafi l\u00e6kka\u00f0 en gle\u00f0ilegt a\u00f0 framlagi\u00f0 hafi veri\u00f0 h\u00e6kka\u00f0 a\u00f0 \u00f6\u00f0ru leyti. Athuga hvort einhvers sta\u00f0ar leynast opinberir sj\u00f3\u00f0ir sem h\u00e6gt er a\u00f0 leita \u00ed eftir fj\u00e1rmagni, sj\u00e1lfsagt finnast \u00feeir einhvers sta\u00f0ar.<br \/>\n7. \u00dej\u00f3\u00f0leikh\u00fasi\u00f0 var ekki tilb\u00fai\u00f0 \u00feegar byrja\u00f0 var a\u00f0 senda inn ums\u00f3knir, \u00fea\u00f0 \u00fearf a\u00f0 vera \u00dej\u00f3\u00f0leikh\u00fasinu lj\u00f3st a\u00f0 leik\u00e1ri\u00f0 byrjar einnig hj\u00e1 \u00e1hugaleikf\u00e9l\u00f6gum a\u00f0 hausti. B\u00fai\u00f0 er a\u00f0 taka fyrir \u00fea\u00f0 a\u00f0 komi\u00f0 s\u00e9 \u00e1 s\u00fdningar, n\u00fa sitja allir vi\u00f0 sama bor\u00f0 og eing\u00f6ngu er d\u00e6mt er eftir uppt\u00f6kum. Erum hlynnt \u00feessari breytingu en negla \u00fearf ni\u00f0ur a\u00f0 a\u00f0 \u00feetta s\u00e9 \u00f6rugglega eins fyrir alla. Kynna \u00fearf fyrir \u00f6llum hvernig reglurnar\/forsendurnar eru \u00feannig a\u00f0 ekki s\u00e9u sumir a\u00f0 bj\u00f3\u00f0a nefndarm\u00f6nnum \u00e1 s\u00fdningar.<\/p>\n<p>S\u00e9rverkefni starfs\u00e1rsins<br \/>\n1. Kominn t\u00edmi \u00e1 \u00fea\u00f0! Halda ein\u00fe\u00e1ttungah\u00e1t\u00ed\u00f0 og Margt sm\u00e1tt a\u00f0skildu. Ein\u00fe\u00e1ttungah\u00e1t\u00ed\u00f0 er frekar fyrir okkur sj\u00e1lf. Hafa hana anna\u00f0 hvort \u00e1r.<br \/>\n2. Undirb\u00faningur b\u00fainn a\u00f0 standa \u00ed eitt \u00e1r. Sta\u00f0setning h\u00e1t\u00ed\u00f0arinnar \u00e6tti ekki a\u00f0 skipta m\u00e1li var\u00f0andi \u00e1horfendafj\u00f6lda. \u00deetta hefur sameiningargildi fyrir \u00fe\u00e1tttakendur. \u00derj\u00fa \u00e1r eru flj\u00f3t a\u00f0 l\u00ed\u00f0a svo \u00fea\u00f0 \u00fearf a\u00f0 vinna vel.<br \/>\n3. \u00c6tti frekar a\u00f0 vera \u00e1 haustin til a\u00f0 byrja leik\u00e1ri\u00f0. G\u00e6ti veri\u00f0 gott a\u00f0 hafa \u00fea\u00f0 \u00e1 hverju \u00e1ri til a\u00f0 vekja athygli. Tekur t\u00edma a\u00f0 f\u00e1 f\u00e9l\u00f6g til a\u00f0 koma \u00e1 \u00feetta, er bara \u00feriggja skipta saga.<br \/>\n4. Hringja \u00fat \u00ed f\u00e9l\u00f6g til a\u00f0 \u00fdta \u00e1 \u00fe\u00e1ttt\u00f6ku. Ekki n\u00f3g a\u00f0 treysta \u00e1 a\u00f0 stj\u00f3rnin geri vel e\u00f0a \u0084nenna\u0093 ekki a\u00f0 koma. Styrkir koma \u00ed gegnum Bandalagi\u00f0 og \u00fearf \u00fev\u00ed a\u00f0 sinna \u00fev\u00ed starfi. Nota ein\u00fe\u00e1ttungah\u00e1t\u00ed\u00f0 sem gulr\u00f3t, \u00fe\u00e1 tv\u00f6faldast fj\u00f6ldinn ca. Allir ver\u00f0i geysilega skemmtilegir \u00e1 n\u00e6sta fundi svo allir vilji koma n\u00e6sta \u00e1r!! H\u00e6kka a\u00f0ildargj\u00f6ldin sem nemur a\u00f0alfundargjaldi fyrir einn (40.000-50.000).<\/p>\n<p>H\u00f3pur 2<br \/>\nH\u00f3pstj\u00f3ri: Sigurlaug Gunnarsd\u00f3ttir<br \/>\n1. Erum \u00e1n\u00e6g\u00f0 me\u00f0 \u00fej\u00f3nustu. Miki\u00f0v\u00e6gt a\u00f0 sko\u00f0a hlutverk og framt\u00ed\u00f0 handritasafns. Hvert er markmi\u00f0 safnsins? Var\u00f0veisla, sala e\u00f0a \u00fatleiga? H\u00f6fundarrr\u00e9ttur \u00fearf a\u00f0 vera \u00e1 hreinu. M\u00e6lum me\u00f0 \u00fev\u00ed a\u00f0 ger\u00f0 uppl\u00fdsingahandb\u00f3kar fyrir stj\u00f3rnir leikf\u00e9laga ver\u00f0i loki\u00f0 \u00e1 n\u00e6sta starfs\u00e1ri. Vi\u00f0 leggjum einnig til a\u00f0 h\u00fan ver\u00f0i gefin \u00fat rafr\u00e6nt svo hver geti prenta\u00f0 \u00fat fyrir sig, e\u00f0a \u00f3ska\u00f0 eftir \u00fatprentu\u00f0u eintaki.<br \/>\n2. Erum mj\u00f6g hlynnt \u00fev\u00ed a\u00f0 \u00fej\u00f3nustumi\u00f0st\u00f6\u00f0 ver\u00f0i flutt \u00e1 betri, st\u00e6rri, \u00f3d\u00fdrari sta\u00f0. A\u00f0gengi, fundir\/n\u00e1mskei\u00f0 handritasafn, jafnvel b\u00faningasafn? Hugsanlega grunnums\u00fdsla \u00ed \u00fej\u00f3nustumi\u00f0st\u00f6\u00f0 en var\u00f0veisla annars sta\u00f0ar.<br \/>\n3. \u00d3kei.<br \/>\n4. F\u00ednt. G\u00f3\u00f0 blanda sk\u00f3li\/stutt n\u00e1mskei\u00f0. G\u00f3\u00f0 hugmynd hj\u00e1 Emblu a\u00f0 leita uppl\u00fdsinga um hugsanlegar sta\u00f0setngar hj\u00e1 sveitarf\u00e9l\u00f6gum. Sk\u00f3lanefnd f\u00e6r hr\u00f3s fyrir g\u00f3\u00f0 og vel unnin st\u00f6rf.<br \/>\n5. Sam\u00feykkjum till\u00f6gur vefnefndar. Okkar hlutverk er a\u00f0 vekja athygli innan f\u00e9laganna. G\u00e6ti veri\u00f0 sni\u00f0ugt a\u00f0 hafa uppl\u00fdsingar um allt sem a\u00f0 vefnum sn\u00fdr \u00ed handb\u00f3k.<br \/>\n6. M\u00f6st.<br \/>\n7. \u00cd hva\u00f0a mynd er samstarfi\u00f0? Hvernig vinnur nefnd \u00dej\u00f3\u00f0leikh\u00fassins og hvert er samstarfi\u00f0 a\u00f0 \u00fer\u00f3ast? Eru allir \u00e1n\u00e6g\u00f0ir, er \u00e1st\u00e6\u00f0a til a\u00f0 breyta?<\/p>\n<p>S\u00e9rverkefni<\/p>\n<p>Halda Margt sm\u00e1tt og ein\u00fe\u00e1ttungah\u00e1t\u00ed\u00f0 \u00ed tengslum vi\u00f0 a\u00f0alfund 2008.<br \/>\nNEATA \u0096 J\u00e1, gera st\u00f3rt.<br \/>\nHalda \u00e1fram a\u00f0 reyna a\u00f0 finna fl\u00f6t \u00e1 framkv\u00e6md b\u00faninga- og leikmunasafns\/leigu.<\/p>\n<p><strong>H\u00f3pur 3<br \/>\nH\u00f3pstj\u00f3ri: \u00d6rn Alexandersson<\/strong><br \/>\n1. Rekstur \u00fej\u00f3nustumi\u00f0st\u00f6\u00f0var \u0096 ok<br \/>\n2. Rekstur fasteigna skv. vi\u00f0halds\u00e1\u00e6ltun \u0096 Sko\u00f0a n\u00fdtt h\u00fasn\u00e6\u00f0i \u00e1 h\u00f6f\u00f0uborgar-sv\u00e6\u00f0inu me\u00f0 a\u00f0gengi \u00ed huga og veita stj\u00f3rn umbo\u00f0 a\u00f0 kanna \u00feessi m\u00e1l.<br \/>\n3. \u00datg\u00e1fa \u00e1rsrits 2006 -2007 \u0096 ok.<br \/>\n4. Starfsemi Leiklistask\u00f3lan B\u00cdL skv. n\u00e1mskei\u00f0s\u00e1\u00e6tlun, leggjum til vi\u00f0 sk\u00f3lanefnd a\u00f0 kanna \u00fe\u00f6rf \u00e1 a\u00f0 hafa leikmynda-, b\u00faninga- og lj\u00f3san\u00e1mskei\u00f0 \u00ed samstarfi vi\u00f0 f\u00e9l\u00f6gin v\u00ed\u00f0a um land. H\u00fasn\u00e6\u00f0ism\u00e1l &#8211; a\u00f0 sent ver\u00f0i br\u00e9f til sveitastj\u00f3rna v\u00ed\u00f0a um land \u00fear sem \u00fearfir okkar eru t\u00edunda\u00f0ar m.a. a\u00f0gengi og leita\u00f0 eftir samstarfi og a\u00f0st\u00f6\u00f0u fyrir sk\u00f3lann.<br \/>\n5. Rekstur vefs leiklist.is skv. till\u00f6gum vefnefndar. \u0096 ok.<br \/>\n6. Leita eftir h\u00e6kku\u00f0um framl\u00f6gum \u00far opinberum sj\u00f3\u00f0um til starfsemi \u00e1hugaleikf\u00e9lganna, \u00fej\u00f3nustumi\u00f0st\u00f6\u00f0var Bandalagsins og leiklistarsk\u00f3la \u00feess. \u0096 Kanna einnig m\u00f6guleika \u00e1 styrkjum fr\u00e1 einkaa\u00f0ilum.<br \/>\n7. Halda \u00e1fram samstarfi vi\u00f0 \u00dej\u00f3\u00f0leikh\u00fasi\u00f0 me\u00f0 Athyglisver\u00f0ustu \u00e1hugas\u00fdningu \u00e1rsins. Umr\u00e6\u00f0ur um kostna\u00f0 nefndarinnar r\u00e6ddar og skiptar sko\u00f0anir var\u00f0andi \u00fea\u00f0 efni.<\/p>\n<p>S\u00e9rverkefni starfs\u00e1rsins:<br \/>\n1. Halda ein\u00fe\u00e1ttungah\u00e1t\u00ed\u00f0 \u00ed tengslum vi\u00f0 a\u00f0alfund 2008 &#8211; ok<br \/>\n2. Hefja undirb\u00faning NEATA-h\u00e1t\u00ed\u00f0ar 2010 \u0096 Byrja fyrr en seinna a\u00f0 undirb\u00faa. Hugmynd a\u00f0 sko\u00f0a pakkafer\u00f0 til Riga \u00e1 h\u00e1t\u00ed\u00f0ina 2008 fyrir B\u00cdL-f\u00e9laga til a\u00f0 sj\u00e1 s\u00fdningar og f\u00e1 reynslu af sl\u00edkum h\u00e1t\u00ed\u00f0um.<br \/>\n3. Handritasafn \u0096 A\u00f0 formleg langt\u00edmanefnd vinni a\u00f0 till\u00f6gum til a\u00f0 b\u00e6ta starfsemi handritasafns, fj\u00e1rm\u00f6gnun, a\u00f0 koma henni \u00e1 rafr\u00e6nt form, vi\u00f0haldi safnins o.fl.<br \/>\n4. Margt sm\u00e1tt \u0096 Gera \u00fea\u00f0 vel og meiri h\u00e1t\u00ed\u00f0.<br \/>\n5. B\u00faningasafn \u0096 \u00dearf a\u00f0 vera sk\u00fdrara hva\u00f0 \u00feessi nefnd \u00e1 a\u00f0 gera.<br \/>\n<em><br \/>\nUmr\u00e6\u00f0ur:<\/em><br \/>\n\u00deorgeir kalla\u00f0i eftir n\u00e1kv\u00e6mu or\u00f0alagi \u00e1 till\u00f6gur \u00feeirra h\u00f3pa sem vildu formlega till\u00f6gur a\u00f0 fleiri s\u00e9rverkefnum vi\u00f0 starfs\u00e1\u00e6tlun.<\/p>\n<p>Vilborg sag\u00f0i fr\u00e1 \u00fev\u00ed a\u00f0 \u00e1rsriti\u00f0 yr\u00f0i seint \u00e1 fer\u00f0 \u00feetta \u00e1ri\u00f0, \u00fear sem h\u00fan yr\u00f0i \u00ed fr\u00edi \u00ed september. H\u00fan reikna\u00f0i \u00fe\u00f3 ekki me\u00f0 mikilli seinkun \u00e1 vinnunni,<\/p>\n<p>\u00d6rn Alexandersson b\u00e6tti vi\u00f0 till\u00f6gurnar fr\u00e1 s\u00ednum h\u00f3pi:<br \/>\n&#8211; A\u00f0 sett ver\u00f0i saman pakkafer\u00f0 \u00e1 NEATA-h\u00e1t\u00ed\u00f0ina \u00ed Riga 2008, til undirb\u00fanings fyrir samb\u00e6rilega h\u00e1t\u00ed\u00f0 \u00e1 \u00cdslandi 2010.<\/p>\n<p>Embla sag\u00f0i fr\u00e1 \u00fev\u00ed a\u00f0 h\u00fan vissi til a\u00f0 Slysavarnarf\u00e9lagi\u00f0 \u00e1 sv\u00e6\u00f0inu hj\u00e1 henni v\u00e6ri n\u00fdb\u00fai\u00f0 a\u00f0 s\u00e6kja um styrk til st\u00f3rra fyrirt\u00e6kja, en hef\u00f0i ekki \u00e1tt erindi sem erfi\u00f0i.<br \/>\n\u00d6rn svara\u00f0i \u00fev\u00ed a\u00f0 styrkur okkar samtaka v\u00e6ri a\u00f0 fyrirt\u00e6ki v\u00e6ru m\u00f6rg komin me\u00f0 menningarsj\u00f3\u00f0i og augl\u00fdstu eftir ums\u00f3knum um styrki. \u00der\u00edr st\u00f3rir sj\u00f3\u00f0ir hafi b\u00e6st vi\u00f0 s\u00ed\u00f0an veri\u00f0 var a\u00f0 leita a\u00f0 styrkjum fyrir Leikum n\u00fana, \u00e1ri\u00f0 2005.<\/p>\n<p><em>\u00d6rn: Till\u00f6gur sem h\u00f3pstj\u00f3rar unnu \u00ed kaffihl\u00e9i. Fj\u00f3rar breytingatill\u00f6gur vi\u00f0 starfs\u00e1\u00e6tlun. Og nokkrar \u00e1bendingar til stj\u00f3rnar. Tillagan var svohlj\u00f3\u00f0andi:<\/em><\/p>\n<p>Vi\u00f0b\u00f3t vi\u00f0 li\u00f0 4. \u00ed almennri starfsemi:<br \/>\nA\u00f0 stj\u00f3rn sendi br\u00e9f til sveitastj\u00f3rna v\u00ed\u00f0a um land \u00fear sem \u00fearfir okkar eru t\u00edunda\u00f0ar m.a. a\u00f0gengi og leita\u00f0 eftir samstarfi og a\u00f0st\u00f6\u00f0u fyrir leiklistask\u00f3la B\u00cdL.<\/p>\n<p>Vi\u00f0b\u00f3t vi\u00f0 li\u00f0 6 \u00ed almennri starfsemi:<br \/>\nLeita eftir h\u00e6kku\u00f0um framl\u00f6gum \u00far opinberum sj\u00f3\u00f0um og til einkaa\u00f0ila til starfsemi \u00e1hugaleikf\u00e9laganna, \u00fej\u00f3nustumi\u00f0st\u00f6\u00f0var Bandalagsins og Leiklistarsk\u00f3la \u00feess.<\/p>\n<p>S\u00e9rverkefni:<br \/>\nStj\u00f3rn skipi formlega langt\u00edmanefnd sem haldi utan um starfsemi handritasafns \u00ed samvinnu vi\u00f0 starfsmenn \u00dej\u00f3nustumi\u00f0st\u00f6\u00f0var s.s. vi\u00f0hald, flokkun, tilgang, markmi\u00f0, fj\u00e1rm\u00f6gnun og geymslutilh\u00f6gun.<\/p>\n<p>Margt sm\u00e1tt ver\u00f0i haldin \u00ed haust \u00ed svipu\u00f0u formi og veri\u00f0 hefur.<\/p>\n<p>\u00c1bendingar til stj\u00f3rnar og nefnda:<br \/>\nA\u00f0 stj\u00f3rn kanni grunndv\u00f6ll \u00e1 standa a\u00f0 pakkafer\u00f0 til Riga 2008.<br \/>\nN\u00e1mskei\u00f0s\u00e1\u00e6tlun, leggjum til vi\u00f0 sk\u00f3lanefnd a\u00f0 kanna \u00fe\u00f6rf \u00e1 a\u00f0 hafa leikmynda-, b\u00faninga- og lj\u00f3san\u00e1mskei\u00f0 \u00ed samstarfi vi\u00f0 f\u00e9l\u00f6gin v\u00ed\u00f0a um land.<br \/>\nA\u00f0 lj\u00faka uppl\u00fdsingahandb\u00f3k fyrir stj\u00f3rnir leikf\u00e9lga \u00e1 n\u00e6sta starfs\u00e1ri.<br \/>\nA\u00f0 starf b\u00faninganefndar haldi \u00e1fram og a\u00f0 stj\u00f3rn m\u00f3ti hlutverk nefndarinnar.<br \/>\nA\u00f0 s\u00f3tt ver\u00f0i um styrki hj\u00e1 einkaa\u00f0ilum vegna s\u00f6gu Bandalagsins, handritasafns, leiklistah\u00e1t\u00ed\u00f0a og stuttverkah\u00e1t\u00ed\u00f0a.<\/p>\n<p>\u00deorgeir lag\u00f0i til a\u00f0 vi\u00f0b\u00f3t vi\u00f0 li\u00f0 fj\u00f6gur \u00ed almennri starfsemi yr\u00f0i sleppt. \u00de\u00f3tti a\u00f0 n\u00f3g v\u00e6ri a\u00f0 tillagan k\u00e6mi fram \u00ed fundarger\u00f0.<br \/>\nSam\u00feykkt var a\u00f0 fella hana \u00fat \u00far till\u00f6gunni.<\/p>\n<p><em>H\u00f6r\u00f0ur: Umfjallanir um leiks\u00fdningar. St\u00f3r skellur a\u00f0 mogginn birti \u00fe\u00e6r ekki lengur en \u00fe\u00e6r v\u00f6ktu athygli \u00e1 starfsemi f\u00e9laganna. F\u00f3lk t\u00f3k eftir \u00feessu og \u00fear me\u00f0 j\u00f3kst s\u00fdnileiki starfseminnar. Mikilv\u00e6gt fyrir listr\u00e6nt starf a\u00f0 f\u00e1 faglega umfj\u00f6llun um starfsemina.<\/em><\/p>\n<p>H\u00f6r\u00f0ur bar upp formlega till\u00f6gu a\u00f0 s\u00e9rverkefni sem hlj\u00f3\u00f0a\u00f0i svo:<br \/>\nA\u00f0 stj\u00f3rn leiti lei\u00f0a til a\u00f0 tryggja faglega umfj\u00f6llun um leiks\u00fdningar \u00e1hugaleik-f\u00e9laganna \u00e1 Leiklistarvefnum.<br \/>\nLi\u00f0urinn var sam\u00feykktur inn \u00ed till\u00f6gu a\u00f0 starfs\u00e1\u00e6tlun.<\/p>\n<p>Nokkrar umr\u00e6\u00f0ur spunnust um kostna\u00f0 vi\u00f0 Margt sm\u00e1tt, eins og r\u00e6tt hefur veri\u00f0 um a\u00f0 h\u00fan ver\u00f0i haldin. T\u00f6ldu menn \u00fe\u00f3 a\u00f0 vinnan vi\u00f0 hana yr\u00f0i a\u00f0 mestu unnin \u00ed sj\u00e1lfbo\u00f0avinnu.<\/p>\n<p>Starfs\u00e1\u00e6tlun borin undir atv\u00e6\u00f0i.<br \/>\n(Breytingatill\u00f6gur vi\u00f0 upphaflega till\u00f6gu sk\u00e1letra\u00f0ar.)<\/p>\n<p>Almenn starfsemi.<\/p>\n<p>1. Rekstur \u00fej\u00f3nustumi\u00f0st\u00f6\u00f0var \u00ed samr\u00e6mi vi\u00f0 l\u00f6g B\u00cdL<\/p>\n<p>2. Rekstur fasteigna skv. vi\u00f0halds\u00e1\u00e6tlun<\/p>\n<p>3. \u00datg\u00e1fa \u00c1rsrits fyrir leik\u00e1ri\u00f0 2006-2007<\/p>\n<p>4. Starfsemi Leiklistarsk\u00f3la B\u00cdL skv. n\u00e1mskei\u00f0a\u00e1\u00e6tlun<\/p>\n<p>5. Rekstur vefs\u00ed\u00f0unnar leiklist.is skv. till\u00f6gum vefnefndar<\/p>\n<p>6. Leita eftir h\u00e6kku\u00f0um framl\u00f6gum \u00far opinberum sj\u00f3\u00f0um <em>og til einkaa\u00f0ila<\/em> til starfsemi \u00e1hugaleikf\u00e9laganna, \u00fej\u00f3nustumi\u00f0st\u00f6\u00f0var Bandalagsins og Leiklistarsk\u00f3la \u00feess.<\/p>\n<p>7. Halda \u00e1fram samstarfi vi\u00f0 \u00dej\u00f3\u00f0leikh\u00fasi\u00f0 me\u00f0 Athyglisver\u00f0ustu \u00e1hugas\u00fdningu \u00e1rsins<\/p>\n<p>Sam\u00feykkt.<\/p>\n<p>Tillaga a\u00f0 s\u00e9rverkefnum starfs\u00e1rsins:<\/p>\n<p>1. Halda ein\u00fe\u00e1ttungah\u00e1t\u00ed\u00f0 \u00ed tengslum vi\u00f0 a\u00f0alfund 2008<\/p>\n<p>2. Hefja undirb\u00faning NEATA-h\u00e1t\u00ed\u00f0ar 2010<\/p>\n<p><em>3. A\u00f0 stj\u00f3rn skipi formlega langt\u00edmanefnd sem haldi utan um starfsemi handritasafns \u00ed samvinnu vi\u00f0 starfsmenn \u00dej\u00f3nustumi\u00f0st\u00f6\u00f0var.<\/em><\/p>\n<p>4. A\u00f0 Margt sm\u00e1tt ver\u00f0i haldin \u00ed haust \u00ed svipu\u00f0u formi og veri\u00f0 hefur.<\/p>\n<p>5. A\u00f0 stj\u00f3rn leiti lei\u00f0a til a\u00f0 tryggja faglega umfj\u00f6llun um leiks\u00fdningar \u00e1hugaleikf\u00e9laganna \u00e1 Leiklistarvefnum.<\/p>\n<p>Sam\u00feykkt<\/p>\n<p><em>\u00c1bendingar &#8211; b\u00f3kun.<br \/>\n&#8211; A\u00f0 stj\u00f3rn kanni grunndv\u00f6ll \u00e1 standa a\u00f0 pakkafer\u00f0 til Riga 2008.<br \/>\n&#8211; A\u00f0 sk\u00f3lanefnd kanni \u00fe\u00f6rf \u00e1 a\u00f0 hafa leikmynda-, b\u00faninga- og lj\u00f3san\u00e1mskei\u00f0 \u00ed samstarfi vi\u00f0 f\u00e9l\u00f6gin v\u00ed\u00f0a um land.<br \/>\n&#8211; A\u00f0 lj\u00faka uppl\u00fdsingahandb\u00f3k fyrir stj\u00f3rnir leikf\u00e9lga \u00e1 n\u00e6sta starfs\u00e1ri.<br \/>\n&#8211; A\u00f0 starf b\u00faninganefndar haldi \u00e1fram og a\u00f0 stj\u00f3rn m\u00f3ti hlutverk nefndarinnar.<br \/>\n&#8211; A\u00f0 s\u00f3tt ver\u00f0i um styrki hj\u00e1 einkaa\u00f0ilum vegna s\u00f6gu Bandalagsins, handritasafns, leiklistah\u00e1t\u00ed\u00f0a og stuttverkah\u00e1t\u00ed\u00f0a.<br \/>\n<\/em><br \/>\nB\u00f3kun sam\u00feykkt.<br \/>\n<strong><br \/>\n15. Stj\u00f3rnarkj\u00f6r<\/strong><\/p>\n<p>\u00deorgeir Tryggvason var einn \u00ed frambo\u00f0i til formanns, og var \u00fev\u00ed sj\u00e1lfkj\u00f6rinn.<br \/>\nEmbla Gu\u00f0mundsd\u00f3ttir var kosin sem \u00ed stj\u00f3rn til tveggja \u00e1ra.<br \/>\nHrund \u00d3lafsd\u00f3ttir var kosin \u00ed stj\u00f3rn til eins \u00e1rs.<\/p>\n<p>Gu\u00f0finna Gunnarsd\u00f3ttir, \u00d3l\u00f6f \u00de\u00f3r\u00f0ard\u00f3ttir og Hjalti Kristj\u00e1nsson voru sj\u00e1lfkj\u00f6rin \u00ed varastj\u00f3rn \u00fear sem ekki voru fleiri \u00ed frambo\u00f0i.<\/p>\n<p><strong>16. a) Kosning 3ja manna kj\u00f6rnefndar og eins varamanns til eins \u00e1rs<\/strong><br \/>\nSama kj\u00f6rnefnd situr \u00e1fram. Hana skipa Reg\u00edna Sigur\u00f0ard\u00f3ttir, Hj\u00f6rd\u00eds P\u00e1lmad\u00f3ttir, \u00d6rn Alexandersson og Gunnsteinn Sigur\u00f0sson til vara.<\/p>\n<p><strong> b) Kosning tveggja f\u00e9lagslegra endursko\u00f0enda og eins til vara til eins \u00e1rs<\/strong><br \/>\nS\u00f6mu sko\u00f0unarmenn sitja \u00e1fram. \u00deeir eru Hrefna Fri\u00f0riksd\u00f3ttir og Anna J\u00f3runn Stef\u00e1nsd\u00f3ttir, J\u00fal\u00eda Hannam til vara.<br \/>\n<strong><br \/>\n17. \u00c1kve\u00f0i\u00f0 \u00e1rgjald til Bandalagsins<\/strong><br \/>\nStj\u00f3rn Bandalagsins lag\u00f0i fram eftirfarandi till\u00f6gu:<\/p>\n<p><em>Stj\u00f3rn Bandalagsins leggur til a\u00f0 \u00e1rgj\u00f6ld ver\u00f0i \u00f3breytt fr\u00e1 fyrra \u00e1ri, e\u00f0a kr. 40.000,-<br \/>\nF\u00e9lag sem setur upp tv\u00e6r styrkh\u00e6far leiks\u00fdningar grei\u00f0i eitt og h\u00e1lft \u00e1rgjald, f\u00e9lag sem setur upp \u00ferj\u00e1r s\u00fdningar e\u00f0a fleiri grei\u00f0i tv\u00f6falt \u00e1rgjald og f\u00e9lag sem ekki setur upp neina s\u00fdningu grei\u00f0i h\u00e1lft \u00e1rgjald.<\/em><\/p>\n<p>Nokkrar umr\u00e6\u00f0ur ur\u00f0u um hvort h\u00e6kka \u00e6tti \u00e1rgjald sem n\u00e6mi \u00fe\u00e1ttt\u00f6kugjaldi fyrir einn fulltr\u00faa \u00e1 a\u00f0alfund, utan margfeldis\u00e1hrifa, \u00feannig a\u00f0 f\u00e9l\u00f6g greiddu fyrirfram fyrir einn fulltr\u00faa \u00e1 a\u00f0alfundi. \u00deetta var hugsa\u00f0 til a\u00f0 hvetja f\u00e9l\u00f6g til a\u00f0 senda fulltr\u00faa. Skiptar sko\u00f0anir voru um hvort a\u00f0fer\u00f0in v\u00e6ri heppileg og hvort \u00e1st\u00e6\u00f0a v\u00e6ri til a\u00f0 gr\u00edpa til a\u00f0ger\u00f0a vegna a\u00f0s\u00f3knarleysis \u00e1 a\u00f0alfundi.<br \/>\nNi\u00f0ursta\u00f0an var\u00f0 a\u00f0 m\u00f6nnum \u00fe\u00f3tti meiri t\u00edma \u00feurfa til n\u00e1nari \u00fatf\u00e6rslu \u00e1 \u00feeirri hugmynd, \u00e1\u00f0ur en h\u00fan yr\u00f0i sett inn \u00ed formlega till\u00f6gu, ef af yr\u00f0i.<\/p>\n<p>Tillaga um a\u00f0 \u00e1rgjald til Bandalagsins ver\u00f0i\u00f3breytt \u00e1ri\u00f0 2007-2008 borin upp.<br \/>\nSam\u00feykkt samhlj\u00f3\u00f0a.<\/p>\n<p><em>Fundarhl\u00e9<\/em><\/p>\n<p>Fundi haldi\u00f0 \u00e1fram kl. 10.00, 6.5. 2007<\/p>\n<p><strong>18. \u00d6nnur m\u00e1l<\/strong><\/p>\n<p><img loading=\"lazy\" decoding=\"async\" class=\"alignright size-full wp-image-1453\" style=\"margin: 12px; float: right; width: 200px; height: 150px;\" title=\"adalf2007c.gif\" src=\"https:\/\/leiklist.is\/wp-content\/uploads\/2007\/06\/BIL_Adalfundir_2007_adalf2007c.gif\" alt=\"adalf2007c.gif\" width=\"200\" height=\"150\" \/>\u00d3l\u00f6f \u00de\u00f3r\u00f0ard\u00f3ttir \u00feakka\u00f0i Gu\u00f0r\u00fanu H\u00f6llu fyrir samstarfi\u00f0.<br \/>\nHrund \u00feakka\u00f0i H\u00f6llu fyrir samstarfi\u00f0 og sag\u00f0ist telja \u00e6skilegt a\u00f0 Halla yr\u00f0i Bandalaginu \u00e1fram innan handar vi\u00f0 ums\u00f3knir um framlag \u00far menningarsj\u00f3\u00f0i Evr\u00f3pusambandsins.<\/p>\n<p>Halld\u00f3r \u00f3ska\u00f0i eftir \u00fev\u00ed a\u00f0 fundarstj\u00f3ri yr\u00f0i fenginn til a\u00f0 halda n\u00e1mskei\u00f0 \u00ed fundarstj\u00f3rn. Hann \u00f3ska\u00f0i \u00deorgeiri til hamingju me\u00f0 emb\u00e6tti\u00f0. Hann \u00edtreka\u00f0i einnig vilja sinn til a\u00f0 a\u00f0 sett yr\u00f0i saman h\u00f3pfer\u00f0 \u00e1 leiklistarh\u00e1t\u00ed\u00f0ina \u00ed Lettlandi. Sag\u00f0ist koma me\u00f0 10 manns fr\u00e1 Freyvangsleikh\u00fasinu.<\/p>\n<p>Vilborg sag\u00f0i fr\u00e1 \u00fev\u00ed a\u00f0 NUTU-sk\u00f3linn yr\u00f0i haldinn a\u00f0 H\u00f6nefoss \u00ed Noregi dagana 7. til 21. j\u00fal\u00ed. Sk\u00f3linn er \u00e6tla\u00f0ur f\u00f3lki \u00e1 aldrinum 16-25 \u00e1ra. Ums\u00f3knarey\u00f0ubl\u00f6\u00f0 og allar n\u00e1nari uppl\u00fdsingar berast flj\u00f3tlega. N\u00e1mskei\u00f0sgjald er 20.000 kr\u00f3nur fyrir utan fer\u00f0akostna\u00f0.<br \/>\n\u00deorgeir hvatti menn til a\u00f0 \u00edhuga hvort ungmenni v\u00e6ru innan f\u00e9laganna tsem \u00e1huga hef\u00f0u \u00e1 a\u00f0 fara \u00e1 sk\u00f3lann. Vi\u00f0 \u00e6ttum a\u00f0 n\u00fdta okkur t\u00e6kif\u00e6rin sem gefast \u00ed al\u00fej\u00f3\u00f0asamstarfinu. Hugleikur hefur fari\u00f0 \u00e1 al\u00fej\u00f3\u00f0leiga leiklistarh\u00e1t\u00ed\u00f0ir og hann ber \u00fev\u00ed vel s\u00f6guna. \u00deorgeiri \u00fe\u00f3tti fr\u00e1b\u00e6rt ef margir f\u00e6ru \u00e1 h\u00e1t\u00ed\u00f0ina \u00ed Lettlandi. Hann hvatti menn einnig til a\u00f0 \u00edhuga hvort \u00feeir \u00e6ttu s\u00fdningu sem v\u00e6ri vi\u00f0 h\u00e6fi a\u00f0 senda. S\u00fdningar \u00feurfa a\u00f0 vera klukkut\u00edmi og g\u00f3\u00f0ar og gott v\u00e6ri a\u00f0 \u00fe\u00e6r v\u00e6ru sj\u00f3nr\u00e6nar, \u00fe\u00f3 \u00fea\u00f0 v\u00e6ri alls ekki skilyr\u00f0i.<\/p>\n<p>\u00der\u00e1inn Sigvaldason, forma\u00f0ur Leikf\u00e9lags Flj\u00f3tsdalsh\u00e9ra\u00f0s, \u00feakka\u00f0i fundarm\u00f6nnum fyrir komuna. \u00de\u00f3tti fundurinn g\u00f3\u00f0ur, \u00fe\u00f3 f\u00e1mennur v\u00e6ri.<\/p>\n<p>\u00d6rn r\u00e6ddi ein\u00fe\u00e1ttungaformi\u00f0. Hann sag\u00f0ist ekki vera viss um a\u00f0 f\u00f3lk \u00e1tta\u00f0i sig \u00e1 \u00fev\u00ed hva\u00f0 v\u00e6ri svona sni\u00f0ugt vi\u00f0 formi\u00f0. Hann taldi a\u00f0 ef til vill \u00feyrfti a\u00f0 kynna kosti ein\u00fe\u00e1ttunga fyrir f\u00e9l\u00f6gunum.<br \/>\nGu\u00f0r\u00fan Halla t\u00f3k fram a\u00f0 m\u00f6gulegt v\u00e6ri a\u00f0 hafa anna\u00f0 en ein\u00fe\u00e1ttunga \u00e1 M\u00f6rgu sm\u00e1u. Til d\u00e6mis g\u00f6tuleikh\u00fas. Einnig \u00fe\u00f3tti henni ekkert verra a\u00f0 fari\u00f0 v\u00e6ri me\u00f0 s\u00f6mu \u00fe\u00e6tti \u00e1 margar h\u00e1t\u00ed\u00f0ir. Og stundum v\u00e6ri jafnvel h\u00e6gt a\u00f0 l\u00e1ta setja sama \u00fe\u00e1ttinn oft \u00e1 svi\u00f0, og jafnvel s\u00fdna margar \u00fatg\u00e1fur \u00e1 s\u00f6mu h\u00e1t\u00ed\u00f0. H\u00fan vona\u00f0ist til a\u00f0 fleiri f\u00e6ru \u00e1 leiklistarh\u00e1t\u00ed\u00f0ir erlendis. Ekki s\u00edst til undirb\u00fanings fyrir h\u00e1t\u00ed\u00f0ina h\u00e9r, en h\u00fan \u00feyrfti einnig a\u00f0 vera \u00e1 \u00e1byrg\u00f0 f\u00e9laganna.<br \/>\nG\u00edsli taldi ein\u00fe\u00e1ttungaformi\u00f0 gott til a\u00f0 \u00fej\u00e1lfa leikara, h\u00f6funda og leikstj\u00f3ra.<br \/>\nGu\u00f0finna \u00f3ska\u00f0i \u00deorgeiri til hamingju me\u00f0 emb\u00e6tti\u00f0 og \u00feakka\u00f0i H\u00f6llu fyrir gott samstarf. H\u00fan lag\u00f0i til a\u00f0 settur yr\u00f0i saman einhver listi yfir stuttverk, sem v\u00e6ri a\u00f0gengilegur \u00e1 netinu. H\u00fan sag\u00f0i einnig fr\u00e1 stuttverkadagskr\u00e1nni Hugarflugi, sem Leikf\u00e9lag Selfoss h\u00e9lt \u00ed fyrsta sinn s\u00ed\u00f0asta vetur, og er komin til a\u00f0 vera.<br \/>\n\u00deorgeir sag\u00f0i a\u00f0 vildu menn s\u00e6kja \u00ed reynslubanka Hugleiks \u00ed ein\u00fe\u00e1ttungam\u00e1lum, v\u00e6ri hann alveg til \u00ed a\u00f0 vera m\u00f6nnum innan handar \u00ed einhvers konar r\u00e1gjafar\u00fej\u00f3nustu. H\u00e6gt v\u00e6ri a\u00f0 hafa samstarf me\u00f0 \u00f6\u00f0ru leikf\u00e9lagi. Hugmynd a\u00f0 \u00fev\u00ed a\u00f0 \u00fe\u00e1ttur v\u00e6ri settur upp \u00e1 h\u00e1t\u00ed\u00f0inni. H\u00e6fist \u00e1 leiklestri \u00ed upphafi h\u00e1t\u00ed\u00f0ar og enda\u00f0i \u00e1 fullb\u00fainni s\u00fdningu \u00ed lokin. Svipu\u00f0 vinnubr\u00f6g\u00f0 og \u00e1 lokadegi leiklistarsk\u00f3la Bandalagsins.<br \/>\nHrund sag\u00f0i fr\u00e1 vinasambandi sem var \u00e1 milli Freyvangsleikh\u00fassins og leikdeildar Umf. Reykd\u00e6la. H\u00fan sag\u00f0i a\u00f0 l\u00edti\u00f0 m\u00e1l a\u00f0 heims\u00e6kja \u00f6nnur f\u00e9l\u00f6g. \u00dea\u00f0 eina sem \u00feyrfti v\u00e6ri r\u00fata. H\u00fan \u00feakka\u00f0i Sigurlaugu fyrir s\u00edna reynslus\u00f6gu af M\u00f6rgu sm\u00e1u. Sag\u00f0i hana s\u00fdna a\u00f0 f\u00f3lk g\u00e6ti vel noti\u00f0 \u00feess a\u00f0 koma \u00e1 h\u00e1t\u00ed\u00f0 \u00e1n \u00feess a\u00f0 vera me\u00f0 s\u00fdningu. H\u00fan sag\u00f0i \u00fea\u00f0 hins vegar ge\u00f0veika tilfinningu a\u00f0 leika \u00e1 N\u00fdja svi\u00f0inu \u00ed Borgarleikh\u00fasinu og einnig gaman a\u00f0 f\u00e1 \u00fe\u00e1 a\u00f0sto\u00f0 og \u00fej\u00f3nustu sem Borgarleikh\u00fasi\u00f0 by\u00f0i upp \u00e1. \u00dea\u00f0 v\u00e6ri allt \u00f6\u00f0ruv\u00edsi en a\u00f0 s\u00fdna \u00ed heimabygg\u00f0.<\/p>\n<p>Gu\u00f0r\u00fan Halla lag\u00f0i til a\u00f0 a\u00f0alfundurinn sendi fr\u00e1 s\u00e9r eftirfarandi \u00e1lyktun:<\/p>\n<p><em>A\u00f0alfundur Bandalags \u00edslenskra leikf\u00e9laga, haldinn \u00e1 Hallormssta\u00f0 5. til 6. ma\u00ed 2007 skorar \u00e1 frambj\u00f3\u00f0endur til Al\u00feingis a\u00f0 hl\u00faa a\u00f0 bl\u00f3mlegu starfi \u00e1hugaleikf\u00e9laganna \u00ed landinu me\u00f0 \u00fev\u00ed a\u00f0 kynna s\u00e9r starf \u00feeirra og auka \u00feann fj\u00e1rstyrk sem \u00e1hugaleikh\u00fashreyfingin n\u00fdtur fr\u00e1 r\u00edkisvaldinu. \u00c1hugaleikh\u00fasi\u00f0 er vagga leiklistar \u00ed landinu og hornsteinn menninar \u00ed hverju bygg\u00f0arlagi. Hj\u00e1lpi\u00f0 okkur a\u00f0 halda landinu \u00ed bygg\u00f0!<\/em><\/p>\n<p>\u00c1lyktun sam\u00feykkt samhlj\u00f3\u00f0a.<br \/>\n<strong><br \/>\n19. N\u00e6sti a\u00f0alfundur, hugmyndir reifa\u00f0ar um sta\u00f0 og stund<\/strong><\/p>\n<p>Gu\u00f0r\u00fan Halla minnti \u00e1 a\u00f0 haldin yr\u00f0i ein\u00fe\u00e1ttungah\u00e1t\u00ed\u00f0 \u00ed tengslum vi\u00f0 a\u00f0alfund 2008 og til \u00feess \u00feyrfti a\u00f0 vera a\u00f0sta\u00f0a.<br \/>\nHalld\u00f3r Sigurgeirsson sag\u00f0i fr\u00e1 \u00fev\u00ed a\u00f0 Freyvangsleikh\u00fasi\u00f0 v\u00e6ri a\u00f0 sko\u00f0a m\u00e1li\u00f0, en ekki er vita\u00f0 hvernig gistim\u00e1lum ver\u00f0i h\u00e1tta\u00f0 \u00e1 sv\u00e6\u00f0inu a\u00f0 \u00e1ri.<br \/>\nEmbla Gu\u00f0mundsd\u00f3ttir sag\u00f0i fr\u00e1 \u00fev\u00ed a\u00f0 Umf. Reykd\u00e6la yr\u00f0i 100 \u00e1ra \u00e1 n\u00e6sta \u00e1ri og vildi a\u00f0 \u00fev\u00ed tilefni bj\u00f3\u00f0a til \u00feings \u00ed Reykholti.<\/p>\n<p>Fr\u00e1farandi forma\u00f0ur og n\u00fdr forma\u00f0ur skiptu me\u00f0 s\u00e9r fundarslitum:<br \/>\n\u00deorgeir Tryggvason, n\u00fdkj\u00f6rinn forma\u00f0ur Bandalagsins, \u00feakka\u00f0i Gu\u00f0r\u00fanu H\u00f6llu allt hennar g\u00f3\u00f0a starf \u00ed stj\u00f3rn Bandalagsins.<br \/>\nGu\u00f0r\u00fan Halla J\u00f3nsd\u00f3ttir, fr\u00e1farandi forma\u00f0ur, \u00feakka\u00f0i samstj\u00f3rnarm\u00f6nnum og samstarfsf\u00f3lki \u00e1 skrifstofu og annars sta\u00f0ar fyrir samstarfi\u00f0. H\u00fan t\u00f3k \u00fe\u00f3 fram a\u00f0 h\u00fan hef\u00f0i hugsa\u00f0 s\u00e9r a\u00f0 taka \u00e1ftam \u00fe\u00e1tt \u00ed \u00fev\u00ed mikla starfi sem framundan v\u00e6ri. H\u00fan kvaddi einnig sk\u00f3last\u00fdrurnar, Gunnhildi Sigur\u00f0ard\u00f3ttur og Sigr\u00ed\u00f0i Karlsd\u00f3ttur sem starfa\u00f0 hafa \u00e1 Leiklistarsk\u00f3la Bandalagsins fr\u00e1 upphafi, og bau\u00f0 n\u00fdjar sk\u00f3last\u00fdrur, Hrefnu Fri\u00f0riksd\u00f3ttur og D\u00fdrleifi J\u00f3nsd\u00f3ttur velkomnar til starfa.<br \/>\n<strong><br \/>\n<\/strong><em>Fundi sliti\u00f0.<\/em><\/p>","protected":false},"excerpt":{"rendered":"<p>1. Fundarsetning. Kosning tveggja fundarstj\u00f3ra og fundarritara sem taka \u00feegar til starfa. L\u00f6gm\u00e6ti fundarins kanna\u00f0. Fundarstj\u00f3rar: \u00de\u00f3rhallur P\u00e1lsson og Reg\u00edna Sigur\u00f0ard\u00f3ttir. Fundarritarar: Sigr\u00ed\u00f0ur L\u00e1ra Sigurj\u00f3nsd\u00f3ttir og \u00c1rmann Gu\u00f0mundsson. Til fundarins var l\u00f6glega bo\u00f0a\u00f0. 2. Kj\u00f6rnefnd afgrei\u00f0ir kj\u00f6rbr\u00e9f og afhendir atkv\u00e6\u00f0aspj\u00f6ld, sk\u00fdrir st\u00f6\u00f0u m\u00e1la var\u00f0andi stj\u00f3rnarkj\u00f6r og augl\u00fdsir eftir till\u00f6gum. Reg\u00edna Sigur\u00f0ard\u00f3ttir, forma\u00f0ur kj\u00f6rnefndar, kynnti starfandi [&hellip;]<\/p>\n","protected":false},"author":3,"featured_media":1445,"comment_status":"open","ping_status":"open","sticky":false,"template":"","format":"standard","meta":{"_et_pb_use_builder":"","_et_pb_old_content":"","_et_gb_content_width":"","footnotes":""},"categories":[206,202],"tags":[],"class_list":["post-1454","post","type-post","status-publish","format-standard","has-post-thumbnail","hentry","category-adalfundargerdir","category-bandalagi","et-has-post-format-content","et_post_format-et-post-format-standard"],"_links":{"self":[{"href":"https:\/\/leiklist.is\/en\/wp-json\/wp\/v2\/posts\/1454","targetHints":{"allow":["GET"]}}],"collection":[{"href":"https:\/\/leiklist.is\/en\/wp-json\/wp\/v2\/posts"}],"about":[{"href":"https:\/\/leiklist.is\/en\/wp-json\/wp\/v2\/types\/post"}],"author":[{"embeddable":true,"href":"https:\/\/leiklist.is\/en\/wp-json\/wp\/v2\/users\/3"}],"replies":[{"embeddable":true,"href":"https:\/\/leiklist.is\/en\/wp-json\/wp\/v2\/comments?post=1454"}],"version-history":[{"count":0,"href":"https:\/\/leiklist.is\/en\/wp-json\/wp\/v2\/posts\/1454\/revisions"}],"wp:featuredmedia":[{"embeddable":true,"href":"https:\/\/leiklist.is\/en\/wp-json\/"}],"wp:attachment":[{"href":"https:\/\/leiklist.is\/en\/wp-json\/wp\/v2\/media?parent=1454"}],"wp:term":[{"taxonomy":"category","embeddable":true,"href":"https:\/\/leiklist.is\/en\/wp-json\/wp\/v2\/categories?post=1454"},{"taxonomy":"post_tag","embeddable":true,"href":"https:\/\/leiklist.is\/en\/wp-json\/wp\/v2\/tags?post=1454"}],"curies":[{"name":"wp","href":"https:\/\/api.w.org\/{rel}","templated":true}]}}