{"id":1419,"date":"2007-05-14T11:13:44","date_gmt":"2007-05-14T11:13:44","guid":{"rendered":"http:\/\/wp.leiklist.is\/?p=1419"},"modified":"2007-05-14T11:13:44","modified_gmt":"2007-05-14T11:13:44","slug":"vinnusmium-eikh","status":"publish","type":"post","link":"https:\/\/leiklist.is\/en\/vinnusmium-eikh\/","title":{"rendered":"Vinnusmi\u00f0ja um \u00fe\u00e1tt\u00f6kuleikh\u00fas"},"content":{"rendered":"<p> <span>N\u00e6stkomandi \u00feri\u00f0judag, <strong>15. ma\u00ed<\/strong> ver\u00f0ur s\u00ed\u00f0asta vinnusmi\u00f0ja fr\u00e6\u00f0sludeildar \u00dej\u00f3\u00f0leikh\u00fassins og FL\u00cdSS &#8211; <em>F\u00e9lags um leiklist \u00ed sk\u00f3lastarfi<\/em> \u00ed vetur. <\/span> <\/p>\n<p> <span>A\u00f0 \u00feessu sinni kynnumst vi\u00f0 a\u00f0fer\u00f0um \u00fe\u00e1ttt\u00f6kuleikh\u00fass (<em>Forum<\/em> <em>theatre<\/em>). \u00deessar a\u00f0fer\u00f0ir hafa\u00a0lengi veri\u00f0 vins\u00e6lar me\u00f0al leiklistarkennara, enda bj\u00f3\u00f0a \u00fe\u00e6r upp \u00e1 fr\u00e1b\u00e6ra lei\u00f0 til \u00feess a\u00f0 takast \u00e1 vi\u00f0 erfi\u00f0 vi\u00f0fangsefni me\u00f0 nemendum auk \u00feess a\u00f0 vera gott \u00fej\u00e1lfunart\u00e6ki \u00ed leiklist.<\/span><span> <\/p>\n<p> Lei\u00f0beinandi \u00ed vinnusmi\u00f0junni ver\u00f0ur <strong>Susanne Braad Andersen<\/strong> sem vinnur \u00ed <em>Aalborg kommunale skolev\u00e6sen<\/em>. Susanne hefur veri\u00f0 me\u00f0 leiksmi\u00f0jur v\u00ed\u00f0s vegar um Nor\u00f0url\u00f6nd og er \u00ed h\u00f3pi lei\u00f0andi leiklistarkennara \u00ed heimalandi s\u00ednu. <br \/> \u00c1 \u00feri\u00f0judagskv\u00f6ldi\u00f0 mun h\u00fan taka fyrir verkefni um einelti og vin\u00e1ttu.  <\/p>\n<p> Sem fyrr ver\u00f0um vi\u00f0 \u00ed \u00a0gamla H\u00e6star\u00e9ttarh\u00fasinu a\u00f0Lindarg\u00f6tu 3. Vi\u00f0 byrjum kl. 20 og\u00a0vinnum til kl.\u00a023.00<br \/> Ver\u00f0 <strong>3000 kr. <\/strong>Ekki er \u00fe\u00f6rf \u00e1 a\u00f0 skr\u00e1 sig fyrirfram.  <\/p>\n<p> <\/span> <\/p>\n<p>  <!--more--> <span><br \/> <\/span> <\/p>","protected":false},"excerpt":{"rendered":"<p>N\u00e6stkomandi \u00feri\u00f0judag, 15. ma\u00ed ver\u00f0ur s\u00ed\u00f0asta vinnusmi\u00f0ja fr\u00e6\u00f0sludeildar \u00dej\u00f3\u00f0leikh\u00fassins og FL\u00cdSS &#8211; F\u00e9lags um leiklist \u00ed sk\u00f3lastarfi \u00ed vetur. A\u00f0 \u00feessu sinni kynnumst vi\u00f0 a\u00f0fer\u00f0um \u00fe\u00e1ttt\u00f6kuleikh\u00fass (Forum theatre). \u00deessar a\u00f0fer\u00f0ir hafa\u00a0lengi veri\u00f0 vins\u00e6lar me\u00f0al leiklistarkennara, enda bj\u00f3\u00f0a \u00fe\u00e6r upp \u00e1 fr\u00e1b\u00e6ra lei\u00f0 til \u00feess a\u00f0 takast \u00e1 vi\u00f0 erfi\u00f0 vi\u00f0fangsefni me\u00f0 nemendum auk \u00feess a\u00f0 [&hellip;]<\/p>\n","protected":false},"author":3,"featured_media":1418,"comment_status":"open","ping_status":"open","sticky":false,"template":"","format":"standard","meta":{"_et_pb_use_builder":"","_et_pb_old_content":"","_et_gb_content_width":"","footnotes":""},"categories":[187],"tags":[],"class_list":["post-1419","post","type-post","status-publish","format-standard","has-post-thumbnail","hentry","category-allar-frir","et-has-post-format-content","et_post_format-et-post-format-standard"],"_links":{"self":[{"href":"https:\/\/leiklist.is\/en\/wp-json\/wp\/v2\/posts\/1419","targetHints":{"allow":["GET"]}}],"collection":[{"href":"https:\/\/leiklist.is\/en\/wp-json\/wp\/v2\/posts"}],"about":[{"href":"https:\/\/leiklist.is\/en\/wp-json\/wp\/v2\/types\/post"}],"author":[{"embeddable":true,"href":"https:\/\/leiklist.is\/en\/wp-json\/wp\/v2\/users\/3"}],"replies":[{"embeddable":true,"href":"https:\/\/leiklist.is\/en\/wp-json\/wp\/v2\/comments?post=1419"}],"version-history":[{"count":0,"href":"https:\/\/leiklist.is\/en\/wp-json\/wp\/v2\/posts\/1419\/revisions"}],"wp:featuredmedia":[{"embeddable":true,"href":"https:\/\/leiklist.is\/en\/wp-json\/"}],"wp:attachment":[{"href":"https:\/\/leiklist.is\/en\/wp-json\/wp\/v2\/media?parent=1419"}],"wp:term":[{"taxonomy":"category","embeddable":true,"href":"https:\/\/leiklist.is\/en\/wp-json\/wp\/v2\/categories?post=1419"},{"taxonomy":"post_tag","embeddable":true,"href":"https:\/\/leiklist.is\/en\/wp-json\/wp\/v2\/tags?post=1419"}],"curies":[{"name":"wp","href":"https:\/\/api.w.org\/{rel}","templated":true}]}}