{"id":1411,"date":"2007-05-09T10:19:47","date_gmt":"2007-05-09T10:19:47","guid":{"rendered":"http:\/\/wp.leiklist.is\/?p=1411"},"modified":"2020-03-02T09:53:33","modified_gmt":"2020-03-02T09:53:33","slug":"kvefruu-h-frrandi-formanni-bandalagsins","status":"publish","type":"post","link":"https:\/\/leiklist.is\/en\/kvefruu-h-frrandi-formanni-bandalagsins\/","title":{"rendered":"Kve\u00f0ja fr\u00e1 Gu\u00f0r\u00fanu H\u00f6llu, fr\u00e1farandi formanni Bandalagsins"},"content":{"rendered":"<p> K\u00e6ru vinir og f\u00e9lagar! <\/p>\n<p> A\u00f0 afst\u00f6\u00f0nu mj\u00f6g velheppnu\u00f0u bandalags\u00feingi \u00e1 Hallormssta\u00f0 langar mig a\u00f0 \u00feakka ykkur sem \u00fear voru\u00f0 \u00e1n\u00e6gjulega samveru og samvinnu um helgina og falleg or\u00f0 \u00ed minn gar\u00f0. Ykkur, sem ekki \u00e1ttu\u00f0 heimangengt sem og \u00feeim heppnu sem voru \u00e1 Hallormssta\u00f0, vil \u00e9g \u00feakka afar \u00e1n\u00e6gjuleg samstarf og samveru \u00ed bandalagsstarfinu s\u00ed\u00f0ustu 15 \u00e1r. \u00c9g \u00e1kva\u00f0 fyrir nokkrum d\u00f6gum s\u00ed\u00f0an a\u00f0 gefa ekki kost \u00e1 m\u00e9r til \u00e1framhaldandi formannsstarfa og afhenti kyndilinn me\u00f0 lj\u00fafs\u00e1rum s\u00f6knu\u00f0i til Togga (\u00deorgeirs Tryggvasonar) sem \u00e9g veit a\u00f0 mun sinna starfinu me\u00f0 miklum s\u00f3ma. <\/p>\n<p> &nbsp; <\/p>\n<p>  <!--more--> <\/p>\n<p> \u00dea\u00f0 er \u00e1n\u00e6gjulegt a\u00f0 l\u00edta til baka \u00e1 \u00feessi 15 \u00e1r sem \u00e9g hef starfa\u00f0 fyrir Bandalagi\u00f0 innan stj\u00f3rnar, m\u00f6rg skemmtileg verkefni hafa komi\u00f0 upp \u00e1 bor\u00f0i\u00f0 og flest h\u00f6fum vi\u00f0 leyst me\u00f0 samstilltu \u00e1taki, sem er svo einkennandi fyrir \u00feennan f\u00e9lagsskap. Me\u00f0al \u00feeirra verkefna sem \u00e9g hef fengist vi\u00f0 me\u00f0 \u00f6\u00f0rum stj\u00f3rnar-, nefnda- og starfsm\u00f6nnum hreyfingarinnar eru t.d. kaup \u00e1 h\u00fasn\u00e6\u00f0inu okkar \u00e1 Laugarvegi 96, uppbygging sk\u00f3lans, auki\u00f0 erlent samstarf, tilur\u00f0 vefjarins leiklist.is, samstarf vi\u00f0 st\u00f3ru leikh\u00fasin (Athygliver\u00f0asta \u00e1hugaleiks\u00fdning \u00e1rsins \u00ed \u00dej\u00f3\u00f0leikh\u00fasinu og stuttverkah\u00e1t\u00ed\u00f0in Margt sm\u00e1tt \u00ed Borgarleikh\u00fasinu). Auk \u00feessa m\u00e1 nefna ein\u00fe\u00e1ttungah\u00e1t\u00ed\u00f0ir, Leikum n\u00fana \u00e1 Akureyri 2000 og 2005, ritun s\u00f6gu B\u00cdL, erlent samstarf og fer\u00f0ir \u00e1 erlendar leiklistarh\u00e1t\u00ed\u00f0ir og n\u00e1mskei\u00f0 og margt fleira. Auk allra \u00feessara st\u00f3ru verkefna, sem \u00e9g tel hafa \u00feroska\u00f0 mig sem manneskju og \u00e1hugaleikara, ver\u00f0 \u00e9g a\u00f0 telja a\u00f0al\u00e1vinninginn sem \u00feetta starf hefur gefi\u00f0 m\u00e9r en \u00fea\u00f0 eru kynni m\u00edn af \u00f6llu \u00fev\u00ed d\u00e1samlega og h\u00e6filerikar\u00edka f\u00f3lki sem \u00e9g hef kynnst \u00e1 \u00f6llum \u00feessum t\u00edma, f\u00f3lk sem \u00e9g er svo heppin a\u00f0 geta \u00ed dag tali\u00f0 til vina minna og hefur kennt m\u00e9r svo \u00f3tal margt. <\/p>\n<p> \u00c9g finn \u00ed dag fyrir d\u00e1litlum t\u00f3mleika, enda kannski ekki skr\u00fdti\u00f0 eftir \u00f6ll \u00feessi \u00e1r \u00ed innsta hring bandalagsins, en \u00fea\u00f0 sem gerir \u00fea\u00f0 a\u00f0 verkum a\u00f0 \u00e9g get sleppt t\u00f6kunum me\u00f0 gle\u00f0i \u00ed hjarta er annars vegar a\u00f0 \u00e9g veit a\u00f0 formannsemb\u00e6tti\u00f0 ver\u00f0ur \u00ed g\u00f3\u00f0um h\u00f6ndum og a\u00f0 framkv\u00e6mdastj\u00f3rinn okkar er enginn aukvisi og \u00feau, me\u00f0 stu\u00f0ningi annara stj\u00f3rnarmanna og okkar hinna, munu sinna bandalaginu okkar \u00e1 besta m\u00e1ta. <\/p>\n<p> \u00c9g \u00e6tla a\u00f0 nota \u00feetta t\u00e6kif\u00e6ri og bi\u00f0ja ykkur sem \u00feetta lesi\u00f0, a\u00f0 leggja lei\u00f0 ykkar \u00e1 frambo\u00f0sskrifstofur flokkana n\u00fa \u00ed vikunni og minna \u00e1 nau\u00f0syn \u00feess a\u00f0 hl\u00fa\u00f0 ver\u00f0i vel a\u00f0 \u00e1hugaleikh\u00fasinu af h\u00e1lfu r\u00edkisvaldsins \u0096 ef vi\u00f0 leggjumst \u00f6ll \u00e1 eitt og minnum \u00e1 okkur, \u00fe\u00e1 er mun l\u00edklegra a\u00f0 vi\u00f0 getum reki\u00f0 leikf\u00e9l\u00f6gin me\u00f0 reisn og s\u00f3ma. <\/p>\n<p> \u00de\u00e1 vil \u00e9g einnig \u00feakka Leikf\u00e9lagi Flj\u00f3tsdalsh\u00e9ra\u00f0s fyrir fr\u00e1b\u00e6rar m\u00f3tt\u00f6kur um helgina, \u00f6ll umgj\u00f6r\u00f0 \u00feingsins var \u00feeim til mikils s\u00f3ma og kirsuberi\u00f0 \u00e1 k\u00f6kuna var au\u00f0vita\u00f0 a\u00f0 \u00feau skyldu vera valin \u00ed \u00dej\u00f3\u00f0leikh\u00fasi\u00f0 \u00e1 40 \u00e1ra afm\u00e6linu s\u00ednu! <\/p>\n<p> A\u00f0 lokum lofa \u00e9g (h\u00f3ta finnst kannski einhverjum;-)) a\u00f0 halda \u00e1fram a\u00f0 vera \u00e1str\u00ed\u00f0ufullur \u00e1hugaleikari og bandalax, \u00e9g mun a\u00f0 sj\u00e1lfs\u00f6g\u00f0u starfa a\u00f0 framgangi bandalagsins h\u00e9r eftir sem hinga\u00f0 til af \u00e1huga og bestu getu, hlakka til a\u00f0 sj\u00e1 ykkur \u00f6ll \u00e1 Margt sm\u00e1tt \u00ed haust! <\/p>\n<ul>\n<li><em> \tKn\u00faskve\u00f0jur,<\/em><\/li>\n<li><em>Gu\u00f0r\u00fan Halla J\u00f3nsd\u00f3ttir, <\/em><\/li>\n<li><em>fr\u00e1farandi forma\u00f0ur Bandalags \u00edslenskra leikf\u00e9laga<\/em><\/li>\n<\/ul>\n<p> {mos_fb_discuss:3} <\/p>","protected":false},"excerpt":{"rendered":"<p>K\u00e6ru vinir og f\u00e9lagar! A\u00f0 afst\u00f6\u00f0nu mj\u00f6g velheppnu\u00f0u bandalags\u00feingi \u00e1 Hallormssta\u00f0 langar mig a\u00f0 \u00feakka ykkur sem \u00fear voru\u00f0 \u00e1n\u00e6gjulega samveru og samvinnu um helgina og falleg or\u00f0 \u00ed minn gar\u00f0. Ykkur, sem ekki \u00e1ttu\u00f0 heimangengt sem og \u00feeim heppnu sem voru \u00e1 Hallormssta\u00f0, vil \u00e9g \u00feakka afar \u00e1n\u00e6gjuleg samstarf og samveru \u00ed bandalagsstarfinu s\u00ed\u00f0ustu [&hellip;]<\/p>\n","protected":false},"author":3,"featured_media":1410,"comment_status":"open","ping_status":"open","sticky":false,"template":"","format":"standard","meta":{"_et_pb_use_builder":"","_et_pb_old_content":"","_et_gb_content_width":"","footnotes":""},"categories":[200],"tags":[],"class_list":["post-1411","post","type-post","status-publish","format-standard","has-post-thumbnail","hentry","category-markvert","et-has-post-format-content","et_post_format-et-post-format-standard"],"_links":{"self":[{"href":"https:\/\/leiklist.is\/en\/wp-json\/wp\/v2\/posts\/1411","targetHints":{"allow":["GET"]}}],"collection":[{"href":"https:\/\/leiklist.is\/en\/wp-json\/wp\/v2\/posts"}],"about":[{"href":"https:\/\/leiklist.is\/en\/wp-json\/wp\/v2\/types\/post"}],"author":[{"embeddable":true,"href":"https:\/\/leiklist.is\/en\/wp-json\/wp\/v2\/users\/3"}],"replies":[{"embeddable":true,"href":"https:\/\/leiklist.is\/en\/wp-json\/wp\/v2\/comments?post=1411"}],"version-history":[{"count":0,"href":"https:\/\/leiklist.is\/en\/wp-json\/wp\/v2\/posts\/1411\/revisions"}],"wp:featuredmedia":[{"embeddable":true,"href":"https:\/\/leiklist.is\/en\/wp-json\/"}],"wp:attachment":[{"href":"https:\/\/leiklist.is\/en\/wp-json\/wp\/v2\/media?parent=1411"}],"wp:term":[{"taxonomy":"category","embeddable":true,"href":"https:\/\/leiklist.is\/en\/wp-json\/wp\/v2\/categories?post=1411"},{"taxonomy":"post_tag","embeddable":true,"href":"https:\/\/leiklist.is\/en\/wp-json\/wp\/v2\/tags?post=1411"}],"curies":[{"name":"wp","href":"https:\/\/api.w.org\/{rel}","templated":true}]}}