{"id":1382,"date":"2007-04-25T08:26:38","date_gmt":"2007-04-25T08:26:38","guid":{"rendered":"http:\/\/wp.leiklist.is\/?p=1382"},"modified":"2007-04-25T08:26:38","modified_gmt":"2007-04-25T08:26:38","slug":"krur-dags-og-nr","status":"publish","type":"post","link":"https:\/\/leiklist.is\/en\/krur-dags-og-nr\/","title":{"rendered":"Kr\u00f3nikur dags og n\u00e6tur"},"content":{"rendered":"<p> Leikr\u00e6nn flutningur \u00e1 textum eftir Xavier Durringer ver\u00f0ur \u00e1 3. h\u00e6\u00f0inni \u00ed Borgarleikh\u00fasinu \u00feann 27. apr\u00edl, kl. 21:00. <\/p>\n<p> S\u00fdningin Kr\u00f3nikur dags og n\u00e6tur er bygg\u00f0 \u00e1 b\u00f3k Durringer \u0093Les chroniques des jours entiers et des nuits enti\u00e8res\u0094 sem inniheldur fj\u00f6lmarga stutta pr\u00f3satexta og samt\u00f6l. Verkefni leikstj\u00f3ra og \u00fe\u00fd\u00f0enda var a\u00f0 finna 26 texta h\u00e9\u00f0an og \u00fea\u00f0an \u00far b\u00f3kinni og mynda \u00feannig eina heild sem s\u00fdnir gl\u00f6ggt vi\u00f0fangsefni h\u00f6fundar; firringu, ofbeldi og tilgang e\u00f0a tilgangsleysi \u00ed mannlegum samskiptum sem og um l\u00edfi\u00f0, \u00e1stina sem vi\u00f0 dreymum um, og dau\u00f0ann a\u00f0 lokum. Tilgangur verksins er um lei\u00f0 a\u00f0 f\u00f3lk til a\u00f0 spyrja sig spurninga, r\u00e9ttu spurninganna en ekki endilega svara \u00feeim. <br \/> Textarnir eru l\u00edtil brot, l\u00edtil s\u00e1r, raddir sem leysast h\u00e6gt upp og eru eins konar bros \u00ed felum fyrir ofbeldi dags og n\u00e6tur.<\/p>\n<p>  <!--more--> <\/p>\n<p> S\u00fdningin er samstarfsverkefni menningarh\u00e1t\u00ed\u00f0arinnar Franskt vor \u00e1 \u00cdslandi \u0093Pourquoi pas?\u0094 og H\u00e1sk\u00f3la \u00cdslands.<\/p>\n<p> Flytjendur: \u00c1sta Ingibjartsd\u00f3ttir, Gunnar Gunnsteinsson, J\u00f3hann Meunier og Margr\u00e9t \u00d3skarsd\u00f3ttir.<\/p>\n<p> B\u00faningar og leikmynd: \u00de\u00f3runn Mar\u00eda J\u00f3nsd\u00f3ttir<br \/> Lj\u00f3s: S\u00f3lveig Eggertsd\u00f3ttir<br \/> A\u00f0sto\u00f0arma\u00f0ur leikstj\u00f3ra: H\u00f3lmgeir Reynisson<br \/> Leikstj\u00f3ri: Ingibj\u00f6rg \u00de\u00f3risd\u00f3ttir<\/p>\n<p> Mi\u00f0asala \u00ed Borgarleikh\u00fasinu.  <\/p>\n<p> Um h\u00f6fundinn<br \/> Xavier Durringer er f\u00e6ddur 1. desember 1963 \u00ed Par\u00eds. \u00c1ri\u00f0 1989 stofna\u00f0i hann leikflokkinn \u0093La L\u00e9sarde\u0094 og hefur starfa\u00f0 me\u00f0 honum b\u00e6\u00f0i sem h\u00f6fundur og leikstj\u00f3ri. Durringer hefur einnig leikst\u00fdrt kvikmyndum og t\u00f3nlistarmyndb\u00f6ndum og m\u00f6rg verka Durringer eru uppf\u00e6r\u00f0 \u00e1 \u00e1ri hverju og ekki a\u00f0eins \u00ed Frakklandi heldur einnig \u00ed l\u00f6ndum \u00fear sem verk hans hafa veri\u00f0 \u00fe\u00fddd; \u00de\u00fdskalandi, Bandar\u00edkjunum, Englandi, B\u00falgar\u00edu, Katal\u00f3n\u00edu, Sp\u00e1ni, Hollandi og \u00cdtal\u00edu. \u00c1ri\u00f0 2000 stofna\u00f0i Durringer samt\u00f6k sem sty\u00f0ja vi\u00f0 og hj\u00e1lpa ungum h\u00f6fundum og leikstj\u00f3rum a\u00f0 koma s\u00e9r \u00e1 framf\u00e6ri. <\/p>\n<p> {mos_fb_discuss:2}  <\/p>","protected":false},"excerpt":{"rendered":"<p>Leikr\u00e6nn flutningur \u00e1 textum eftir Xavier Durringer ver\u00f0ur \u00e1 3. h\u00e6\u00f0inni \u00ed Borgarleikh\u00fasinu \u00feann 27. apr\u00edl, kl. 21:00. S\u00fdningin Kr\u00f3nikur dags og n\u00e6tur er bygg\u00f0 \u00e1 b\u00f3k Durringer \u0093Les chroniques des jours entiers et des nuits enti\u00e8res\u0094 sem inniheldur fj\u00f6lmarga stutta pr\u00f3satexta og samt\u00f6l. Verkefni leikstj\u00f3ra og \u00fe\u00fd\u00f0enda var a\u00f0 finna 26 texta h\u00e9\u00f0an og [&hellip;]<\/p>\n","protected":false},"author":3,"featured_media":1381,"comment_status":"open","ping_status":"open","sticky":false,"template":"","format":"standard","meta":{"_et_pb_use_builder":"","_et_pb_old_content":"","_et_gb_content_width":"","footnotes":""},"categories":[187],"tags":[],"class_list":["post-1382","post","type-post","status-publish","format-standard","has-post-thumbnail","hentry","category-allar-frir","et-has-post-format-content","et_post_format-et-post-format-standard"],"_links":{"self":[{"href":"https:\/\/leiklist.is\/en\/wp-json\/wp\/v2\/posts\/1382","targetHints":{"allow":["GET"]}}],"collection":[{"href":"https:\/\/leiklist.is\/en\/wp-json\/wp\/v2\/posts"}],"about":[{"href":"https:\/\/leiklist.is\/en\/wp-json\/wp\/v2\/types\/post"}],"author":[{"embeddable":true,"href":"https:\/\/leiklist.is\/en\/wp-json\/wp\/v2\/users\/3"}],"replies":[{"embeddable":true,"href":"https:\/\/leiklist.is\/en\/wp-json\/wp\/v2\/comments?post=1382"}],"version-history":[{"count":0,"href":"https:\/\/leiklist.is\/en\/wp-json\/wp\/v2\/posts\/1382\/revisions"}],"wp:featuredmedia":[{"embeddable":true,"href":"https:\/\/leiklist.is\/en\/wp-json\/"}],"wp:attachment":[{"href":"https:\/\/leiklist.is\/en\/wp-json\/wp\/v2\/media?parent=1382"}],"wp:term":[{"taxonomy":"category","embeddable":true,"href":"https:\/\/leiklist.is\/en\/wp-json\/wp\/v2\/categories?post=1382"},{"taxonomy":"post_tag","embeddable":true,"href":"https:\/\/leiklist.is\/en\/wp-json\/wp\/v2\/tags?post=1382"}],"curies":[{"name":"wp","href":"https:\/\/api.w.org\/{rel}","templated":true}]}}