{"id":1380,"date":"2007-04-25T06:30:42","date_gmt":"2007-04-25T06:30:42","guid":{"rendered":"http:\/\/wp.leiklist.is\/?p=1380"},"modified":"2007-04-25T06:30:42","modified_gmt":"2007-04-25T06:30:42","slug":"stuttverk-og-leiklestrar-hjugleik","status":"publish","type":"post","link":"https:\/\/leiklist.is\/en\/stuttverk-og-leiklestrar-hjugleik\/","title":{"rendered":"Stuttverk og leiklestrar hj\u00e1 Hugleik"},"content":{"rendered":"<p> Leikf\u00e9lagi\u00f0 Hugleikur gerir ekki endasleppt \u00ed vetur. S\u00fdningum er n\u00fdloki\u00f0 \u00e1 &quot;Eplum og eikum&quot; eftir \u00de\u00f3runni Gu\u00f0mundsd\u00f3ttur, s\u00fdningar standa yfir \u00e1 &quot;Bing\u00f3&quot; eftir Hrefnu Fri\u00f0riksd\u00f3ttur \u00ed samstarfi vi\u00f0 Leikf\u00e9lag K\u00f3pavogs, og n\u00fa s\u00fdnir f\u00e9lagi\u00f0 fj\u00f3ra n\u00fdja ein\u00fe\u00e1ttunga \u00ed \u00dej\u00f3\u00f0leikh\u00faskjallaranum.  <\/p>\n<p> \u00deetta er ekki \u00ed fyrsta sinn sem Hugleikur s\u00fdnir \u00ed kjallaranum, f\u00e9lagi\u00f0 hefur veri\u00f0 me\u00f0 reglulegar dagskr\u00e1r \u00fear s\u00ed\u00f0ustu tv\u00f6 \u00e1rin undir yfirskriftinni &quot;\u00deetta m\u00e1na\u00f0arlega&quot;. <\/p>\n<p>  <!--more--> \u00de\u00e6ttirnir sem s\u00fdndir ver\u00f0a a\u00f0 \u00feessu sinni eru:  <\/p>\n<p> <em>Fyrir <\/em>eftir Hrefnu Fri\u00f0riksd\u00f3ttur \u00ed leikstj\u00f3rn Krist\u00ednar N\u00f6nnu Vilhelmsd\u00f3ttur<br \/> <em>Eigin raun <\/em>eftir Sigur\u00f0 H. P\u00e1lsson \u00ed leikstj\u00f3rn \u00de\u00f3runnar Gu\u00f0mundsd\u00f3ttur<br \/> <em>\u00deri\u00f0judagskv\u00f6ld<\/em> eftir \u00de\u00f3runni Gu\u00f0mundsd\u00f3ttur \u00ed leikstj\u00f3rn R\u00fanars Lund<br \/> <em>\u00deri\u00f0ji dagurinn <\/em>eftir Sigur\u00f0 H. P\u00e1lsson \u00ed leikstj\u00f3rn leikh\u00f3psins, en s\u00e1 \u00fe\u00e1ttur er sj\u00e1lfst\u00e6tt framhald ein\u00fe\u00e1ttungsins <em>Hannyr\u00f0ir <\/em>sem f\u00e9kk \u00f6nnur ver\u00f0laun \u00e1 stuttverkah\u00e1t\u00ed\u00f0inni Margt sm\u00e1tt \u00ed fyrra.  <\/p>\n<p> Auk \u00feessara fj\u00f6gurra n\u00fdju leik\u00fe\u00e1tta ver\u00f0a leiklesin valin atri\u00f0i \u00far nokkrum leikrita Hugleiks fr\u00e1 fyrstu \u00e1rum f\u00e9lagsins. <\/p>\n<p> Dagskr\u00e1in ver\u00f0ur a\u00f0eins s\u00fdnd tvisvar, sunnudaginn 22. apr\u00edl og fimmtudaginn 26. apr\u00edl. <br \/> H\u00fasi\u00f0 opnar kl. 20:30 og s\u00fdningar hefjast kl. 21:00. <br \/> Mi\u00f0aver\u00f0 er 1000 kr. <\/p>\n<p> {mos_fb_discuss:2}  <\/p>","protected":false},"excerpt":{"rendered":"<p>Leikf\u00e9lagi\u00f0 Hugleikur gerir ekki endasleppt \u00ed vetur. S\u00fdningum er n\u00fdloki\u00f0 \u00e1 &quot;Eplum og eikum&quot; eftir \u00de\u00f3runni Gu\u00f0mundsd\u00f3ttur, s\u00fdningar standa yfir \u00e1 &quot;Bing\u00f3&quot; eftir Hrefnu Fri\u00f0riksd\u00f3ttur \u00ed samstarfi vi\u00f0 Leikf\u00e9lag K\u00f3pavogs, og n\u00fa s\u00fdnir f\u00e9lagi\u00f0 fj\u00f3ra n\u00fdja ein\u00fe\u00e1ttunga \u00ed \u00dej\u00f3\u00f0leikh\u00faskjallaranum. \u00deetta er ekki \u00ed fyrsta sinn sem Hugleikur s\u00fdnir \u00ed kjallaranum, f\u00e9lagi\u00f0 hefur veri\u00f0 me\u00f0 reglulegar [&hellip;]<\/p>\n","protected":false},"author":3,"featured_media":1379,"comment_status":"open","ping_status":"open","sticky":false,"template":"","format":"standard","meta":{"_et_pb_use_builder":"","_et_pb_old_content":"","_et_gb_content_width":"","footnotes":""},"categories":[187],"tags":[],"class_list":["post-1380","post","type-post","status-publish","format-standard","has-post-thumbnail","hentry","category-allar-frir","et-has-post-format-content","et_post_format-et-post-format-standard"],"_links":{"self":[{"href":"https:\/\/leiklist.is\/en\/wp-json\/wp\/v2\/posts\/1380","targetHints":{"allow":["GET"]}}],"collection":[{"href":"https:\/\/leiklist.is\/en\/wp-json\/wp\/v2\/posts"}],"about":[{"href":"https:\/\/leiklist.is\/en\/wp-json\/wp\/v2\/types\/post"}],"author":[{"embeddable":true,"href":"https:\/\/leiklist.is\/en\/wp-json\/wp\/v2\/users\/3"}],"replies":[{"embeddable":true,"href":"https:\/\/leiklist.is\/en\/wp-json\/wp\/v2\/comments?post=1380"}],"version-history":[{"count":0,"href":"https:\/\/leiklist.is\/en\/wp-json\/wp\/v2\/posts\/1380\/revisions"}],"wp:featuredmedia":[{"embeddable":true,"href":"https:\/\/leiklist.is\/en\/wp-json\/"}],"wp:attachment":[{"href":"https:\/\/leiklist.is\/en\/wp-json\/wp\/v2\/media?parent=1380"}],"wp:term":[{"taxonomy":"category","embeddable":true,"href":"https:\/\/leiklist.is\/en\/wp-json\/wp\/v2\/categories?post=1380"},{"taxonomy":"post_tag","embeddable":true,"href":"https:\/\/leiklist.is\/en\/wp-json\/wp\/v2\/tags?post=1380"}],"curies":[{"name":"wp","href":"https:\/\/api.w.org\/{rel}","templated":true}]}}