{"id":1322,"date":"2007-03-26T09:00:04","date_gmt":"2007-03-26T09:00:04","guid":{"rendered":"http:\/\/wp.leiklist.is\/?p=1322"},"modified":"2007-03-26T09:00:04","modified_gmt":"2007-03-26T09:00:04","slug":"sin-komin-rdal","status":"publish","type":"post","link":"https:\/\/leiklist.is\/en\/sin-komin-rdal\/","title":{"rendered":"S\u00edldin komin \u00ed H\u00f6rg\u00e1rdal"},"content":{"rendered":"<p> Fimmtudagskv\u00f6ldi\u00f0 22. mars frums\u00fdndi Leikf\u00e9lag H\u00f6rgd\u00e6la leikriti\u00f0 S\u00edldin kemur og s\u00edldin fer eftir systurnar I\u00f0unni og Krist\u00ednu Steinsd\u00e6tur. <\/p>\n<p> Um er a\u00f0 r\u00e6\u00f0a gamanleik me\u00f0 s\u00f6ngvum og lifandi t\u00f3nlist sem fjallar um farandverkaf\u00f3lk \u00e1 s\u00edldar\u00e1runum, sorgir \u00feeirra og gle\u00f0i, \u00e1stir, afbr\u00fd\u00f0i og samskipti vi\u00f0 heimaf\u00f3lk.  <\/p>\n<p> Leikriti\u00f0 ver\u00f0ur s\u00fdnt \u00e1 Melum \u00ed H\u00f6rg\u00e1rdal \u00e1 f\u00f6studags- og laugardagskv\u00f6ldum kl. 20:30 \u00e1 n\u00e6stunni. <\/p>\n<p>  <!--more--> <\/p>\n<p> Rau\u00f0i \u00fer\u00e1\u00f0urinn er togstreitan milli s\u00edldarspek\u00falantsins og erfingja landsins sem plani\u00f0 stendur \u00e1 en s\u00e1 er ekki hrifinn af l\u00fd\u00f0num og \u00f3lifna\u00f0inum sem s\u00edldar\u00e6vint\u00fdrinu fylgir. Um er a\u00f0 r\u00e6\u00f0a vi\u00f0amiki\u00f0 verkefni hj\u00e1 leikf\u00e9laginu, t.d. koma a\u00f0 s\u00fdningunni milli 50 og 60 manns, \u00fear af 19 leikarar. <\/p>\n<p> Sunna Borg leikst\u00fdrir en hlj\u00f3\u00f0f\u00e6raleikur er \u00ed h\u00f6ndum \u00feeirra Snorra Gu\u00f0var\u00f0ssonar, J\u00f3ns Hr\u00f3lfssonar og Sigur\u00f0ar \u00d3la \u00de\u00f3rissonar. Leikmynd gerir Hallmundur Kristinsson og lj\u00f3sameistari er Ingvar Bj\u00f6rnsson.<\/p>\n<p> Mi\u00f0apantanir eru \u00ed s\u00edmum 864 7686 og 862 6821 milli kl. 17:00 og 19:00. <\/p>\n<p> {mos_fb_discuss:2}  <\/p>","protected":false},"excerpt":{"rendered":"<p>Fimmtudagskv\u00f6ldi\u00f0 22. mars frums\u00fdndi Leikf\u00e9lag H\u00f6rgd\u00e6la leikriti\u00f0 S\u00edldin kemur og s\u00edldin fer eftir systurnar I\u00f0unni og Krist\u00ednu Steinsd\u00e6tur. Um er a\u00f0 r\u00e6\u00f0a gamanleik me\u00f0 s\u00f6ngvum og lifandi t\u00f3nlist sem fjallar um farandverkaf\u00f3lk \u00e1 s\u00edldar\u00e1runum, sorgir \u00feeirra og gle\u00f0i, \u00e1stir, afbr\u00fd\u00f0i og samskipti vi\u00f0 heimaf\u00f3lk. Leikriti\u00f0 ver\u00f0ur s\u00fdnt \u00e1 Melum \u00ed H\u00f6rg\u00e1rdal \u00e1 f\u00f6studags- og laugardagskv\u00f6ldum [&hellip;]<\/p>\n","protected":false},"author":3,"featured_media":1321,"comment_status":"open","ping_status":"open","sticky":false,"template":"","format":"standard","meta":{"_et_pb_use_builder":"","_et_pb_old_content":"","_et_gb_content_width":"","footnotes":""},"categories":[187],"tags":[],"class_list":["post-1322","post","type-post","status-publish","format-standard","has-post-thumbnail","hentry","category-allar-frir","et-has-post-format-content","et_post_format-et-post-format-standard"],"_links":{"self":[{"href":"https:\/\/leiklist.is\/en\/wp-json\/wp\/v2\/posts\/1322","targetHints":{"allow":["GET"]}}],"collection":[{"href":"https:\/\/leiklist.is\/en\/wp-json\/wp\/v2\/posts"}],"about":[{"href":"https:\/\/leiklist.is\/en\/wp-json\/wp\/v2\/types\/post"}],"author":[{"embeddable":true,"href":"https:\/\/leiklist.is\/en\/wp-json\/wp\/v2\/users\/3"}],"replies":[{"embeddable":true,"href":"https:\/\/leiklist.is\/en\/wp-json\/wp\/v2\/comments?post=1322"}],"version-history":[{"count":0,"href":"https:\/\/leiklist.is\/en\/wp-json\/wp\/v2\/posts\/1322\/revisions"}],"wp:featuredmedia":[{"embeddable":true,"href":"https:\/\/leiklist.is\/en\/wp-json\/"}],"wp:attachment":[{"href":"https:\/\/leiklist.is\/en\/wp-json\/wp\/v2\/media?parent=1322"}],"wp:term":[{"taxonomy":"category","embeddable":true,"href":"https:\/\/leiklist.is\/en\/wp-json\/wp\/v2\/categories?post=1322"},{"taxonomy":"post_tag","embeddable":true,"href":"https:\/\/leiklist.is\/en\/wp-json\/wp\/v2\/tags?post=1322"}],"curies":[{"name":"wp","href":"https:\/\/api.w.org\/{rel}","templated":true}]}}