{"id":13134,"date":"2019-12-17T13:24:54","date_gmt":"2019-12-17T13:24:54","guid":{"rendered":"https:\/\/leiklist.is\/?p=13134"},"modified":"2020-03-04T10:53:24","modified_gmt":"2020-03-04T10:53:24","slug":"helgi-seljan-minningarord","status":"publish","type":"post","link":"https:\/\/leiklist.is\/en\/helgi-seljan-minningarord\/","title":{"rendered":"Helgi Seljan &#8211; minningaror\u00f0"},"content":{"rendered":"<p>Helgi Seljan, fyrrum forma\u00f0ur Bandalags \u00edslenskra leikf\u00e9laga er l\u00e1tinn. Helgi var einn af \u00f6flugustu f\u00e9l\u00f6gum hreyfingarinnar um \u00e1rabil. Hann t\u00f3k \u00fe\u00e1tt \u00ed leikstarfi sem ungur ma\u00f0ur og starfa\u00f0i me\u00f0 Leikf\u00e9lagi Rey\u00f0arfjar\u00f0ar fr\u00e1 stofnun \u00feess \u00e1ri\u00f0 1959 allt \u00fear til hann h\u00f3f st\u00f6rf \u00e1 leiksvi\u00f0i stj\u00f3rnm\u00e1lanna.\u00a0<\/p>\r\n\r\n\r\n\r\n<p>Helgi var stj\u00f3rnarma\u00f0ur \u00ed B\u00cdL \u00e1 \u00e1runum 1966-1976 og gegndi emb\u00e6tti formanns tv\u00f6 \u00e1r, 1972-1974. Sem al\u00feingisma\u00f0ur bar\u00f0ist hann fyrir hag leiklistarhreyfingarinnar m.a. me\u00f0 endursko\u00f0un laga um \u00e1hugaleikf\u00e9l\u00f6g.\u00a0<\/p>\r\n\r\n\r\n\r\n<p>Helgi var vinamargur og afar vel l\u00e1tinn af \u00feeim sem kynntust honum \u00ed leik og starfi. Hann var gle\u00f0igjafi og h\u00famoristi mikill sem birtist m.a. \u00ed grein sem hann skrifa\u00f0i fyrir s\u00f6gu Bandalags \u00edslenskra leikf\u00e9laga, Allt fyrir andann sem kom \u00fat \u00e1ri\u00f0 2008.\u00a0 \u00dear fjallar hann um kynni s\u00edn af leiklistinni og st\u00f6rf \u00e1 vegum Bandalagsins. \u00cd greininni birtir Helgi m.a. v\u00edsu sem vinur hans G\u00edsli Bj\u00f6rgvinsson kva\u00f0 um hann, \u00feegar Helgi n\u00e1\u00f0i kj\u00f6ri \u00e1 \u00feing. Var \u00fear v\u00edsa\u00f0 \u00ed eftirminnilegan leik Helga \u00ed hlutverki \u00feess \u00ed ne\u00f0ra \u00ed Gullna hli\u00f0inu:\u00a0<\/p>\r\n\r\n\r\n\r\n<p><em>S\u00f3tti \u00e1 \u00feing og s\u00e6ti vann<\/em><br \/><em>sigur kommum f\u00e6r\u00f0i.<\/em><br \/><em>Ungur l\u00e9k hann andskotann<\/em><br \/><em>af honum kl\u00e6ki l\u00e6r\u00f0i.<\/em><\/p>\r\n\r\n\r\n\r\n<p>Bandalag \u00edslenskra leikf\u00e9laga minnist Helga af hl\u00fdhug og \u00feakkl\u00e6ti og vottar fj\u00f6lskyldu og a\u00f0standendum sam\u00fa\u00f0.\u00a0<\/p>","protected":false},"excerpt":{"rendered":"<p>Helgi Seljan, fyrrum forma\u00f0ur Bandalags \u00edslenskra leikf\u00e9laga er l\u00e1tinn. Helgi var einn af \u00f6flugustu f\u00e9l\u00f6gum hreyfingarinnar um \u00e1rabil. Hann t\u00f3k \u00fe\u00e1tt \u00ed leikstarfi sem ungur ma\u00f0ur og starfa\u00f0i me\u00f0 Leikf\u00e9lagi Rey\u00f0arfjar\u00f0ar fr\u00e1 stofnun \u00feess \u00e1ri\u00f0 1959 allt \u00fear til hann h\u00f3f st\u00f6rf \u00e1 leiksvi\u00f0i stj\u00f3rnm\u00e1lanna.\u00a0 Helgi var stj\u00f3rnarma\u00f0ur \u00ed B\u00cdL \u00e1 \u00e1runum 1966-1976 og gegndi [&hellip;]<\/p>\n","protected":false},"author":3,"featured_media":19912,"comment_status":"closed","ping_status":"closed","sticky":false,"template":"","format":"standard","meta":{"_et_pb_use_builder":"","_et_pb_old_content":"","_et_gb_content_width":"","footnotes":""},"categories":[187,200,213],"tags":[],"class_list":["post-13134","post","type-post","status-publish","format-standard","has-post-thumbnail","hentry","category-allar-frir","category-markvert","category-vikupostur","et-has-post-format-content","et_post_format-et-post-format-standard"],"_links":{"self":[{"href":"https:\/\/leiklist.is\/en\/wp-json\/wp\/v2\/posts\/13134","targetHints":{"allow":["GET"]}}],"collection":[{"href":"https:\/\/leiklist.is\/en\/wp-json\/wp\/v2\/posts"}],"about":[{"href":"https:\/\/leiklist.is\/en\/wp-json\/wp\/v2\/types\/post"}],"author":[{"embeddable":true,"href":"https:\/\/leiklist.is\/en\/wp-json\/wp\/v2\/users\/3"}],"replies":[{"embeddable":true,"href":"https:\/\/leiklist.is\/en\/wp-json\/wp\/v2\/comments?post=13134"}],"version-history":[{"count":0,"href":"https:\/\/leiklist.is\/en\/wp-json\/wp\/v2\/posts\/13134\/revisions"}],"wp:featuredmedia":[{"embeddable":true,"href":"https:\/\/leiklist.is\/en\/wp-json\/wp\/v2\/media\/19912"}],"wp:attachment":[{"href":"https:\/\/leiklist.is\/en\/wp-json\/wp\/v2\/media?parent=13134"}],"wp:term":[{"taxonomy":"category","embeddable":true,"href":"https:\/\/leiklist.is\/en\/wp-json\/wp\/v2\/categories?post=13134"},{"taxonomy":"post_tag","embeddable":true,"href":"https:\/\/leiklist.is\/en\/wp-json\/wp\/v2\/tags?post=13134"}],"curies":[{"name":"wp","href":"https:\/\/api.w.org\/{rel}","templated":true}]}}