{"id":1298,"date":"2007-03-20T10:20:34","date_gmt":"2007-03-20T10:20:34","guid":{"rendered":"http:\/\/wp.leiklist.is\/?p=1298"},"modified":"2020-03-02T09:53:33","modified_gmt":"2020-03-02T09:53:33","slug":"varp-llega-barnaleikhginum","status":"publish","type":"post","link":"https:\/\/leiklist.is\/en\/varp-llega-barnaleikhginum\/","title":{"rendered":"\u00c1varp \u00e1 al\u00fej\u00f3\u00f0lega Barnaleikh\u00fasdeginum"},"content":{"rendered":"<p><em>20. mars 2007.<\/em><\/p>\n<p> \u00dea\u00f0 ver\u00f0ur aldrei l\u00f6g\u00f0 of mikil \u00e1hersla \u00e1 \u00fea\u00f0 hversu mikilv\u00e6gt gott leikh\u00fas er fyrir b\u00f6rn. B\u00f6rn eiga ekki au\u00f0velt me\u00f0 a\u00f0 segja okkur hvers vegna \u00feau eru rei\u00f0, hr\u00e6dd e\u00f0a fyrir hva\u00f0 \u00feau skammast s\u00edn og vi\u00f0 eigum stundum erfitt me\u00f0 a\u00f0 giska \u00e1 \u00fea\u00f0. Vanda\u00f0ar leiks\u00fdningar og g\u00f3\u00f0ar s\u00f6gur eru \u00feeirra s\u00e1lg\u00e6sla. G\u00f3\u00f0 saga sem hefur sl\u00edpast \u00ed me\u00f0f\u00f6rum kynsl\u00f3\u00f0 eftir kynsl\u00f3\u00f0 og b\u00fd\u00f0ur \u00feeim afgerandi lausn \u00fear sem allt fer vel a\u00f0 lokum og hi\u00f0 g\u00f3\u00f0a sigrar hi\u00f0 illa &#8211; h\u00fan getur hj\u00e1lpa\u00f0 \u00feeim a\u00f0 grei\u00f0a \u00far sterkum tilfinningum. \u00dea\u00f0 sama gildir um vel unna og \u00fathugsa\u00f0a barnaleiks\u00fdningu. <br \/>  <!--more--> <br \/> \u00dea\u00f0 vir\u00f0ist vera \u00ed t\u00edsku a\u00f0 sl\u00e1 um sig me\u00f0 fullyr\u00f0ingum um a\u00f0 leikh\u00fasi\u00f0 s\u00e9 dautt. Sorglegt ef satt v\u00e6ri, \u00fev\u00ed kannski hefur aldrei veri\u00f0 meiri \u00fe\u00f6rf fyrir leikh\u00fas en einmitt n\u00fana. B\u00e6\u00f0i fyrir b\u00f6rn og fullor\u00f0na. Og \u00fe\u00f3 einkum fyrir b\u00f6rn. Og helst fyrir fullor\u00f0na me\u00f0 b\u00f6rnum &#8211; n\u00fana \u00feegar hra\u00f0inn er svo mikill a\u00f0 b\u00f6rnin gleymast &#8211; jafnvel \u00e1 sunnud\u00f6gum. \u00deegar f\u00e6stir kunna lengur &#8211; e\u00f0a gefa s\u00e9r t\u00edma til &#8211; a\u00f0 segja b\u00f6rnum s\u00f6gur \u00e1 kv\u00f6ldin. Bili\u00f0 milli barna og fullor\u00f0inna vir\u00f0ist st\u00f6\u00f0ugt halda \u00e1fram a\u00f0 breikka. Vi\u00f0 fullor\u00f0na f\u00f3lki\u00f0 erum sm\u00e1m saman a\u00f0 hverfa brott \u00far umhverfi barnanna. Kynsl\u00f3\u00f0irnar eru h\u00f3lfa\u00f0ar eftir aldri og b\u00f6rn eru \u00ed \u00e6 r\u00edkara m\u00e6li me\u00f0h\u00f6ndlu\u00f0 sem h\u00f3pur &#8211; \u00ed leiksk\u00f3lanum, \u00ed sk\u00f3lanum og jafnvel \u00ed \u00e1horfendasalnum. \u00dea\u00f0 er f\u00e1tt skemmtilegra en a\u00f0 fara me\u00f0 b\u00f6rnum \u00ed leikh\u00fas. \u00c9g get ekki s\u00e9\u00f0 neitt sem kemur \u00ed sta\u00f0inn fyrir n\u00e1nd leikh\u00fassins, \u00feetta hl\u00fdja myrkur sem jafnframt er svo \u00f6ruggt af \u00fev\u00ed vi\u00f0 erum \u00fearna \u00f6ll saman \u00ed eigin pers\u00f3nu. Sumir a\u00f0 hlusta og horfa &#8211; a\u00f0rir a\u00f0 leika og segja fr\u00e1. <\/p>\n<p> \u00dea\u00f0 er e\u00f0li barna a\u00f0 lifa \u00ed n\u00fainu og \u00fea\u00f0 skyldi \u00fe\u00f3 ekki vera a\u00f0 s\u00fa ofvirkni sem herjar \u00e1 b\u00f6rn \u00ed dag stafi a\u00f0 hluta til af \u00fev\u00ed a\u00f0 vi\u00f0 gefum okkur ekki t\u00edma vegna okkar mikilv\u00e6gu starfa a\u00f0 koma inn \u00ed n\u00fai\u00f0 til \u00feeirra. \u00devert \u00e1 m\u00f3ti erum vi\u00f0 st\u00f6\u00f0ugt a\u00f0 reyna a\u00f0 draga \u00feau me\u00f0 okkur inn \u00ed okkar hr\u00f6\u00f0u tilveru. Galdur leikh\u00fassins er einmitt f\u00f3lginn \u00ed andartakinu. Og galdurinn \u00ed g\u00f3\u00f0u barnaleikh\u00fasi er f\u00f3lginn \u00ed a\u00f0 veita \u00e1horfendum s\u00ednum \u00feessa \u00f6ryggistilfinningu sem fylgir \u00fev\u00ed a\u00f0 vera saman \u00ed s\u00f6gu sem gr\u00edpur okkur  &#8211;  einmitt \u00ed \u00feessu andartaki &#8212; n\u00fana. <\/p>\n<p> B\u00f6rn hugsa miki\u00f0 um framt\u00ed\u00f0ina og kannski er munurinn \u00e1 \u00feeim og okkur fullor\u00f0na f\u00f3lkinu f\u00f3lginn \u00ed \u00fev\u00ed a\u00f0 \u00feau tr\u00faa \u00fev\u00ed a\u00f0 h\u00e6gt s\u00e9 a\u00f0 leysa vandam\u00e1l. \u00c9g tek undir me\u00f0 \u00feeim og tr\u00fai \u00fev\u00ed a\u00f0 vi\u00f0 eigum bara a\u00f0 halda  \u00e1fram a\u00f0 leggja okkur fram vi\u00f0 a\u00f0 skapa gott barnaleikh\u00fas. \u00de\u00e1 fer allt vel a\u00f0 lokum!<\/p>\n<p> Til hamingju me\u00f0 daginn!<\/p>\n<p> <em> Hallveig Thorlacius.<\/em><\/p>","protected":false},"excerpt":{"rendered":"<p>20. mars 2007. \u00dea\u00f0 ver\u00f0ur aldrei l\u00f6g\u00f0 of mikil \u00e1hersla \u00e1 \u00fea\u00f0 hversu mikilv\u00e6gt gott leikh\u00fas er fyrir b\u00f6rn. B\u00f6rn eiga ekki au\u00f0velt me\u00f0 a\u00f0 segja okkur hvers vegna \u00feau eru rei\u00f0, hr\u00e6dd e\u00f0a fyrir hva\u00f0 \u00feau skammast s\u00edn og vi\u00f0 eigum stundum erfitt me\u00f0 a\u00f0 giska \u00e1 \u00fea\u00f0. Vanda\u00f0ar leiks\u00fdningar og g\u00f3\u00f0ar s\u00f6gur eru [&hellip;]<\/p>\n","protected":false},"author":3,"featured_media":0,"comment_status":"open","ping_status":"open","sticky":false,"template":"","format":"standard","meta":{"_et_pb_use_builder":"","_et_pb_old_content":"","_et_gb_content_width":"","footnotes":""},"categories":[200],"tags":[],"class_list":["post-1298","post","type-post","status-publish","format-standard","hentry","category-markvert","et-doesnt-have-format-content","et_post_format-et-post-format-standard"],"_links":{"self":[{"href":"https:\/\/leiklist.is\/en\/wp-json\/wp\/v2\/posts\/1298","targetHints":{"allow":["GET"]}}],"collection":[{"href":"https:\/\/leiklist.is\/en\/wp-json\/wp\/v2\/posts"}],"about":[{"href":"https:\/\/leiklist.is\/en\/wp-json\/wp\/v2\/types\/post"}],"author":[{"embeddable":true,"href":"https:\/\/leiklist.is\/en\/wp-json\/wp\/v2\/users\/3"}],"replies":[{"embeddable":true,"href":"https:\/\/leiklist.is\/en\/wp-json\/wp\/v2\/comments?post=1298"}],"version-history":[{"count":0,"href":"https:\/\/leiklist.is\/en\/wp-json\/wp\/v2\/posts\/1298\/revisions"}],"wp:attachment":[{"href":"https:\/\/leiklist.is\/en\/wp-json\/wp\/v2\/media?parent=1298"}],"wp:term":[{"taxonomy":"category","embeddable":true,"href":"https:\/\/leiklist.is\/en\/wp-json\/wp\/v2\/categories?post=1298"},{"taxonomy":"post_tag","embeddable":true,"href":"https:\/\/leiklist.is\/en\/wp-json\/wp\/v2\/tags?post=1298"}],"curies":[{"name":"wp","href":"https:\/\/api.w.org\/{rel}","templated":true}]}}