{"id":1297,"date":"2007-03-20T09:19:27","date_gmt":"2007-03-20T09:19:27","guid":{"rendered":"http:\/\/wp.leiklist.is\/?p=1297"},"modified":"2007-03-20T09:19:27","modified_gmt":"2007-03-20T09:19:27","slug":"hugleikur-frums-epli-og-eikur","status":"publish","type":"post","link":"https:\/\/leiklist.is\/en\/hugleikur-frums-epli-og-eikur\/","title":{"rendered":"Hugleikur frums\u00fdnir Epli og eikur"},"content":{"rendered":"<p> Epli og eikur er gamanleikur me\u00f0 s\u00f6ngvum sem Hugleikur frums\u00fdnir \u00ed M\u00f6guleikh\u00fasinu f\u00f6studaginn 23. mars. H\u00f6fundur er \u00de\u00f3runn Gu\u00f0mundsd\u00f3ttir og leikstj\u00f3ri er Oddur Bjarni \u00deorkelsson.  <\/p>\n<p> Verki\u00f0 fjallar um \u00e1stir og \u00e1hugam\u00e1l nokkurra einstaklinga sem tengjast \u00fdmsum b\u00f6ndum. Hin margslungnu samskipti pers\u00f3nanna \u00fer\u00f3ast \u00e1 fyndinn og bl\u00e6brig\u00f0ar\u00edkan h\u00e1tt \u00fear sem \u00fdmsum br\u00f6g\u00f0um er beitt vi\u00f0 pers\u00f3nusk\u00f6pun og allt litr\u00f3f tungum\u00e1lsins er lagt undir, eins og h\u00f6fundi einum er lagi\u00f0. <\/p>\n<p>  <!--more--> <img loading=\"lazy\" decoding=\"async\" class=\"alignleft size-full wp-image-1296\" style=\"margin: 12px; float: left\" src=\"https:\/\/leiklist.is\/wp-content\/uploads\/2007\/03\/Adildarfelog_Sudvestur_Hugleikur_0607_Epli_og_eikur_epliogeikur-small.gif\" alt=\"epliogeikur-small.gif\" title=\"epliogeikur-small.gif\" width=\"249\" height=\"404\" \/><strong>\u00de\u00f3runn Gu\u00f0mundsd\u00f3ttir, <\/strong>h\u00f6fundur verksins, hefur doktorsgr\u00e1\u00f0u \u00ed \u00f3perus\u00f6ng og hefur um langt skei\u00f0 starfa\u00f0 sem s\u00f6ngkennari, auk \u00feess a\u00f0 vera afkastamiki\u00f0 leiksk\u00e1ld. Verk hennar \u00ed fullri lengd sem tekin hafa veri\u00f0 til s\u00fdninga hj\u00e1 Hugleik eru: Kolrassa (2001) Kleinur (2004, r\u00f6\u00f0 ein\u00fe\u00e1ttunga) og Systur, sem s\u00fdnt var \u00ed fyrra. Auk \u00feessa hefur f\u00e9lagi\u00f0 s\u00fdnt fj\u00f6lda ein\u00fe\u00e1ttunga eftir hana. \u00de\u00f3runn hefur slegi\u00f0 eftirminnilega \u00ed gegn me\u00f0 verkum s\u00ednum og \u00feykir jafnv\u00edg \u00e1 \u00f6llum v\u00edgst\u00f6\u00f0vum, hvort sem h\u00fan skrifar dramat\u00edk e\u00f0a gamanverk, rauns\u00e6isverk e\u00f0a \u00e6vint\u00fdri. \u00cd sumum verka hennar, eins og \u00feessu, semur h\u00fan t\u00f3nlist og er \u00fear einstaklega vel \u00e1 heimavelli. S\u00f6ngleikur hennar, Kolrassa, sem Hugleikur setti upp vori\u00f0 2001, f\u00e9kk til d\u00e6mis f\u00e1d\u00e6ma a\u00f0s\u00f3kn og miki\u00f0 lof gagnr\u00fdnenda sem annarra \u00e1horfenda.<\/p>\n<p> <strong>Oddur Bjarni \u00deorkelsson<\/strong> leikst\u00fdrir verkinu. Hann hefur ekki leikst\u00fdrt \u00e1\u00f0ur hj\u00e1 Hugleik, en hefur geti\u00f0 s\u00e9r gott or\u00f0 sem leikstj\u00f3ri hj\u00e1 leikh\u00f3pum v\u00ed\u00f0a um land. Hann nam leikstj\u00f3rn \u00ed leiklistarsk\u00f3la Old Vic \u00ed Bristol og hefur starfa\u00f0 vi\u00f0 leikstj\u00f3rn \u00f3sliti\u00f0 s\u00ed\u00f0an hann kom \u00far \u00fev\u00ed n\u00e1mi. Hann hefur me\u00f0al annars unni\u00f0 miki\u00f0 me\u00f0 Leikf\u00e9lagi Flj\u00f3tsadsh\u00e9ra\u00f0s, Freyvangsleikh\u00fasinu og Leikf\u00e9lagi H\u00fasav\u00edkur auk \u00feess sem hann er einn af stofnendum leikh\u00f3psins Kl\u00e1usar og hefur leikst\u00fdrt me\u00f0 \u00feeim verkunum Rita gengur menntaveginn eftir Willy Russell sem s\u00fdnt var \u00e1 H\u00fasav\u00edk hausti\u00f0 2005 og Ri\u00f0i\u00f0 inn \u00ed s\u00f3larlagi\u00f0 eftir breska h\u00f6fundinn \u00d6nnu Reynolds sem var s\u00fdnt \u00ed Borgarleikh\u00fasinu vor 2005. Hann leikst\u00fdr\u00f0i einnig einleiknum Ten\u00f3r\u00ednn sem s\u00fdndur var \u00ed I\u00f0n\u00f3 \u00e1 \u00e1runum 2003-2004.<\/p>\n<p> Leikf\u00e9lagi\u00f0 <strong>Hugleikur <\/strong>hefur starfa\u00f0 \u00f3sliti\u00f0  \u00ed Reykjav\u00edk fr\u00e1 \u00e1rinu 1983 og eru verk sem f\u00e9lagi\u00f0 hefur sett upp farin a\u00f0 n\u00e1lgast hundra\u00f0 talsins. F\u00e9lagi\u00f0 setur eing\u00f6ngu upp frumsamin verk eftir f\u00e9lagsmenn og hafa h\u00f6fundar \u00far r\u00f6\u00f0um Hugleiks einnig skrifa\u00f0 fyrir merkustu leiklistarstofnanir landsins, svo sem Sj\u00f3nvarpi\u00f0, Leikf\u00e9lag Akureyrar og \u00dej\u00f3\u00f0leikh\u00fasi\u00f0 auk fj\u00f6lda  \u00e1hugaleikf\u00e9laga. <\/p>\n<p> Undanfarin \u00e1r hefur Hugleikur, auk uppsetninga lengri verka og n\u00e1mskei\u00f0ahalds fyrir f\u00e9lagsmenn, veri\u00f0 me\u00f0 m\u00e1na\u00f0arlegar dagskr\u00e1r \u00ed \u00dej\u00f3\u00f0leikh\u00faskjallaranum sem samsettar eru a\u00f0 mestu \u00far styttri leik\u00fe\u00e1ttum. <\/p>\n<p> S\u00fdningar f\u00e9lagsins hafa jafnan veri\u00f0 vins\u00e6lar og vel s\u00f3ttar og hefur f\u00e9lagi\u00f0 n\u00e1\u00f0 a\u00f0 stimpla sig inn og skapa s\u00e9r s\u00e9rst\u00f6\u00f0u \u00ed leikh\u00fasfl\u00f3ru h\u00f6fu\u00f0borgarsv\u00e6\u00f0isins. Gamans\u00fdningar hafa l\u00f6ngum \u00fe\u00f3tt a\u00f0alsmerki Hugleiks \u00fe\u00f3 svo a\u00f0 undanfarin \u00e1r hafi f\u00e9lagi\u00f0 veri\u00f0 a\u00f0 \u00fereifa sig \u00e1fram me\u00f0 dramat\u00edskari verk inn \u00e1 milli.<\/p>\n<p> Hugleikur f\u00e9kk vi\u00f0urkenningu fr\u00e1 Menntam\u00e1lar\u00e1\u00f0herra \u00e1 degi \u00edslenskrar tungu \u00ed n\u00f3vember s\u00ed\u00f0astli\u00f0num fyrir \u00f6flugt starf og frumlega notkun \u00e1 tungum\u00e1linu. Hugleikur er fyrsta leiklistarstofnunin til a\u00f0 hlj\u00f3ta sl\u00edka vi\u00f0urkenningu.<\/p>\n<p> Einnig var n\u00fdlega undirrita\u00f0ur samstarfssamningur vi\u00f0 Reykjav\u00edkurborg um starfsemi f\u00e9lagsins \u00e1 n\u00e6stu \u00e1rum en Hugleikur er fyrsta \u00e1hugaleikf\u00e9lagi\u00f0 sem Reykjav\u00edkurborg gerir sl\u00edkan samning vi\u00f0. <\/p>\n<div> <span style=\"font-family: Helvetica\" class=\"Apple-style-span\"><br \/> <\/span> <\/div>\n<div> {mos_fb_discuss:2} <\/div>","protected":false},"excerpt":{"rendered":"<p>Epli og eikur er gamanleikur me\u00f0 s\u00f6ngvum sem Hugleikur frums\u00fdnir \u00ed M\u00f6guleikh\u00fasinu f\u00f6studaginn 23. mars. H\u00f6fundur er \u00de\u00f3runn Gu\u00f0mundsd\u00f3ttir og leikstj\u00f3ri er Oddur Bjarni \u00deorkelsson. Verki\u00f0 fjallar um \u00e1stir og \u00e1hugam\u00e1l nokkurra einstaklinga sem tengjast \u00fdmsum b\u00f6ndum. Hin margslungnu samskipti pers\u00f3nanna \u00fer\u00f3ast \u00e1 fyndinn og bl\u00e6brig\u00f0ar\u00edkan h\u00e1tt \u00fear sem \u00fdmsum br\u00f6g\u00f0um er beitt vi\u00f0 pers\u00f3nusk\u00f6pun [&hellip;]<\/p>\n","protected":false},"author":3,"featured_media":1295,"comment_status":"open","ping_status":"open","sticky":false,"template":"","format":"standard","meta":{"_et_pb_use_builder":"","_et_pb_old_content":"","_et_gb_content_width":"","footnotes":""},"categories":[187],"tags":[],"class_list":["post-1297","post","type-post","status-publish","format-standard","has-post-thumbnail","hentry","category-allar-frir","et-has-post-format-content","et_post_format-et-post-format-standard"],"_links":{"self":[{"href":"https:\/\/leiklist.is\/en\/wp-json\/wp\/v2\/posts\/1297","targetHints":{"allow":["GET"]}}],"collection":[{"href":"https:\/\/leiklist.is\/en\/wp-json\/wp\/v2\/posts"}],"about":[{"href":"https:\/\/leiklist.is\/en\/wp-json\/wp\/v2\/types\/post"}],"author":[{"embeddable":true,"href":"https:\/\/leiklist.is\/en\/wp-json\/wp\/v2\/users\/3"}],"replies":[{"embeddable":true,"href":"https:\/\/leiklist.is\/en\/wp-json\/wp\/v2\/comments?post=1297"}],"version-history":[{"count":0,"href":"https:\/\/leiklist.is\/en\/wp-json\/wp\/v2\/posts\/1297\/revisions"}],"wp:featuredmedia":[{"embeddable":true,"href":"https:\/\/leiklist.is\/en\/wp-json\/"}],"wp:attachment":[{"href":"https:\/\/leiklist.is\/en\/wp-json\/wp\/v2\/media?parent=1297"}],"wp:term":[{"taxonomy":"category","embeddable":true,"href":"https:\/\/leiklist.is\/en\/wp-json\/wp\/v2\/categories?post=1297"},{"taxonomy":"post_tag","embeddable":true,"href":"https:\/\/leiklist.is\/en\/wp-json\/wp\/v2\/tags?post=1297"}],"curies":[{"name":"wp","href":"https:\/\/api.w.org\/{rel}","templated":true}]}}